{"id":2770,"date":"2015-10-23T18:10:14","date_gmt":"2015-10-23T20:10:14","guid":{"rendered":"http:\/\/ne2.caritas.org.br.s174889.gridserver.com\/?p=2770"},"modified":"2017-07-11T15:19:09","modified_gmt":"2017-07-11T18:19:09","slug":"intercambio-piaj-proporciona-troca-de-saberes-entre-agentes-caritas-norte-nordeste-2","status":"publish","type":"post","link":"https:\/\/www.caritasne2.org.br\/site\/intercambio-piaj-proporciona-troca-de-saberes-entre-agentes-caritas-norte-nordeste-2\/","title":{"rendered":"Interc\u00e2mbio do PIAJ proporciona troca de saberes entre agentes C\u00e1ritas do Norte 2 e Nordeste 2"},"content":{"rendered":"<p style=\"text-align: justify;\">De 26 a 30 de outubro, agentes C\u00e1ritas vindos do Par\u00e1, territ\u00f3rio da C\u00e1ritas Norte 2, ir\u00e3o conhecer os trabalhos desenvolvidos pelo Programa de Inf\u00e2ncia, Adolesc\u00eancia e Juventude (PIAJ), da C\u00e1ritas Diocesana de Penedo (Regional Nordeste 2), no munic\u00edpio de Arapiraca, no interior alagoano.<\/p>\n<p style=\"text-align: justify;\">O evento, chamado de \u201cInterc\u00e2mbio de Saberes\u201d, tem como tema \u201cCompartilhar viv\u00eancias para transformar\u201d e, como lema, a passagem b\u00edblica \u201cE Ele crescia em estatura, sabedoria e gra\u00e7a\u201d (Lc 2,52). No encontro, ser\u00e3o feitas apresenta\u00e7\u00f5es, discuss\u00f5es, no Espa\u00e7o Belo Horizonte, em Campo Alegre (AL), e tamb\u00e9m visitas aos atendidos pelas iniciativas do PIAJ realizadas na regi\u00e3o.<\/p>\n<p style=\"text-align: justify;\">Atualmente, a C\u00e1ritas Diocesana de Penedo acompanha cerca de 150 crian\u00e7as e adolescentes, que est\u00e3o diretamente envolvidos nas a\u00e7\u00f5es de promo\u00e7\u00e3o humana e de desenvolvimento sustent\u00e1vel. Em Arapiraca, por exemplo, a a\u00e7\u00e3o dos agentes da C\u00e1ritas \u00e9 voltada \u00e0 educa\u00e7\u00e3o, inclus\u00e3o digital e difus\u00e3o da cultura local, focando, sobretudo, nos filhos de catadores de material recicl\u00e1vel do lix\u00e3o da Mangabeira, aterro sanit\u00e1rio conhecido na cidade. Quanto aos catadores, h\u00e1 um trabalho de conscientiza\u00e7\u00e3o, por parte da C\u00e1ritas, contra o trabalho de crian\u00e7as, adolescentes e jovens.<\/p>\n<p style=\"text-align: justify;\">Na oportunidade, os agentes C\u00e1ritas da A\u00e7\u00e3o Social Diocesana de Cajazeiras (ASDICA) ir\u00e3o apresentar aos visitantes os resultados do programa que atende menores em situa\u00e7\u00e3o de risco social na periferia de Cajazeiras, no interior paraibano. Nessa regi\u00e3o, as a\u00e7\u00f5es do PIAJ tamb\u00e9m s\u00e3o desenvolvidas atrav\u00e9s de parcerias, entre elas com a Pastoral do Menor.<\/p>\n<p style=\"text-align: justify;\">Segundo a pedagoga e coordenadora do PIAJ (Regional NE2), Bibiana Santana, a expectativa de receber o grupo, vindo do Norte do pa\u00eds, \u00e9 grande em fun\u00e7\u00e3o da possibilidade de aprimorar, cada vez mais, os projetos em ambas as regi\u00f5es, com a troca de experi\u00eancias. \u201cVamos compartilhar nossas viv\u00eancias e saberes, na perspectiva da constru\u00e7\u00e3o de uma sociedade melhor, da transforma\u00e7\u00e3o das realidades negativas em constru\u00e7\u00f5es positivas\u201d, ressalta a pedagoga.<\/p>\n<p style=\"text-align: justify;\">Essa oportunidade entre os dois regionais da C\u00e1ritas (Norte 2 e Nordeste 2) \u00e9 a segunda etapa do interc\u00e2mbio. Em novembro do ano passado, o grupo do Nordeste 2 visitou os projetos na cidade paraense de Camet\u00e1. No Par\u00e1, as a\u00e7\u00f5es da C\u00e1ritas Norte 2 tem como objetivo erradicar o trabalho infantil, combater a explora\u00e7\u00e3o sexual de crian\u00e7as e adolescentes, bem como fomentar a cultura regional das comunidades ribeirinhas. \u201cNa oportunidade, vimos uma realidade bem dif\u00edcil de ser enfrentada, mas, com a criatividade para buscar parcerias e a disposi\u00e7\u00e3o dos volunt\u00e1rios, percebemos que eles acreditam que podem melhorar e continuam na luta, n\u00e3o desistem. E esperamos que as nossas experi\u00eancias possam ajud\u00e1-los e motiv\u00e1-los ainda mais no trabalho que j\u00e1 existe\u201d, completou Bibiana Santana.<\/p>\n<p style=\"text-align: justify;\">O interc\u00e2mbio tamb\u00e9m contar\u00e1 com a participa\u00e7\u00e3o e troca de experi\u00eancia entre representantes da C\u00e1ritas Brasileira (Secretariado Nacional), Regional Cear\u00e1, al\u00e9m de representa\u00e7\u00f5es das C\u00e1ritas Arquidiocesanas e Diocesanas de Pesqueira (PE), Guarabira (PB), Macei\u00f3 e Palmeira dos \u00cdndios (AL).<\/p>\n<p style=\"text-align: justify;\">Por Wagner Ces\u00e1rio | Assessoria de Comunica\u00e7\u00e3o do Regional NE2<\/p>\n<p>&nbsp;<\/p>\n<ul class=\"ssb_list_wrapper\"><li class=\"fb2\" style=\"width:135px\"><iframe src=\"\/\/www.facebook.com\/plugins\/like.php?href=https%3A%2F%2Fwww.caritasne2.org.br%2Fsite%2Fintercambio-piaj-proporciona-troca-de-saberes-entre-agentes-caritas-norte-nordeste-2%2F&amp;layout=button_count&amp;action=like&amp;show_faces=false&amp;share=true&amp;width=135&amp;height=21&amp;appId=307091639398582\" scrolling=\"no\" frameborder=\"0\" style=\"border:none; overflow:hidden;  width:150px; height:21px;\" allowTransparency=\"true\"><\/iframe><\/li><li class=\"twtr\" style=\"width:90px\"><a href=\"https:\/\/twitter.com\/share\" class=\"twitter-share-button\" data-url=\"https:\/\/www.caritasne2.org.br\/site\/intercambio-piaj-proporciona-troca-de-saberes-entre-agentes-caritas-norte-nordeste-2\/\">&nbsp;<\/a><script>!function(d,s,id){var js,fjs=d.getElementsByTagName(s)[0],p=\/^http:\/.test(d.location)?'http':'https';if(!d.getElementById(id)){js=d.createElement(s);js.id=id;js.src=p+':\/\/platform.twitter.com\/widgets.js';fjs.parentNode.insertBefore(js,fjs);}}(document, 'script', 'twitter-wjs');<\/script><\/li><li class=\"gplus\" style=\"width:68px\"><div class=\"g-plusone\" data-size=\"medium\" data-href=\"https:\/\/www.caritasne2.org.br\/site\/intercambio-piaj-proporciona-troca-de-saberes-entre-agentes-caritas-norte-nordeste-2\/\"><\/div><\/li><li class=\"ssb_linkedin\" style=\"width:64px\"><script src=\"\/\/platform.linkedin.com\/in.js\" type=\"text\/javascript\">lang: en_US<\/script><script type=\"IN\/Share\" data-url=\"https:\/\/www.caritasne2.org.br\/site\/intercambio-piaj-proporciona-troca-de-saberes-entre-agentes-caritas-norte-nordeste-2\/\" data-counter=\"right\"><\/script><\/li><\/ul>","protected":false},"excerpt":{"rendered":"<p>De 26 a 30 de outubro, agentes C\u00e1ritas vindos do Par\u00e1, territ\u00f3rio da C\u00e1ritas Norte 2, ir\u00e3o conhecer os trabalhos desenvolvidos pelo Programa de Inf\u00e2ncia, Adolesc\u00eancia e Juventude (PIAJ), da C\u00e1ritas Diocesana de Penedo (Regional Nordeste 2), no munic\u00edpio de Arapiraca, no interior alagoano. O evento, chamado de \u201cInterc\u00e2mbio de Saberes\u201d, tem como tema \u201cCompartilhar viv\u00eancias para transformar\u201d e, como lema, a passagem b\u00edblica \u201cE [&hellip;]<\/p>\n<ul class=\"ssb_list_wrapper\"><li class=\"fb2\" style=\"width:135px\"><iframe src=\"\/\/www.facebook.com\/plugins\/like.php?href=https%3A%2F%2Fwww.caritasne2.org.br%2Fsite%2Fintercambio-piaj-proporciona-troca-de-saberes-entre-agentes-caritas-norte-nordeste-2%2F&amp;layout=button_count&amp;action=like&amp;show_faces=false&amp;share=true&amp;width=135&amp;height=21&amp;appId=307091639398582\" scrolling=\"no\" frameborder=\"0\" style=\"border:none; overflow:hidden;  width:150px; height:21px;\" allowTransparency=\"true\"><\/iframe><\/li><li class=\"twtr\" style=\"width:90px\"><a href=\"https:\/\/twitter.com\/share\" class=\"twitter-share-button\" data-url=\"https:\/\/www.caritasne2.org.br\/site\/intercambio-piaj-proporciona-troca-de-saberes-entre-agentes-caritas-norte-nordeste-2\/\">&nbsp;<\/a><script>!function(d,s,id){var js,fjs=d.getElementsByTagName(s)[0],p=\/^http:\/.test(d.location)?'http':'https';if(!d.getElementById(id)){js=d.createElement(s);js.id=id;js.src=p+':\/\/platform.twitter.com\/widgets.js';fjs.parentNode.insertBefore(js,fjs);}}(document, 'script', 'twitter-wjs');<\/script><\/li><li class=\"gplus\" style=\"width:68px\"><div class=\"g-plusone\" data-size=\"medium\" data-href=\"https:\/\/www.caritasne2.org.br\/site\/intercambio-piaj-proporciona-troca-de-saberes-entre-agentes-caritas-norte-nordeste-2\/\"><\/div><\/li><li class=\"ssb_linkedin\" style=\"width:64px\"><script src=\"\/\/platform.linkedin.com\/in.js\" type=\"text\/javascript\">lang: en_US<\/script><script type=\"IN\/Share\" data-url=\"https:\/\/www.caritasne2.org.br\/site\/intercambio-piaj-proporciona-troca-de-saberes-entre-agentes-caritas-norte-nordeste-2\/\" data-counter=\"right\"><\/script><\/li><\/ul>","protected":false},"author":4,"featured_media":2773,"comment_status":"open","ping_status":"open","sticky":false,"template":"","format":"standard","meta":[],"categories":[20,466,105],"tags":[67,594,85,227,595,87],"_links":{"self":[{"href":"https:\/\/www.caritasne2.org.br\/site\/wp-json\/wp\/v2\/posts\/2770"}],"collection":[{"href":"https:\/\/www.caritasne2.org.br\/site\/wp-json\/wp\/v2\/posts"}],"about":[{"href":"https:\/\/www.caritasne2.org.br\/site\/wp-json\/wp\/v2\/types\/post"}],"author":[{"embeddable":true,"href":"https:\/\/www.caritasne2.org.br\/site\/wp-json\/wp\/v2\/users\/4"}],"replies":[{"embeddable":true,"href":"https:\/\/www.caritasne2.org.br\/site\/wp-json\/wp\/v2\/comments?post=2770"}],"version-history":[{"count":0,"href":"https:\/\/www.caritasne2.org.br\/site\/wp-json\/wp\/v2\/posts\/2770\/revisions"}],"wp:featuredmedia":[{"embeddable":true,"href":"https:\/\/www.caritasne2.org.br\/site\/wp-json\/"}],"wp:attachment":[{"href":"https:\/\/www.caritasne2.org.br\/site\/wp-json\/wp\/v2\/media?parent=2770"}],"wp:term":[{"taxonomy":"category","embeddable":true,"href":"https:\/\/www.caritasne2.org.br\/site\/wp-json\/wp\/v2\/categories?post=2770"},{"taxonomy":"post_tag","embeddable":true,"href":"https:\/\/www.caritasne2.org.br\/site\/wp-json\/wp\/v2\/tags?post=2770"}],"curies":[{"name":"wp","href":"https:\/\/api.w.org\/{rel}","templated":true}]}}