{"id":2757,"date":"2015-10-22T14:49:24","date_gmt":"2015-10-22T16:49:24","guid":{"rendered":"http:\/\/ne2.caritas.org.br.s174889.gridserver.com\/?p=2757"},"modified":"2017-07-11T15:19:09","modified_gmt":"2017-07-11T18:19:09","slug":"dom-jose-salles-e-reeleito-coordenador-regional-das-pastorais-sociais","status":"publish","type":"post","link":"https:\/\/www.caritasne2.org.br\/site\/dom-jose-salles-e-reeleito-coordenador-regional-das-pastorais-sociais\/","title":{"rendered":"Dom Jos\u00e9 Salles \u00e9 reeleito coordenador regional das Pastorais Sociais"},"content":{"rendered":"<p>Representantes de quinze dioceses do Regional NE2 estiveram reunidos, de 16 a 18 de outubro, na 24\u00aa Assembleia Regional das Pastorais Sociais, em Caic\u00f3 (RN). Na ocasi\u00e3o, para o pr\u00f3ximo quadri\u00eanio, foram reconduzidos, na forma de vota\u00e7\u00e3o, aos cargos de bispo referencial, Dom Jos\u00e9 Luiz Ferreira Salles, de Pesqueira, e articulador regional, Marcos Aur\u00e9lio Campinas Bezerra, que tamb\u00e9m \u00e9 articulador estadual do Programa de Economia Popular Solid\u00e1ria da C\u00e1ritas Brasileira NE2 (vide lista completa no final).<\/p>\n<p>Al\u00e9m da elei\u00e7\u00e3o, foram discutidas tamb\u00e9m as a\u00e7\u00f5es desenvolvidas nos \u00faltimos anos e planejadas as do pr\u00f3ximo quadri\u00eanio, bem como socializados os resultados das Oficinas de Fortalecimento e Revitaliza\u00e7\u00e3o, ocorridas em 19 dioceses.<\/p>\n<p>O encontro, com o tema \u201cPastorais e Movimentos Sociais na Luta por Direitos e em Defesa da Casa Comum\u201d, foi conduzido pelo assessor nacional da Comiss\u00e3o 8, da CNBB, Padre Ari Ant\u00f4nio dos Reis. A partir da metodologia, os participantes puderam reconhecer as prioridades internas (organiza\u00e7\u00e3o, sustentabilidade, articula\u00e7\u00e3o), externas (incid\u00eancia social, eclesial e pol\u00edtica) e a\u00e7\u00f5es transversais.<\/p>\n<p>Composi\u00e7\u00e3o da coordena\u00e7\u00e3o do Setor Pastoral Social do Regional NE 2 da CNBB:<\/p>\n<p><strong>Bispo Acompanhante:<\/strong> Dom Jos\u00e9 Luis Ferreira Salles, CssR<\/p>\n<p><strong>Articulador:<\/strong> Marcos Aur\u00e9lio Campinas Bezerra<\/p>\n<p><strong>Articuladores da Prov\u00edncia de Natal:<\/strong> Di\u00e1cono Marcio F. de Andrade (Arquidiocese de Natal)<\/p>\n<p><strong>Suplente:<\/strong> Francisca Fabiana da Silva (Diocese de Caic\u00f3)<\/p>\n<p><strong>Articuladores da Prov\u00edncia da Para\u00edba:<\/strong> Roberto Jefferson Normando (Diocese de Campina Grande)<\/p>\n<p><strong>Suplente:<\/strong> Maria S\u00f4nia Nascimento Pereira (Diocese de Patos)<\/p>\n<p><strong>Articuladores da Prov\u00edncia de Pernambuco<\/strong>: Pe. Luciano Lima (Diocese de Salgueiro)<\/p>\n<p><strong>Suplente:<\/strong> Celidalva de oliveira Veloso (Diocese de Palmares)<\/p>\n<p><strong>Articuladores da Prov\u00edncia de Macei\u00f3<\/strong>: Pe. Jos\u00e9 da Silva (Diocese de Palmeira dos Indios)<\/p>\n<p><strong>Suplente:<\/strong> Zenus Dinys Feitoza dos Santos (Arquidiocese de Macei\u00f3)<\/p>\n<p><strong>Pastorais Espec\u00edficas:<\/strong> Comiss\u00e3o Pastoral da Terra (CPT), Conselho Pastoral dos Pescadores (CPP), Pastoral do Menor (PASMEN), Servi\u00e7o Pastoral dos Migrantes (SPM) e Pastoral da Pessoa Idosa (PPI).<\/p>\n<p><em>Por Wagner Cesario \u2013 Assessoria de Comunica\u00e7\u00e3o da C\u00e1ritas Brasileira NE2<\/em><\/p>\n<p><em>Com informa\u00e7\u00f5es da Comiss\u00e3o Pastoral para o Servi\u00e7o da Caridade, da Justi\u00e7a e da Paz (CNBB NE2)<\/em><\/p>\n<ul class=\"ssb_list_wrapper\"><li class=\"fb2\" style=\"width:135px\"><iframe src=\"\/\/www.facebook.com\/plugins\/like.php?href=https%3A%2F%2Fwww.caritasne2.org.br%2Fsite%2Fdom-jose-salles-e-reeleito-coordenador-regional-das-pastorais-sociais%2F&amp;layout=button_count&amp;action=like&amp;show_faces=false&amp;share=true&amp;width=135&amp;height=21&amp;appId=307091639398582\" scrolling=\"no\" frameborder=\"0\" style=\"border:none; overflow:hidden;  width:150px; height:21px;\" allowTransparency=\"true\"><\/iframe><\/li><li class=\"twtr\" style=\"width:90px\"><a href=\"https:\/\/twitter.com\/share\" class=\"twitter-share-button\" data-url=\"https:\/\/www.caritasne2.org.br\/site\/dom-jose-salles-e-reeleito-coordenador-regional-das-pastorais-sociais\/\">&nbsp;<\/a><script>!function(d,s,id){var js,fjs=d.getElementsByTagName(s)[0],p=\/^http:\/.test(d.location)?'http':'https';if(!d.getElementById(id)){js=d.createElement(s);js.id=id;js.src=p+':\/\/platform.twitter.com\/widgets.js';fjs.parentNode.insertBefore(js,fjs);}}(document, 'script', 'twitter-wjs');<\/script><\/li><li class=\"gplus\" style=\"width:68px\"><div class=\"g-plusone\" data-size=\"medium\" data-href=\"https:\/\/www.caritasne2.org.br\/site\/dom-jose-salles-e-reeleito-coordenador-regional-das-pastorais-sociais\/\"><\/div><\/li><li class=\"ssb_linkedin\" style=\"width:64px\"><script src=\"\/\/platform.linkedin.com\/in.js\" type=\"text\/javascript\">lang: en_US<\/script><script type=\"IN\/Share\" data-url=\"https:\/\/www.caritasne2.org.br\/site\/dom-jose-salles-e-reeleito-coordenador-regional-das-pastorais-sociais\/\" data-counter=\"right\"><\/script><\/li><\/ul>","protected":false},"excerpt":{"rendered":"<p>Representantes de quinze dioceses do Regional NE2 estiveram reunidos, de 16 a 18 de outubro, na 24\u00aa Assembleia Regional das Pastorais Sociais, em Caic\u00f3 (RN). Na ocasi\u00e3o, para o pr\u00f3ximo quadri\u00eanio, foram reconduzidos, na forma de vota\u00e7\u00e3o, aos cargos de bispo referencial, Dom Jos\u00e9 Luiz Ferreira Salles, de Pesqueira, e articulador regional, Marcos Aur\u00e9lio Campinas Bezerra, que tamb\u00e9m \u00e9 articulador estadual do Programa de Economia [&hellip;]<\/p>\n<ul class=\"ssb_list_wrapper\"><li class=\"fb2\" style=\"width:135px\"><iframe src=\"\/\/www.facebook.com\/plugins\/like.php?href=https%3A%2F%2Fwww.caritasne2.org.br%2Fsite%2Fdom-jose-salles-e-reeleito-coordenador-regional-das-pastorais-sociais%2F&amp;layout=button_count&amp;action=like&amp;show_faces=false&amp;share=true&amp;width=135&amp;height=21&amp;appId=307091639398582\" scrolling=\"no\" frameborder=\"0\" style=\"border:none; overflow:hidden;  width:150px; height:21px;\" allowTransparency=\"true\"><\/iframe><\/li><li class=\"twtr\" style=\"width:90px\"><a href=\"https:\/\/twitter.com\/share\" class=\"twitter-share-button\" data-url=\"https:\/\/www.caritasne2.org.br\/site\/dom-jose-salles-e-reeleito-coordenador-regional-das-pastorais-sociais\/\">&nbsp;<\/a><script>!function(d,s,id){var js,fjs=d.getElementsByTagName(s)[0],p=\/^http:\/.test(d.location)?'http':'https';if(!d.getElementById(id)){js=d.createElement(s);js.id=id;js.src=p+':\/\/platform.twitter.com\/widgets.js';fjs.parentNode.insertBefore(js,fjs);}}(document, 'script', 'twitter-wjs');<\/script><\/li><li class=\"gplus\" style=\"width:68px\"><div class=\"g-plusone\" data-size=\"medium\" data-href=\"https:\/\/www.caritasne2.org.br\/site\/dom-jose-salles-e-reeleito-coordenador-regional-das-pastorais-sociais\/\"><\/div><\/li><li class=\"ssb_linkedin\" style=\"width:64px\"><script src=\"\/\/platform.linkedin.com\/in.js\" type=\"text\/javascript\">lang: en_US<\/script><script type=\"IN\/Share\" data-url=\"https:\/\/www.caritasne2.org.br\/site\/dom-jose-salles-e-reeleito-coordenador-regional-das-pastorais-sociais\/\" data-counter=\"right\"><\/script><\/li><\/ul>","protected":false},"author":4,"featured_media":2768,"comment_status":"open","ping_status":"open","sticky":false,"template":"","format":"standard","meta":[],"categories":[589,20,382],"tags":[590,397,591,67,592,593,381],"_links":{"self":[{"href":"https:\/\/www.caritasne2.org.br\/site\/wp-json\/wp\/v2\/posts\/2757"}],"collection":[{"href":"https:\/\/www.caritasne2.org.br\/site\/wp-json\/wp\/v2\/posts"}],"about":[{"href":"https:\/\/www.caritasne2.org.br\/site\/wp-json\/wp\/v2\/types\/post"}],"author":[{"embeddable":true,"href":"https:\/\/www.caritasne2.org.br\/site\/wp-json\/wp\/v2\/users\/4"}],"replies":[{"embeddable":true,"href":"https:\/\/www.caritasne2.org.br\/site\/wp-json\/wp\/v2\/comments?post=2757"}],"version-history":[{"count":0,"href":"https:\/\/www.caritasne2.org.br\/site\/wp-json\/wp\/v2\/posts\/2757\/revisions"}],"wp:featuredmedia":[{"embeddable":true,"href":"https:\/\/www.caritasne2.org.br\/site\/wp-json\/"}],"wp:attachment":[{"href":"https:\/\/www.caritasne2.org.br\/site\/wp-json\/wp\/v2\/media?parent=2757"}],"wp:term":[{"taxonomy":"category","embeddable":true,"href":"https:\/\/www.caritasne2.org.br\/site\/wp-json\/wp\/v2\/categories?post=2757"},{"taxonomy":"post_tag","embeddable":true,"href":"https:\/\/www.caritasne2.org.br\/site\/wp-json\/wp\/v2\/tags?post=2757"}],"curies":[{"name":"wp","href":"https:\/\/api.w.org\/{rel}","templated":true}]}}