{"id":2749,"date":"2015-10-21T18:37:00","date_gmt":"2015-10-21T20:37:00","guid":{"rendered":"http:\/\/ne2.caritas.org.br.s174889.gridserver.com\/?p=2749"},"modified":"2017-07-11T15:19:09","modified_gmt":"2017-07-11T18:19:09","slug":"cnbb-nordeste-2-realiza-50a-assembleia-pastoral-regional","status":"publish","type":"post","link":"https:\/\/www.caritasne2.org.br\/site\/cnbb-nordeste-2-realiza-50a-assembleia-pastoral-regional\/","title":{"rendered":"CNBB Nordeste 2 realiza 50\u00aa Assembleia Pastoral Regional"},"content":{"rendered":"<p style=\"text-align: justify;\">O Convento de Lagoa Seca, em Campina Grande, na Para\u00edba, ser\u00e1 sede, dos dias 21 a 24 de outubro, da 50\u00aa Assembleia Pastoral da Confer\u00eancia Nacional dos Bispos do Brasil (CNBB) Regional Nordeste 2. O evento, que re\u00fane bispos, padres, religiosos e leigos das 21 arquidioceses e dioceses dos estados de Alagoas, Para\u00edba, Pernambuco e Rio Grande do Norte, tem como tema \u201cO Protagonismo dos Leigos\u201d e lema \u201cSal da Terra, Luz do Mundo\u201d (Mt 5,12-14). Os leigos comp\u00f5em a maior parte da Igreja e t\u00eam a miss\u00e3o de testemunhar e difundir o Evangelho.<\/p>\n<p style=\"text-align: justify;\">A programa\u00e7\u00e3o, al\u00e9m de mesas redondas, palestras e testemunhos sobre a atua\u00e7\u00e3o dos leigos na Igreja Cat\u00f3lica nos quatro estados do regional, trar\u00e1 tamb\u00e9m momentos de comemora\u00e7\u00e3o. Em 2015 o Regional Nordeste 2 completa 50 anos de cria\u00e7\u00e3o, e em homenagem \u00e0 data especial, ser\u00e1 realizado o lan\u00e7amento de selo comemorativo dos Correios, bem como uma celebra\u00e7\u00e3o eucar\u00edstica na Catedral Diocesana Nossa Senhora da Concei\u00e7\u00e3o, em Campina Grande, presidida pelo arcebispo da Para\u00edba, Dom Aldo Di Cillo Pagotto.<\/p>\n<p style=\"text-align: justify;\">Foi durante o Conc\u00edlio Vaticano II, realizado na d\u00e9cada de 60 e que trouxe transforma\u00e7\u00f5es profundas na Igreja Cat\u00f3lica, que nasceu o regional Nordeste 2 da Confer\u00eancia Nacional de Bispos do Brasil (CNBB), como um desdobramento do ent\u00e3o secretariado regional Nordeste. Na ocasi\u00e3o, o Regional Nordeste 2 apresentou como Secret\u00e1rio Regional Dom Helder Pessoa C\u00e2mara, ent\u00e3o arcebispo de Olinda e Recife, e Recife como sede do Regional.<\/p>\n<p style=\"text-align: justify;\">Uma palestra, na tarde do dia 23 e aberta ao p\u00fablico em geral, far\u00e1 um resgate dos principais acontecimentos da Igreja Cat\u00f3lica no regional nordeste 2 nos \u00faltimos cinquenta anos.<\/p>\n<p style=\"text-align: justify;\">C\u00e1ritas Brasileira:<\/p>\n<p style=\"text-align: justify;\">A organiza\u00e7\u00e3o C\u00e1ritas Brasileira Nordeste 2 tamb\u00e9m participa da 50\u00aa Assembleia Pastoral Regional. Na ocasi\u00e3o, ser\u00e1 representada pelo bispo de refer\u00eancia da C\u00e1ritas NE2, Dom Eraldo Bispo da Silva, da Diocese de Patos (PB) e o secret\u00e1rio regional, Angelo Zanr\u00e9.<\/p>\n<p>Fonte: Site CNBB NE2<\/p>\n<p>&nbsp;<\/p>\n<p>&nbsp;<\/p>\n<p>&nbsp;<\/p>\n<p>&nbsp;<\/p>\n<p>&nbsp;<\/p>\n<p>&nbsp;<\/p>\n<ul class=\"ssb_list_wrapper\"><li class=\"fb2\" style=\"width:135px\"><iframe src=\"\/\/www.facebook.com\/plugins\/like.php?href=https%3A%2F%2Fwww.caritasne2.org.br%2Fsite%2Fcnbb-nordeste-2-realiza-50a-assembleia-pastoral-regional%2F&amp;layout=button_count&amp;action=like&amp;show_faces=false&amp;share=true&amp;width=135&amp;height=21&amp;appId=307091639398582\" scrolling=\"no\" frameborder=\"0\" style=\"border:none; overflow:hidden;  width:150px; height:21px;\" allowTransparency=\"true\"><\/iframe><\/li><li class=\"twtr\" style=\"width:90px\"><a href=\"https:\/\/twitter.com\/share\" class=\"twitter-share-button\" data-url=\"https:\/\/www.caritasne2.org.br\/site\/cnbb-nordeste-2-realiza-50a-assembleia-pastoral-regional\/\">&nbsp;<\/a><script>!function(d,s,id){var js,fjs=d.getElementsByTagName(s)[0],p=\/^http:\/.test(d.location)?'http':'https';if(!d.getElementById(id)){js=d.createElement(s);js.id=id;js.src=p+':\/\/platform.twitter.com\/widgets.js';fjs.parentNode.insertBefore(js,fjs);}}(document, 'script', 'twitter-wjs');<\/script><\/li><li class=\"gplus\" style=\"width:68px\"><div class=\"g-plusone\" data-size=\"medium\" data-href=\"https:\/\/www.caritasne2.org.br\/site\/cnbb-nordeste-2-realiza-50a-assembleia-pastoral-regional\/\"><\/div><\/li><li class=\"ssb_linkedin\" style=\"width:64px\"><script src=\"\/\/platform.linkedin.com\/in.js\" type=\"text\/javascript\">lang: en_US<\/script><script type=\"IN\/Share\" data-url=\"https:\/\/www.caritasne2.org.br\/site\/cnbb-nordeste-2-realiza-50a-assembleia-pastoral-regional\/\" data-counter=\"right\"><\/script><\/li><\/ul>","protected":false},"excerpt":{"rendered":"<p>O Convento de Lagoa Seca, em Campina Grande, na Para\u00edba, ser\u00e1 sede, dos dias 21 a 24 de outubro, da 50\u00aa Assembleia Pastoral da Confer\u00eancia Nacional dos Bispos do Brasil (CNBB) Regional Nordeste 2. O evento, que re\u00fane bispos, padres, religiosos e leigos das 21 arquidioceses e dioceses dos estados de Alagoas, Para\u00edba, Pernambuco e Rio Grande do Norte, tem como tema \u201cO Protagonismo dos [&hellip;]<\/p>\n<ul class=\"ssb_list_wrapper\"><li class=\"fb2\" style=\"width:135px\"><iframe src=\"\/\/www.facebook.com\/plugins\/like.php?href=https%3A%2F%2Fwww.caritasne2.org.br%2Fsite%2Fcnbb-nordeste-2-realiza-50a-assembleia-pastoral-regional%2F&amp;layout=button_count&amp;action=like&amp;show_faces=false&amp;share=true&amp;width=135&amp;height=21&amp;appId=307091639398582\" scrolling=\"no\" frameborder=\"0\" style=\"border:none; overflow:hidden;  width:150px; height:21px;\" allowTransparency=\"true\"><\/iframe><\/li><li class=\"twtr\" style=\"width:90px\"><a href=\"https:\/\/twitter.com\/share\" class=\"twitter-share-button\" data-url=\"https:\/\/www.caritasne2.org.br\/site\/cnbb-nordeste-2-realiza-50a-assembleia-pastoral-regional\/\">&nbsp;<\/a><script>!function(d,s,id){var js,fjs=d.getElementsByTagName(s)[0],p=\/^http:\/.test(d.location)?'http':'https';if(!d.getElementById(id)){js=d.createElement(s);js.id=id;js.src=p+':\/\/platform.twitter.com\/widgets.js';fjs.parentNode.insertBefore(js,fjs);}}(document, 'script', 'twitter-wjs');<\/script><\/li><li class=\"gplus\" style=\"width:68px\"><div class=\"g-plusone\" data-size=\"medium\" data-href=\"https:\/\/www.caritasne2.org.br\/site\/cnbb-nordeste-2-realiza-50a-assembleia-pastoral-regional\/\"><\/div><\/li><li class=\"ssb_linkedin\" style=\"width:64px\"><script src=\"\/\/platform.linkedin.com\/in.js\" type=\"text\/javascript\">lang: en_US<\/script><script type=\"IN\/Share\" data-url=\"https:\/\/www.caritasne2.org.br\/site\/cnbb-nordeste-2-realiza-50a-assembleia-pastoral-regional\/\" data-counter=\"right\"><\/script><\/li><\/ul>","protected":false},"author":4,"featured_media":2751,"comment_status":"open","ping_status":"open","sticky":false,"template":"","format":"standard","meta":[],"categories":[589,20],"tags":[588,397,67],"_links":{"self":[{"href":"https:\/\/www.caritasne2.org.br\/site\/wp-json\/wp\/v2\/posts\/2749"}],"collection":[{"href":"https:\/\/www.caritasne2.org.br\/site\/wp-json\/wp\/v2\/posts"}],"about":[{"href":"https:\/\/www.caritasne2.org.br\/site\/wp-json\/wp\/v2\/types\/post"}],"author":[{"embeddable":true,"href":"https:\/\/www.caritasne2.org.br\/site\/wp-json\/wp\/v2\/users\/4"}],"replies":[{"embeddable":true,"href":"https:\/\/www.caritasne2.org.br\/site\/wp-json\/wp\/v2\/comments?post=2749"}],"version-history":[{"count":0,"href":"https:\/\/www.caritasne2.org.br\/site\/wp-json\/wp\/v2\/posts\/2749\/revisions"}],"wp:featuredmedia":[{"embeddable":true,"href":"https:\/\/www.caritasne2.org.br\/site\/wp-json\/"}],"wp:attachment":[{"href":"https:\/\/www.caritasne2.org.br\/site\/wp-json\/wp\/v2\/media?parent=2749"}],"wp:term":[{"taxonomy":"category","embeddable":true,"href":"https:\/\/www.caritasne2.org.br\/site\/wp-json\/wp\/v2\/categories?post=2749"},{"taxonomy":"post_tag","embeddable":true,"href":"https:\/\/www.caritasne2.org.br\/site\/wp-json\/wp\/v2\/tags?post=2749"}],"curies":[{"name":"wp","href":"https:\/\/api.w.org\/{rel}","templated":true}]}}