{"id":2670,"date":"2015-10-14T12:52:43","date_gmt":"2015-10-14T15:52:43","guid":{"rendered":"http:\/\/ne2.caritas.org.br.s174889.gridserver.com\/?p=2670"},"modified":"2017-07-11T15:19:09","modified_gmt":"2017-07-11T18:19:09","slug":"caritas-ne2-discute-comunicacao-mobilizacao-de-recursos","status":"publish","type":"post","link":"https:\/\/www.caritasne2.org.br\/site\/caritas-ne2-discute-comunicacao-mobilizacao-de-recursos\/","title":{"rendered":"C\u00e1ritas NE2 discute Comunica\u00e7\u00e3o e Mobiliza\u00e7\u00e3o de Recursos"},"content":{"rendered":"<p style=\"text-align: justify;\">Assessores de projetos, parceiros e representantes de 15 entidades-membro do Regional NE2 da C\u00e1ritas Brasileira estiveram reunidos, de 8 a 10 deste m\u00eas, nos Encontros Regionais, realizados simultaneamente, de Comunica\u00e7\u00e3o e de Mobiliza\u00e7\u00e3o de Recursos, em Gravat\u00e1, no agreste pernambucano. As atividades foram uma oportunidade para ampliar a articula\u00e7\u00e3o da rede, avaliar as a\u00e7\u00f5es conjuntas das entidades-membro, bem como para ajudar na capacita\u00e7\u00e3o e na troca de experi\u00eancias entre os participantes.<a href=\"http:\/\/ne2.caritas.org.br.s174889.gridserver.com\/2015\/10\/14\/caritas-ne2-discute-comunicacao-mobilizacao-de-recursos\/sam_1322-2\/\" rel=\"attachment wp-att-2675\"><img decoding=\"async\" loading=\"lazy\" class=\"alignright size-medium wp-image-2675\" title=\"SAM_1322\" src=\"http:\/\/ne2.caritas.org.br.s174889.gridserver.com\/wp-content\/uploads\/2015\/10\/SAM_13221-300x187.jpg\" alt=\"\" width=\"300\" height=\"187\" \/><\/a><\/p>\n<p style=\"text-align: justify;\">Na abertura dos trabalhos, o secret\u00e1rio da C\u00e1ritas NE 2, \u00c2ngelo Zanr\u00e9, reconheceu que a disposi\u00e7\u00e3o das entidades-membro de enviarem seus colaboradores era um passo significativo para o sucesso dos eventos. E mencionou ainda uma passagem da enc\u00edclica Laudato Si, do Papa Francisco, para destacar os desafios colocados pelos meios de comunica\u00e7\u00e3o e o meio digital para a realiza\u00e7\u00e3o dos trabalhos da C\u00e1ritas. \u201c\u00c9 preciso favorecer o desenvolvimento duma capacidade de \u2018viver com sabedoria, pensar em profundidade e amar com generosidade\u2019\u201d, disse Zanr\u00e9.<\/p>\n<p style=\"text-align: justify;\">Para a mesa de di\u00e1logos inicial, estiveram presentes a professora doutora da Associa\u00e7\u00e3o Caruaruense de Ensino Superior (ASCES), Christiane Boa Viagem, e a coordenadora nacional de Mobiliza\u00e7\u00e3o de Recursos da C\u00e1ritas, Renata Costa. Em rela\u00e7\u00e3o \u00e0 conferencista da ASCES, foi abordado o tema \u201cComunica\u00e7\u00e3o como Direito Humano\u201d, que foi explorado sob o ponto de vista de v\u00e1rios documentos, como a Constitui\u00e7\u00e3o Brasileira, que prop\u00f5em o acesso livre e democr\u00e1tico aos meios de comunica\u00e7\u00e3o.<\/p>\n<p style=\"text-align: justify;\">J\u00e1 Renata Costa apresentou as a\u00e7\u00f5es que vem sendo desenvolvidas na \u00e1rea de comunica\u00e7\u00e3o do secretariado nacional e tamb\u00e9m no campo da mobiliza\u00e7\u00e3o de recursos, como a Rede Permanente de Solidariedade (RPS) e a campanha 10Milh\u00f5es de Estrelas. Na ocasi\u00e3o, a mesa de di\u00e1logos foi mediada pelo agente C\u00e1ritas Jos\u00e9 Matias Irm\u00e3o, da C\u00e1ritas Diocesana de Penedo.<\/p>\n<p style=\"text-align: justify;\"><strong>Facilitadora motiva a forma\u00e7\u00e3o da Rede e d\u00e1 dicas de comunica\u00e7\u00e3o<\/strong><\/p>\n<p style=\"text-align: justify;\"><a href=\"http:\/\/ne2.caritas.org.br.s174889.gridserver.com\/2015\/10\/14\/caritas-ne2-discute-comunicacao-mobilizacao-de-recursos\/sam_1511-3\/\" rel=\"attachment wp-att-2691\"><img decoding=\"async\" loading=\"lazy\" class=\"alignleft size-medium wp-image-2691\" title=\"SAM_1511\" src=\"http:\/\/ne2.caritas.org.br.s174889.gridserver.com\/wp-content\/uploads\/2015\/10\/SAM_15112-300x168.jpg\" alt=\"\" width=\"300\" height=\"168\" \/><\/a>Nos segundo e terceiro dias, os grupos de comunica\u00e7\u00e3o e de mobiliza\u00e7\u00e3o de recursos foram separados para a discuss\u00e3o mais espec\u00edfica dos temas. No de comunica\u00e7\u00e3o, a jornalista pernambucana Ana C\u00e9lia trabalhou a import\u00e2ncia do significado, da forma\u00e7\u00e3o, da articula\u00e7\u00e3o e da a\u00e7\u00e3o da Rede de Comunicadores, por meio de palestras e din\u00e2micas. Ainda foram debatidos os avan\u00e7os e desafios tanto da comunica\u00e7\u00e3o interna quanto externa da C\u00e1ritas.<\/p>\n<p style=\"text-align: justify;\">Ana C\u00e9lia tamb\u00e9m destacou, no \u00faltimo dia, algumas dicas relacionadas \u00e0 constru\u00e7\u00e3o de textos para releases destinados \u00e0 imprensa, para os ve\u00edculos e redes sociais das entidades-membro e do secretariado regional da C\u00e1ritas.<\/p>\n<p style=\"text-align: justify;\"><a href=\"http:\/\/ne2.caritas.org.br.s174889.gridserver.com\/2015\/10\/14\/caritas-ne2-discute-comunicacao-mobilizacao-de-recursos\/sam_1567-5\/\" rel=\"attachment wp-att-2694\"><img decoding=\"async\" loading=\"lazy\" class=\"alignright size-medium wp-image-2694\" title=\"SAM_1567\" src=\"http:\/\/ne2.caritas.org.br.s174889.gridserver.com\/wp-content\/uploads\/2015\/10\/SAM_15674-168x300.jpg\" alt=\"\" width=\"168\" height=\"300\" \/><\/a>Para o jornalista H\u00e9lder Quaresma, que atua h\u00e1 3 meses na C\u00e1ritas Diocesana de Caruaru (PE), a a\u00e7\u00e3o da C\u00e1ritas tem um potencial muito grande do ponto de vista da comunica\u00e7\u00e3o que pode ser explorado, afim de dar visibilidade \u00e0 institui\u00e7\u00e3o e aos projetos e facilitar a capta\u00e7\u00e3o de financiamentos para novos projetos. \u201cOs encontros, como esse, facilitam para que a gente possa melhorar a comunica\u00e7\u00e3o e fortalecer, de forma conjunta, o nome da C\u00e1ritas\u201d, destacou.<\/p>\n<p style=\"text-align: justify;\">J\u00e1 Irenaldo Pereira, da A\u00e7\u00e3o Social Diocesana de Patos (PB), considerou que, a partir das orienta\u00e7\u00f5es dadas, promoveu a capacita\u00e7\u00e3o, ajustando pontos tanto relativos \u00e0 comunica\u00e7\u00e3o interna quanto externa, e a motiva\u00e7\u00e3o dos comunicadores que est\u00e3o envolvidos na divulga\u00e7\u00e3o da marca C\u00e1ritas. \u201cN\u00f3s temos um \u2018produto\u2019 muito bom para \u2018vender\u2019 que \u00e9 a inclus\u00e3o social. E, se fizermos bem a comunica\u00e7\u00e3o, daremos \u00e0s pessoas dessa inclus\u00e3o a oportunidade de se verem e tamb\u00e9m de serem vistas como protagonistas da hist\u00f3ria\u201d, disse Pereira.<\/p>\n<p style=\"text-align: justify;\"><a href=\"http:\/\/ne2.caritas.org.br.s174889.gridserver.com\/2015\/10\/14\/caritas-ne2-discute-comunicacao-mobilizacao-de-recursos\/sam_1563-3\/\" rel=\"attachment wp-att-2695\"><img decoding=\"async\" loading=\"lazy\" class=\"alignleft size-medium wp-image-2695\" title=\"SAM_1563\" src=\"http:\/\/ne2.caritas.org.br.s174889.gridserver.com\/wp-content\/uploads\/2015\/10\/SAM_15632-170x300.jpg\" alt=\"\" width=\"170\" height=\"300\" \/><\/a>A colaboradora do secretariado regional, em Palmeira dos \u00cdndios, Maria Aparecida Mafra, acredita que os resultados, do ponto de vista da comunica\u00e7\u00e3o, ser\u00e3o ainda maiores a partir da consolida\u00e7\u00e3o da Rede de Comunicadores. \u201cEsse encontro era esperado por todos\/as e as entidades-membro atenderam o convite, enviaram pessoas de refer\u00eancias e, com esse e outros encontros, teremos uma articula\u00e7\u00e3o maior, uma forma\u00e7\u00e3o constante, aperfei\u00e7oando e mostrando o trabalho da C\u00e1ritas Regional e tamb\u00e9m Brasileira\u201d.<\/p>\n<p style=\"text-align: justify;\">De acordo com a assessora de comunica\u00e7\u00e3o do regional NE2, Kilma Ferreira, o encontro deu o primeiro passo para que as pessoas de refer\u00eancia comecem a se sentir respons\u00e1veis pela comunica\u00e7\u00e3o da Rede C\u00e1ritas. \u201cIniciamos um processo de sensibiliza\u00e7\u00e3o sobre a comunica\u00e7\u00e3o em rede\u201d, disse.<\/p>\n<p style=\"text-align: justify;\">Kilma tamb\u00e9m destacou alguns compromissos assumidos durante o encontro, entre eles a cria\u00e7\u00e3o de um plano regional de comunica\u00e7\u00e3o, que envolva todas as entidades membro, a promo\u00e7\u00e3o de interc\u00e2mbios para troca de experi\u00eancia entre assessorias de comunica\u00e7\u00e3o do escrit\u00f3rio regional e entidades, al\u00e9m do comprometimento entre ambas as partes para melhorar o fluxo de informa\u00e7\u00f5es, por exemplo, envio de not\u00edcias da rede.<\/p>\n<p style=\"text-align: justify;\"><strong>Colaboradores trocam experi\u00eancias na Mobiliza\u00e7\u00e3o de Recursos<\/strong><\/p>\n<p style=\"text-align: justify;\">Al\u00e9m das discuss\u00f5es de comunica\u00e7\u00e3o, os dirigentes e respons\u00e1veis pela capta\u00e7\u00e3o de recursos das entidades-membro, nos dias 9 e 10, foram assessorados por Renata Costa, do secretariado nacional.<a href=\"http:\/\/ne2.caritas.org.br.s174889.gridserver.com\/2015\/10\/14\/caritas-ne2-discute-comunicacao-mobilizacao-de-recursos\/sam_1538-8\/\" rel=\"attachment wp-att-2700\"><img decoding=\"async\" loading=\"lazy\" class=\"alignright size-medium wp-image-2700\" title=\"SAM_1538\" src=\"http:\/\/ne2.caritas.org.br.s174889.gridserver.com\/wp-content\/uploads\/2015\/10\/SAM_15387-300x168.jpg\" alt=\"\" width=\"300\" height=\"168\" \/><\/a><\/p>\n<p style=\"text-align: justify;\">Foram discutidas e orientadas as a\u00e7\u00f5es em andamento e outras formas inovadoras para a mobiliza\u00e7\u00e3o de recursos e a import\u00e2ncia da articula\u00e7\u00e3o de a\u00e7\u00f5es nacionais pelas entidades-membro em seus respectivos territ\u00f3rios, com explica\u00e7\u00f5es mais detalhadas, por exemplo, sobre a Rede Permanente de Solidariedade (RPS).<\/p>\n<p style=\"text-align: justify;\">Segundo a conselheira da C\u00e1ritas Diocesana de Campina Grande, Maria Carmen, foi importante a \u00eanfase dada, durante a capacita\u00e7\u00e3o, \u00e0 credibilidade que a C\u00e1ritas perante a sociedade, mas que, no ambiente atual, n\u00e3o \u00e9 suficiente para convencer os financiadores dos projetos. \u201c\u00c9 preciso, de maneira l\u00f3gica, clara e organizada, apresentar os projetos. Com isso, conseguiremos angariar recursos. E me proponho a participar de outros encontros, como esse, que ajudam muito o entendimento de quest\u00f5es que podem facilitar esse tipo de mobiliza\u00e7\u00e3o\u201d.<\/p>\n<p style=\"text-align: justify;\">O assessor das a\u00e7\u00f5es de seguran\u00e7a alimentar e nutricional do Regional NE 2, Victor Hugo Balladares, ficou satisfeito com o encontro e percebeu que, a partir do n\u00edvel elevado de discuss\u00f5es, todos os participantes sa\u00edram com uma \u2018bagagem\u2019 ainda maior sobre o tema. \u201cPosso dizer que esse grupo saiu com mais conhecimento sobre mobiliza\u00e7\u00e3o de recursos, conhecimento que vai fortalecer e, ao mesmo tempo, aperfei\u00e7oar aquilo que j\u00e1 est\u00e1 sendo realizado. Al\u00e9m disso, sa\u00edmos com um Plano de A\u00e7\u00f5es, mesmo que provis\u00f3rio, e um grupo de trabalho formado no Regional NE 2\u201d.<\/p>\n<p style=\"text-align: justify;\"><a href=\"http:\/\/ne2.caritas.org.br.s174889.gridserver.com\/2015\/10\/14\/caritas-ne2-discute-comunicacao-mobilizacao-de-recursos\/sam_1586-5\/\" rel=\"attachment wp-att-2705\"><img decoding=\"async\" loading=\"lazy\" class=\"alignleft size-medium wp-image-2705\" title=\"SAM_1586\" src=\"http:\/\/ne2.caritas.org.br.s174889.gridserver.com\/wp-content\/uploads\/2015\/10\/SAM_15864-300x258.jpg\" alt=\"\" width=\"300\" height=\"258\" \/><\/a>Ao final do encontro, Renata Costa, por sua vez, reconheceu que muitos passos j\u00e1 foram dados em rela\u00e7\u00e3o \u00e0 mobiliza\u00e7\u00e3o de recursos e pontuou tr\u00eas destaques. \u201cEm primeiro lugar, eu saliento a troca de experi\u00eancias entre os participantes. N\u00f3s procuramos mostrar que h\u00e1 muita coisa boa sendo feita e que pode ser compartilhada. Outro aspecto que posso elencar foi a oportunidade de aprofundar projetos, como o 10 Milh\u00f5es de Estrelas e a RPS, que temos encontrado dificuldades de faz\u00ea-los chegar at\u00e9 a ponta e, com as discuss\u00f5es, podemos analisar algumas propostas de ajustes. E, por \u00faltimo, trabalhamos algumas ferramentas de mobiliza\u00e7\u00e3o de recursos que est\u00e3o ao alcance de todos e ir\u00e3o j\u00e1 de imediato impactar nas entidades-membro\u201d.<\/p>\n<p style=\"text-align: justify;\">Por Wagner Ces\u00e1rio | Assessoria de Comunica\u00e7\u00e3o da C\u00e1ritas Brasileira NE2<\/p>\n<p>&nbsp;<\/p>\n<ul class=\"ssb_list_wrapper\"><li class=\"fb2\" style=\"width:135px\"><iframe src=\"\/\/www.facebook.com\/plugins\/like.php?href=https%3A%2F%2Fwww.caritasne2.org.br%2Fsite%2Fcaritas-ne2-discute-comunicacao-mobilizacao-de-recursos%2F&amp;layout=button_count&amp;action=like&amp;show_faces=false&amp;share=true&amp;width=135&amp;height=21&amp;appId=307091639398582\" scrolling=\"no\" frameborder=\"0\" style=\"border:none; overflow:hidden;  width:150px; height:21px;\" allowTransparency=\"true\"><\/iframe><\/li><li class=\"twtr\" style=\"width:90px\"><a href=\"https:\/\/twitter.com\/share\" class=\"twitter-share-button\" data-url=\"https:\/\/www.caritasne2.org.br\/site\/caritas-ne2-discute-comunicacao-mobilizacao-de-recursos\/\">&nbsp;<\/a><script>!function(d,s,id){var js,fjs=d.getElementsByTagName(s)[0],p=\/^http:\/.test(d.location)?'http':'https';if(!d.getElementById(id)){js=d.createElement(s);js.id=id;js.src=p+':\/\/platform.twitter.com\/widgets.js';fjs.parentNode.insertBefore(js,fjs);}}(document, 'script', 'twitter-wjs');<\/script><\/li><li class=\"gplus\" style=\"width:68px\"><div class=\"g-plusone\" data-size=\"medium\" data-href=\"https:\/\/www.caritasne2.org.br\/site\/caritas-ne2-discute-comunicacao-mobilizacao-de-recursos\/\"><\/div><\/li><li class=\"ssb_linkedin\" style=\"width:64px\"><script src=\"\/\/platform.linkedin.com\/in.js\" type=\"text\/javascript\">lang: en_US<\/script><script type=\"IN\/Share\" data-url=\"https:\/\/www.caritasne2.org.br\/site\/caritas-ne2-discute-comunicacao-mobilizacao-de-recursos\/\" data-counter=\"right\"><\/script><\/li><\/ul>","protected":false},"excerpt":{"rendered":"<p>Assessores de projetos, parceiros e representantes de 15 entidades-membro do Regional NE2 da C\u00e1ritas Brasileira estiveram reunidos, de 8 a 10 deste m\u00eas, nos Encontros Regionais, realizados simultaneamente, de Comunica\u00e7\u00e3o e de Mobiliza\u00e7\u00e3o de Recursos, em Gravat\u00e1, no agreste pernambucano. As atividades foram uma oportunidade para ampliar a articula\u00e7\u00e3o da rede, avaliar as a\u00e7\u00f5es conjuntas das entidades-membro, bem como para ajudar na capacita\u00e7\u00e3o e na [&hellip;]<\/p>\n<ul class=\"ssb_list_wrapper\"><li class=\"fb2\" style=\"width:135px\"><iframe src=\"\/\/www.facebook.com\/plugins\/like.php?href=https%3A%2F%2Fwww.caritasne2.org.br%2Fsite%2Fcaritas-ne2-discute-comunicacao-mobilizacao-de-recursos%2F&amp;layout=button_count&amp;action=like&amp;show_faces=false&amp;share=true&amp;width=135&amp;height=21&amp;appId=307091639398582\" scrolling=\"no\" frameborder=\"0\" style=\"border:none; overflow:hidden;  width:150px; height:21px;\" allowTransparency=\"true\"><\/iframe><\/li><li class=\"twtr\" style=\"width:90px\"><a href=\"https:\/\/twitter.com\/share\" class=\"twitter-share-button\" data-url=\"https:\/\/www.caritasne2.org.br\/site\/caritas-ne2-discute-comunicacao-mobilizacao-de-recursos\/\">&nbsp;<\/a><script>!function(d,s,id){var js,fjs=d.getElementsByTagName(s)[0],p=\/^http:\/.test(d.location)?'http':'https';if(!d.getElementById(id)){js=d.createElement(s);js.id=id;js.src=p+':\/\/platform.twitter.com\/widgets.js';fjs.parentNode.insertBefore(js,fjs);}}(document, 'script', 'twitter-wjs');<\/script><\/li><li class=\"gplus\" style=\"width:68px\"><div class=\"g-plusone\" data-size=\"medium\" data-href=\"https:\/\/www.caritasne2.org.br\/site\/caritas-ne2-discute-comunicacao-mobilizacao-de-recursos\/\"><\/div><\/li><li class=\"ssb_linkedin\" style=\"width:64px\"><script src=\"\/\/platform.linkedin.com\/in.js\" type=\"text\/javascript\">lang: en_US<\/script><script type=\"IN\/Share\" data-url=\"https:\/\/www.caritasne2.org.br\/site\/caritas-ne2-discute-comunicacao-mobilizacao-de-recursos\/\" data-counter=\"right\"><\/script><\/li><\/ul>","protected":false},"author":4,"featured_media":2671,"comment_status":"open","ping_status":"open","sticky":false,"template":"","format":"standard","meta":[],"categories":[20,466],"tags":[84,67,580,243,581],"_links":{"self":[{"href":"https:\/\/www.caritasne2.org.br\/site\/wp-json\/wp\/v2\/posts\/2670"}],"collection":[{"href":"https:\/\/www.caritasne2.org.br\/site\/wp-json\/wp\/v2\/posts"}],"about":[{"href":"https:\/\/www.caritasne2.org.br\/site\/wp-json\/wp\/v2\/types\/post"}],"author":[{"embeddable":true,"href":"https:\/\/www.caritasne2.org.br\/site\/wp-json\/wp\/v2\/users\/4"}],"replies":[{"embeddable":true,"href":"https:\/\/www.caritasne2.org.br\/site\/wp-json\/wp\/v2\/comments?post=2670"}],"version-history":[{"count":0,"href":"https:\/\/www.caritasne2.org.br\/site\/wp-json\/wp\/v2\/posts\/2670\/revisions"}],"wp:featuredmedia":[{"embeddable":true,"href":"https:\/\/www.caritasne2.org.br\/site\/wp-json\/"}],"wp:attachment":[{"href":"https:\/\/www.caritasne2.org.br\/site\/wp-json\/wp\/v2\/media?parent=2670"}],"wp:term":[{"taxonomy":"category","embeddable":true,"href":"https:\/\/www.caritasne2.org.br\/site\/wp-json\/wp\/v2\/categories?post=2670"},{"taxonomy":"post_tag","embeddable":true,"href":"https:\/\/www.caritasne2.org.br\/site\/wp-json\/wp\/v2\/tags?post=2670"}],"curies":[{"name":"wp","href":"https:\/\/api.w.org\/{rel}","templated":true}]}}