{"id":2662,"date":"2015-09-20T17:27:13","date_gmt":"2015-09-20T20:27:13","guid":{"rendered":"http:\/\/ne2.caritas.org.br.s174889.gridserver.com\/?p=2662"},"modified":"2017-07-11T15:19:10","modified_gmt":"2017-07-11T18:19:10","slug":"rama-reune-coordenacao-para-monitorar-planejar-acoes-em-rede","status":"publish","type":"post","link":"https:\/\/www.caritasne2.org.br\/site\/rama-reune-coordenacao-para-monitorar-planejar-acoes-em-rede\/","title":{"rendered":"Rama re\u00fane coordena\u00e7\u00e3o para monitorar e planejar a\u00e7\u00f5es em rede"},"content":{"rendered":"<p style=\"text-align: justify;\">Com o objetivo de monitorar e planejar a\u00e7\u00f5es para o \u00faltimo trimestre de 2015, representantes da coordena\u00e7\u00e3o da Rede Agroecol\u00f3gica da Mata Atl\u00e2ntica (RAMA) se reuniram no dia 09 de setembro, em Rio Formoso (PE).<\/p>\n<p style=\"text-align: justify;\">De acordo com o articulador de projetos da C\u00e1ritas Brasileira Regional NE2, Marcos Bezerra, este ano, a RAMA completar\u00e1 nove anos de exist\u00eancia e atua\u00e7\u00e3o. Ele destaca a import\u00e2ncia da data e lembra a necessidade de sistematizar esta expressiva experi\u00eancia.<\/p>\n<p style=\"text-align: justify;\">Ainda segundo Marcos, durante a reuni\u00e3o foram pautados temas como o Dia Mundial da Alimenta\u00e7\u00e3o, interc\u00e2mbio com agricultores e agricultoras do Polo da Borborema (PB), e momento avaliativo que acontecer\u00e1 no final deste ano.<\/p>\n<p style=\"text-align: justify;\"><span style=\"text-decoration: underline;\"><strong>Rede:<\/strong><\/span> A RAMA \u00e9 um f\u00f3rum constitu\u00eddo por agricultores e agricultoras, e entidades de assessoria, que desenvolvem a\u00e7\u00f5es para o fortalecimento da agroecologia no territ\u00f3rio da Zona da Mata de Pernambuco.<\/p>\n<p style=\"text-align: justify;\">V\u00e1rias entidades participam da articula\u00e7\u00e3o em rede e da organiza\u00e7\u00e3o das a\u00e7\u00f5es, entre elas, a C\u00e1ritas Brasileira Regional NE2, a Comiss\u00e3o Pastoral da Terra (CPT), Centro de Estudos e Assist\u00eancia Social (CEAS Rural) e o Centro Sabi\u00e1.<\/p>\n<p style=\"text-align: justify;\">\u00a0Por Assessoria de Comunica\u00e7\u00e3o da C\u00e1ritas NE2 com informa\u00e7\u00f5es de Marcos Bezerra.<\/p>\n<ul class=\"ssb_list_wrapper\"><li class=\"fb2\" style=\"width:135px\"><iframe src=\"\/\/www.facebook.com\/plugins\/like.php?href=https%3A%2F%2Fwww.caritasne2.org.br%2Fsite%2Frama-reune-coordenacao-para-monitorar-planejar-acoes-em-rede%2F&amp;layout=button_count&amp;action=like&amp;show_faces=false&amp;share=true&amp;width=135&amp;height=21&amp;appId=307091639398582\" scrolling=\"no\" frameborder=\"0\" style=\"border:none; overflow:hidden;  width:150px; height:21px;\" allowTransparency=\"true\"><\/iframe><\/li><li class=\"twtr\" style=\"width:90px\"><a href=\"https:\/\/twitter.com\/share\" class=\"twitter-share-button\" data-url=\"https:\/\/www.caritasne2.org.br\/site\/rama-reune-coordenacao-para-monitorar-planejar-acoes-em-rede\/\">&nbsp;<\/a><script>!function(d,s,id){var js,fjs=d.getElementsByTagName(s)[0],p=\/^http:\/.test(d.location)?'http':'https';if(!d.getElementById(id)){js=d.createElement(s);js.id=id;js.src=p+':\/\/platform.twitter.com\/widgets.js';fjs.parentNode.insertBefore(js,fjs);}}(document, 'script', 'twitter-wjs');<\/script><\/li><li class=\"gplus\" style=\"width:68px\"><div class=\"g-plusone\" data-size=\"medium\" data-href=\"https:\/\/www.caritasne2.org.br\/site\/rama-reune-coordenacao-para-monitorar-planejar-acoes-em-rede\/\"><\/div><\/li><li class=\"ssb_linkedin\" style=\"width:64px\"><script src=\"\/\/platform.linkedin.com\/in.js\" type=\"text\/javascript\">lang: en_US<\/script><script type=\"IN\/Share\" data-url=\"https:\/\/www.caritasne2.org.br\/site\/rama-reune-coordenacao-para-monitorar-planejar-acoes-em-rede\/\" data-counter=\"right\"><\/script><\/li><\/ul>","protected":false},"excerpt":{"rendered":"<p>Com o objetivo de monitorar e planejar a\u00e7\u00f5es para o \u00faltimo trimestre de 2015, representantes da coordena\u00e7\u00e3o da Rede Agroecol\u00f3gica da Mata Atl\u00e2ntica (RAMA) se reuniram no dia 09 de setembro, em Rio Formoso (PE). De acordo com o articulador de projetos da C\u00e1ritas Brasileira Regional NE2, Marcos Bezerra, este ano, a RAMA completar\u00e1 nove anos de exist\u00eancia e atua\u00e7\u00e3o. Ele destaca a import\u00e2ncia da [&hellip;]<\/p>\n<ul class=\"ssb_list_wrapper\"><li class=\"fb2\" style=\"width:135px\"><iframe src=\"\/\/www.facebook.com\/plugins\/like.php?href=https%3A%2F%2Fwww.caritasne2.org.br%2Fsite%2Frama-reune-coordenacao-para-monitorar-planejar-acoes-em-rede%2F&amp;layout=button_count&amp;action=like&amp;show_faces=false&amp;share=true&amp;width=135&amp;height=21&amp;appId=307091639398582\" scrolling=\"no\" frameborder=\"0\" style=\"border:none; overflow:hidden;  width:150px; height:21px;\" allowTransparency=\"true\"><\/iframe><\/li><li class=\"twtr\" style=\"width:90px\"><a href=\"https:\/\/twitter.com\/share\" class=\"twitter-share-button\" data-url=\"https:\/\/www.caritasne2.org.br\/site\/rama-reune-coordenacao-para-monitorar-planejar-acoes-em-rede\/\">&nbsp;<\/a><script>!function(d,s,id){var js,fjs=d.getElementsByTagName(s)[0],p=\/^http:\/.test(d.location)?'http':'https';if(!d.getElementById(id)){js=d.createElement(s);js.id=id;js.src=p+':\/\/platform.twitter.com\/widgets.js';fjs.parentNode.insertBefore(js,fjs);}}(document, 'script', 'twitter-wjs');<\/script><\/li><li class=\"gplus\" style=\"width:68px\"><div class=\"g-plusone\" data-size=\"medium\" data-href=\"https:\/\/www.caritasne2.org.br\/site\/rama-reune-coordenacao-para-monitorar-planejar-acoes-em-rede\/\"><\/div><\/li><li class=\"ssb_linkedin\" style=\"width:64px\"><script src=\"\/\/platform.linkedin.com\/in.js\" type=\"text\/javascript\">lang: en_US<\/script><script type=\"IN\/Share\" data-url=\"https:\/\/www.caritasne2.org.br\/site\/rama-reune-coordenacao-para-monitorar-planejar-acoes-em-rede\/\" data-counter=\"right\"><\/script><\/li><\/ul>","protected":false},"author":4,"featured_media":2666,"comment_status":"open","ping_status":"open","sticky":false,"template":"","format":"standard","meta":[],"categories":[578,20],"tags":[125,67,579],"_links":{"self":[{"href":"https:\/\/www.caritasne2.org.br\/site\/wp-json\/wp\/v2\/posts\/2662"}],"collection":[{"href":"https:\/\/www.caritasne2.org.br\/site\/wp-json\/wp\/v2\/posts"}],"about":[{"href":"https:\/\/www.caritasne2.org.br\/site\/wp-json\/wp\/v2\/types\/post"}],"author":[{"embeddable":true,"href":"https:\/\/www.caritasne2.org.br\/site\/wp-json\/wp\/v2\/users\/4"}],"replies":[{"embeddable":true,"href":"https:\/\/www.caritasne2.org.br\/site\/wp-json\/wp\/v2\/comments?post=2662"}],"version-history":[{"count":0,"href":"https:\/\/www.caritasne2.org.br\/site\/wp-json\/wp\/v2\/posts\/2662\/revisions"}],"wp:featuredmedia":[{"embeddable":true,"href":"https:\/\/www.caritasne2.org.br\/site\/wp-json\/"}],"wp:attachment":[{"href":"https:\/\/www.caritasne2.org.br\/site\/wp-json\/wp\/v2\/media?parent=2662"}],"wp:term":[{"taxonomy":"category","embeddable":true,"href":"https:\/\/www.caritasne2.org.br\/site\/wp-json\/wp\/v2\/categories?post=2662"},{"taxonomy":"post_tag","embeddable":true,"href":"https:\/\/www.caritasne2.org.br\/site\/wp-json\/wp\/v2\/tags?post=2662"}],"curies":[{"name":"wp","href":"https:\/\/api.w.org\/{rel}","templated":true}]}}