{"id":2654,"date":"2015-09-25T12:13:21","date_gmt":"2015-09-25T15:13:21","guid":{"rendered":"http:\/\/ne2.caritas.org.br.s174889.gridserver.com\/?p=2654"},"modified":"2017-07-11T15:19:09","modified_gmt":"2017-07-11T18:19:09","slug":"vii-assembleia-regional-da-caritas-comeca-hoje-em-patos-pb","status":"publish","type":"post","link":"https:\/\/www.caritasne2.org.br\/site\/vii-assembleia-regional-da-caritas-comeca-hoje-em-patos-pb\/","title":{"rendered":"VII Assembleia Regional da C\u00e1ritas come\u00e7a hoje em Patos (PB)"},"content":{"rendered":"<p style=\"text-align: center;\"><em>O objetivo do evento \u00e9 avaliar os processos de gest\u00e3o da Rede C\u00e1ritas frente aos novos cen\u00e1rios do Regional Nordeste 2.<\/em><\/p>\n<p style=\"text-align: center;\"><em>\u00a0<\/em><\/p>\n<p style=\"text-align: justify;\">Gest\u00e3o: uma dimens\u00e3o pedag\u00f3gica do poder servi\u00e7o. Este \u00e9 o tema da VII Assembleia Regional da C\u00e1ritas Brasileira Nordeste 2, que acontece nesta sexta-feira (25), e segue at\u00e9 o pr\u00f3ximo domingo (27), no Centro de Treinamento Diocesano, na cidade de Patos (PB). O lema do evento remete \u00e0 express\u00e3o de f\u00e9 e o sentimento do cora\u00e7\u00e3o de um grande l\u00edder, quando Josu\u00e9 fala ao povo \u201ceu e minha casa serviremos ao Senhor\u201d (Js.24,15).<\/p>\n<p style=\"text-align: justify;\">Est\u00e1 prevista a participa\u00e7\u00e3o de aproximadamente 70 pessoas, entre elas o bispo da Diocese de Patos e referencial da C\u00e1ritas NE2, Dom Eraldo Bispo da Silva; a diretora executiva nacional da C\u00e1ritas Brasileira, Maria Cristina dos Anjos; a secret\u00e1ria regional da C\u00e1ritas Cear\u00e1, Patr\u00edcia Amorim; al\u00e9m de representantes das entidades membro nos estados de Alagoas, Pernambuco, Para\u00edba e Rio Grande do Norte, e convidados de organiza\u00e7\u00f5es parceiras.<\/p>\n<p style=\"text-align: justify;\">\u201cO objetivo da Assembleia \u00e9 avaliar os processos de gest\u00e3o da Rede C\u00e1ritas frente aos novos cen\u00e1rios. No contexto regional, n\u00f3s iremos avaliar a gest\u00e3o como uma dimens\u00e3o pedag\u00f3gica do poder servi\u00e7o\u201d, afirmou o secret\u00e1rio da C\u00e1ritas NE2, Angelo Zanr\u00e9. Segundo ele, cinco oficinas tem\u00e1ticas ser\u00e3o realizadas durante a Assembleia, com a proposta de subsidiar o norte da reflex\u00e3o central. S\u00e3o elas: Gest\u00e3o da Rede C\u00e1ritas; Organiza\u00e7\u00e3o em Rede; Inser\u00e7\u00e3o nos espa\u00e7os da Igreja; Sustentabilidade; e Processos eletivos da Rede C\u00e1ritas.<\/p>\n<p style=\"text-align: justify;\">Al\u00e9m do tema central da Assembleia, outras quest\u00f5es tamb\u00e9m ter\u00e3o destaque, como a elei\u00e7\u00e3o de novos membros para composi\u00e7\u00e3o do Conselho Regional da C\u00e1ritas NE2. Constam ainda na pauta quest\u00f5es relacionadas ao processo que culminar\u00e1 na XX Assembleia Nacional da C\u00e1ritas Brasileira, que acontecer\u00e1 de 12 a 15 de novembro, em Bras\u00edlia (DF), quando ser\u00e3o definidos novos rumos para a gest\u00e3o da Rede C\u00e1ritas.<\/p>\n<p style=\"text-align: justify;\"><span style=\"text-align: justify;\">\u00a0por Kilma Ferreira | Assessoria de Comunica\u00e7\u00e3o da C\u00e1ritas NE2<\/span><\/p>\n<p style=\"text-align: justify;\">\n<ul class=\"ssb_list_wrapper\"><li class=\"fb2\" style=\"width:135px\"><iframe src=\"\/\/www.facebook.com\/plugins\/like.php?href=https%3A%2F%2Fwww.caritasne2.org.br%2Fsite%2Fvii-assembleia-regional-da-caritas-comeca-hoje-em-patos-pb%2F&amp;layout=button_count&amp;action=like&amp;show_faces=false&amp;share=true&amp;width=135&amp;height=21&amp;appId=307091639398582\" scrolling=\"no\" frameborder=\"0\" style=\"border:none; overflow:hidden;  width:150px; height:21px;\" allowTransparency=\"true\"><\/iframe><\/li><li class=\"twtr\" style=\"width:90px\"><a href=\"https:\/\/twitter.com\/share\" class=\"twitter-share-button\" data-url=\"https:\/\/www.caritasne2.org.br\/site\/vii-assembleia-regional-da-caritas-comeca-hoje-em-patos-pb\/\">&nbsp;<\/a><script>!function(d,s,id){var js,fjs=d.getElementsByTagName(s)[0],p=\/^http:\/.test(d.location)?'http':'https';if(!d.getElementById(id)){js=d.createElement(s);js.id=id;js.src=p+':\/\/platform.twitter.com\/widgets.js';fjs.parentNode.insertBefore(js,fjs);}}(document, 'script', 'twitter-wjs');<\/script><\/li><li class=\"gplus\" style=\"width:68px\"><div class=\"g-plusone\" data-size=\"medium\" data-href=\"https:\/\/www.caritasne2.org.br\/site\/vii-assembleia-regional-da-caritas-comeca-hoje-em-patos-pb\/\"><\/div><\/li><li class=\"ssb_linkedin\" style=\"width:64px\"><script src=\"\/\/platform.linkedin.com\/in.js\" type=\"text\/javascript\">lang: en_US<\/script><script type=\"IN\/Share\" data-url=\"https:\/\/www.caritasne2.org.br\/site\/vii-assembleia-regional-da-caritas-comeca-hoje-em-patos-pb\/\" data-counter=\"right\"><\/script><\/li><\/ul>","protected":false},"excerpt":{"rendered":"<p>O objetivo do evento \u00e9 avaliar os processos de gest\u00e3o da Rede C\u00e1ritas frente aos novos cen\u00e1rios do Regional Nordeste 2. \u00a0 Gest\u00e3o: uma dimens\u00e3o pedag\u00f3gica do poder servi\u00e7o. Este \u00e9 o tema da VII Assembleia Regional da C\u00e1ritas Brasileira Nordeste 2, que acontece nesta sexta-feira (25), e segue at\u00e9 o pr\u00f3ximo domingo (27), no Centro de Treinamento Diocesano, na cidade de Patos (PB). O [&hellip;]<\/p>\n<ul class=\"ssb_list_wrapper\"><li class=\"fb2\" style=\"width:135px\"><iframe src=\"\/\/www.facebook.com\/plugins\/like.php?href=https%3A%2F%2Fwww.caritasne2.org.br%2Fsite%2Fvii-assembleia-regional-da-caritas-comeca-hoje-em-patos-pb%2F&amp;layout=button_count&amp;action=like&amp;show_faces=false&amp;share=true&amp;width=135&amp;height=21&amp;appId=307091639398582\" scrolling=\"no\" frameborder=\"0\" style=\"border:none; overflow:hidden;  width:150px; height:21px;\" allowTransparency=\"true\"><\/iframe><\/li><li class=\"twtr\" style=\"width:90px\"><a href=\"https:\/\/twitter.com\/share\" class=\"twitter-share-button\" data-url=\"https:\/\/www.caritasne2.org.br\/site\/vii-assembleia-regional-da-caritas-comeca-hoje-em-patos-pb\/\">&nbsp;<\/a><script>!function(d,s,id){var js,fjs=d.getElementsByTagName(s)[0],p=\/^http:\/.test(d.location)?'http':'https';if(!d.getElementById(id)){js=d.createElement(s);js.id=id;js.src=p+':\/\/platform.twitter.com\/widgets.js';fjs.parentNode.insertBefore(js,fjs);}}(document, 'script', 'twitter-wjs');<\/script><\/li><li class=\"gplus\" style=\"width:68px\"><div class=\"g-plusone\" data-size=\"medium\" data-href=\"https:\/\/www.caritasne2.org.br\/site\/vii-assembleia-regional-da-caritas-comeca-hoje-em-patos-pb\/\"><\/div><\/li><li class=\"ssb_linkedin\" style=\"width:64px\"><script src=\"\/\/platform.linkedin.com\/in.js\" type=\"text\/javascript\">lang: en_US<\/script><script type=\"IN\/Share\" data-url=\"https:\/\/www.caritasne2.org.br\/site\/vii-assembleia-regional-da-caritas-comeca-hoje-em-patos-pb\/\" data-counter=\"right\"><\/script><\/li><\/ul>","protected":false},"author":4,"featured_media":2656,"comment_status":"closed","ping_status":"closed","sticky":false,"template":"","format":"standard","meta":[],"categories":[20,576],"tags":[67,574,575,577],"_links":{"self":[{"href":"https:\/\/www.caritasne2.org.br\/site\/wp-json\/wp\/v2\/posts\/2654"}],"collection":[{"href":"https:\/\/www.caritasne2.org.br\/site\/wp-json\/wp\/v2\/posts"}],"about":[{"href":"https:\/\/www.caritasne2.org.br\/site\/wp-json\/wp\/v2\/types\/post"}],"author":[{"embeddable":true,"href":"https:\/\/www.caritasne2.org.br\/site\/wp-json\/wp\/v2\/users\/4"}],"replies":[{"embeddable":true,"href":"https:\/\/www.caritasne2.org.br\/site\/wp-json\/wp\/v2\/comments?post=2654"}],"version-history":[{"count":0,"href":"https:\/\/www.caritasne2.org.br\/site\/wp-json\/wp\/v2\/posts\/2654\/revisions"}],"wp:featuredmedia":[{"embeddable":true,"href":"https:\/\/www.caritasne2.org.br\/site\/wp-json\/"}],"wp:attachment":[{"href":"https:\/\/www.caritasne2.org.br\/site\/wp-json\/wp\/v2\/media?parent=2654"}],"wp:term":[{"taxonomy":"category","embeddable":true,"href":"https:\/\/www.caritasne2.org.br\/site\/wp-json\/wp\/v2\/categories?post=2654"},{"taxonomy":"post_tag","embeddable":true,"href":"https:\/\/www.caritasne2.org.br\/site\/wp-json\/wp\/v2\/tags?post=2654"}],"curies":[{"name":"wp","href":"https:\/\/api.w.org\/{rel}","templated":true}]}}