{"id":2607,"date":"2015-08-26T10:09:13","date_gmt":"2015-08-26T13:09:13","guid":{"rendered":"http:\/\/ne2.caritas.org.br.s174889.gridserver.com\/?p=2607"},"modified":"2017-07-11T15:19:10","modified_gmt":"2017-07-11T18:19:10","slug":"camara-aprova-projeto-torna-dom-helder-patrono-dos-direitos-humanos","status":"publish","type":"post","link":"https:\/\/www.caritasne2.org.br\/site\/camara-aprova-projeto-torna-dom-helder-patrono-dos-direitos-humanos\/","title":{"rendered":"C\u00e2mara aprova projeto que torna Dom Helder Patrono dos Direitos Humanos"},"content":{"rendered":"<p style=\"text-align: justify;\">A Comiss\u00e3o de Constitui\u00e7\u00e3o e Justi\u00e7a e de Cidadania da C\u00e2mara dos Deputados aprovou em car\u00e1ter conclusivo, no \u00faltimo dia 12, projeto do deputado Arnaldo Jordy (PPS-PA) que declara Dom Helder C\u00e2mara \u201cPatrono Brasileiro dos Direitos Humanos\u201d (PL 7230\/14). A proposta segue agora para vota\u00e7\u00e3o no Senado.<\/p>\n<p style=\"text-align: justify;\">O relator, deputado Luiz Couto (PT-PB), apresentou parecer pela constitucionalidade, juridicidade e t\u00e9cnica legislativa da proposta. \u201cDom H\u00e9lder ficou conhecido por ter se tornado um l\u00edder contra o autoritarismo e os abusos aos direitos humanos, frequentemente praticados pelos militares\u201d, disse o parlamentar.<\/p>\n<p style=\"text-align: justify;\">Dom Helder foi l\u00edder cat\u00f3lico que lutou em benef\u00edcio de melhores condi\u00e7\u00f5es de vida para os mais pobres e defendeu os direitos humanos durante o regime militar. Ele morreu em 1999 e, por ter tido o trabalho reconhecido pelo mundo, chegou a ser indicado para o pr\u00eamio Nobel da Paz em 1972.<\/p>\n<p style=\"text-align: justify;\">O patrono de determinada categoria ou ramo da ci\u00eancia e do conhecimento deve ser aquele cuja excepcional atua\u00e7\u00e3o serve de paradigma e inspira\u00e7\u00e3o a seus pares. \u201cMais que uma lideran\u00e7a religiosa, Dom Helder C\u00e2mara era refer\u00eancia na luta pela paz e pela justi\u00e7a social. Pregava uma igreja simples, voltada para os pobres, e a n\u00e3o-viol\u00eancia\u201d, destacou Jordy.<\/p>\n<p>Fonte: C\u00e2mara dos Deputados<\/p>\n<ul class=\"ssb_list_wrapper\"><li class=\"fb2\" style=\"width:135px\"><iframe src=\"\/\/www.facebook.com\/plugins\/like.php?href=https%3A%2F%2Fwww.caritasne2.org.br%2Fsite%2Fcamara-aprova-projeto-torna-dom-helder-patrono-dos-direitos-humanos%2F&amp;layout=button_count&amp;action=like&amp;show_faces=false&amp;share=true&amp;width=135&amp;height=21&amp;appId=307091639398582\" scrolling=\"no\" frameborder=\"0\" style=\"border:none; overflow:hidden;  width:150px; height:21px;\" allowTransparency=\"true\"><\/iframe><\/li><li class=\"twtr\" style=\"width:90px\"><a href=\"https:\/\/twitter.com\/share\" class=\"twitter-share-button\" data-url=\"https:\/\/www.caritasne2.org.br\/site\/camara-aprova-projeto-torna-dom-helder-patrono-dos-direitos-humanos\/\">&nbsp;<\/a><script>!function(d,s,id){var js,fjs=d.getElementsByTagName(s)[0],p=\/^http:\/.test(d.location)?'http':'https';if(!d.getElementById(id)){js=d.createElement(s);js.id=id;js.src=p+':\/\/platform.twitter.com\/widgets.js';fjs.parentNode.insertBefore(js,fjs);}}(document, 'script', 'twitter-wjs');<\/script><\/li><li class=\"gplus\" style=\"width:68px\"><div class=\"g-plusone\" data-size=\"medium\" data-href=\"https:\/\/www.caritasne2.org.br\/site\/camara-aprova-projeto-torna-dom-helder-patrono-dos-direitos-humanos\/\"><\/div><\/li><li class=\"ssb_linkedin\" style=\"width:64px\"><script src=\"\/\/platform.linkedin.com\/in.js\" type=\"text\/javascript\">lang: en_US<\/script><script type=\"IN\/Share\" data-url=\"https:\/\/www.caritasne2.org.br\/site\/camara-aprova-projeto-torna-dom-helder-patrono-dos-direitos-humanos\/\" data-counter=\"right\"><\/script><\/li><\/ul>","protected":false},"excerpt":{"rendered":"<p>A Comiss\u00e3o de Constitui\u00e7\u00e3o e Justi\u00e7a e de Cidadania da C\u00e2mara dos Deputados aprovou em car\u00e1ter conclusivo, no \u00faltimo dia 12, projeto do deputado Arnaldo Jordy (PPS-PA) que declara Dom Helder C\u00e2mara \u201cPatrono Brasileiro dos Direitos Humanos\u201d (PL 7230\/14). A proposta segue agora para vota\u00e7\u00e3o no Senado. O relator, deputado Luiz Couto (PT-PB), apresentou parecer pela constitucionalidade, juridicidade e t\u00e9cnica legislativa da proposta. \u201cDom H\u00e9lder [&hellip;]<\/p>\n<ul class=\"ssb_list_wrapper\"><li class=\"fb2\" style=\"width:135px\"><iframe src=\"\/\/www.facebook.com\/plugins\/like.php?href=https%3A%2F%2Fwww.caritasne2.org.br%2Fsite%2Fcamara-aprova-projeto-torna-dom-helder-patrono-dos-direitos-humanos%2F&amp;layout=button_count&amp;action=like&amp;show_faces=false&amp;share=true&amp;width=135&amp;height=21&amp;appId=307091639398582\" scrolling=\"no\" frameborder=\"0\" style=\"border:none; overflow:hidden;  width:150px; height:21px;\" allowTransparency=\"true\"><\/iframe><\/li><li class=\"twtr\" style=\"width:90px\"><a href=\"https:\/\/twitter.com\/share\" class=\"twitter-share-button\" data-url=\"https:\/\/www.caritasne2.org.br\/site\/camara-aprova-projeto-torna-dom-helder-patrono-dos-direitos-humanos\/\">&nbsp;<\/a><script>!function(d,s,id){var js,fjs=d.getElementsByTagName(s)[0],p=\/^http:\/.test(d.location)?'http':'https';if(!d.getElementById(id)){js=d.createElement(s);js.id=id;js.src=p+':\/\/platform.twitter.com\/widgets.js';fjs.parentNode.insertBefore(js,fjs);}}(document, 'script', 'twitter-wjs');<\/script><\/li><li class=\"gplus\" style=\"width:68px\"><div class=\"g-plusone\" data-size=\"medium\" data-href=\"https:\/\/www.caritasne2.org.br\/site\/camara-aprova-projeto-torna-dom-helder-patrono-dos-direitos-humanos\/\"><\/div><\/li><li class=\"ssb_linkedin\" style=\"width:64px\"><script src=\"\/\/platform.linkedin.com\/in.js\" type=\"text\/javascript\">lang: en_US<\/script><script type=\"IN\/Share\" data-url=\"https:\/\/www.caritasne2.org.br\/site\/camara-aprova-projeto-torna-dom-helder-patrono-dos-direitos-humanos\/\" data-counter=\"right\"><\/script><\/li><\/ul>","protected":false},"author":4,"featured_media":2608,"comment_status":"open","ping_status":"open","sticky":false,"template":"","format":"standard","meta":[],"categories":[20],"tags":[67,565,396,566],"_links":{"self":[{"href":"https:\/\/www.caritasne2.org.br\/site\/wp-json\/wp\/v2\/posts\/2607"}],"collection":[{"href":"https:\/\/www.caritasne2.org.br\/site\/wp-json\/wp\/v2\/posts"}],"about":[{"href":"https:\/\/www.caritasne2.org.br\/site\/wp-json\/wp\/v2\/types\/post"}],"author":[{"embeddable":true,"href":"https:\/\/www.caritasne2.org.br\/site\/wp-json\/wp\/v2\/users\/4"}],"replies":[{"embeddable":true,"href":"https:\/\/www.caritasne2.org.br\/site\/wp-json\/wp\/v2\/comments?post=2607"}],"version-history":[{"count":0,"href":"https:\/\/www.caritasne2.org.br\/site\/wp-json\/wp\/v2\/posts\/2607\/revisions"}],"wp:featuredmedia":[{"embeddable":true,"href":"https:\/\/www.caritasne2.org.br\/site\/wp-json\/"}],"wp:attachment":[{"href":"https:\/\/www.caritasne2.org.br\/site\/wp-json\/wp\/v2\/media?parent=2607"}],"wp:term":[{"taxonomy":"category","embeddable":true,"href":"https:\/\/www.caritasne2.org.br\/site\/wp-json\/wp\/v2\/categories?post=2607"},{"taxonomy":"post_tag","embeddable":true,"href":"https:\/\/www.caritasne2.org.br\/site\/wp-json\/wp\/v2\/tags?post=2607"}],"curies":[{"name":"wp","href":"https:\/\/api.w.org\/{rel}","templated":true}]}}