{"id":2597,"date":"2015-08-21T17:08:17","date_gmt":"2015-08-21T20:08:17","guid":{"rendered":"http:\/\/ne2.caritas.org.br.s174889.gridserver.com\/?p=2597"},"modified":"2017-07-11T15:19:10","modified_gmt":"2017-07-11T18:19:10","slug":"paroquia-de-terezinha-articula-implantacao-de-caritas","status":"publish","type":"post","link":"https:\/\/www.caritasne2.org.br\/site\/paroquia-de-terezinha-articula-implantacao-de-caritas\/","title":{"rendered":"Par\u00f3quia de Terezinha articula implanta\u00e7\u00e3o de C\u00e1ritas"},"content":{"rendered":"<p style=\"text-align: justify;\">A C\u00e1ritas Brasileira Regional Nordeste 2 em parceria com a Par\u00f3quia de Santa Terezinha do Menino Jesus, no munic\u00edpio de Terezinha (PE) realizou, nesta quinta-feira (20), no Centro Pastoral, uma forma\u00e7\u00e3o com lideran\u00e7as comunit\u00e1rias da cidade para a implanta\u00e7\u00e3o da C\u00e1ritas Paroquial.<\/p>\n<p style=\"text-align: justify;\">O encontro foi iniciado com a exibi\u00e7\u00e3o do v\u00eddeo \u201cNunca deixe de voar\u201d, que aborda a import\u00e2ncia do trabalho em comunidade a partir da contribui\u00e7\u00e3o de cada um e de cada uma, assim como tamb\u00e9m a caridade que deve envolver os trabalhos coletivos para chegar aos resultados concretos.<\/p>\n<p style=\"text-align: justify;\">Em seguida, a agente C\u00e1ritas, Flavianeide Pereira, provocou os paroquianos a olharem para a realidade em que est\u00e3o inseridos e refletirem se nos locais onde vivem existem pessoas empobrecidas, que n\u00e3o contam com a solidariedade que as ajudem a enfrentar esse tipo de situa\u00e7\u00e3o. \u201c\u00c9 preciso dar oportunidade para que as pessoas percebam que n\u00e3o est\u00e3o sozinhas, mas, sim, que tem algu\u00e9m olhando, se preocupando, contribuindo com elas\u201d, provocou. A partir desse diagn\u00f3stico inicial foram apresentados os primeiros passos para a organiza\u00e7\u00e3o da C\u00e1ritas Paroquial, assim como a miss\u00e3o da C\u00e1ritas Brasileira e a motiva\u00e7\u00e3o dos\/as agentes C\u00e1ritas, que \u00e9 a defesa da vida. A apresenta\u00e7\u00e3o foi baseada na cartilha \u201cComo Organizar a A\u00e7\u00e3o C\u00e1ritas nas Par\u00f3quias\u201d, produzida pelo Secretariado Nacional.<\/p>\n<p style=\"text-align: justify;\">De acordo com o padre Marcos Andr\u00e9, que tamb\u00e9m \u00e9 coordenador das Pastorais Sociais da Diocese de Garanhuns, a dimens\u00e3o da caridade vai al\u00e9m da experi\u00eancia pessoal e, sendo assim, alcan\u00e7a a dimens\u00e3o social, atrav\u00e9s da transforma\u00e7\u00e3o da realidade que \u00e9 provocada pelo an\u00fancio do Evangelho de Jesus Cristo. \u201cA caridade crist\u00e3 precisa ser ampliada, articulada e organizada. Ent\u00e3o, para n\u00f3s, enquanto Par\u00f3quia e tamb\u00e9m como Diocese, a implanta\u00e7\u00e3o da C\u00e1ritas ser\u00e1 uma experi\u00eancia muito valiosa. Na zona rural do nosso munic\u00edpio j\u00e1 podemos ver exemplos que deram certo, como \u00e9 o caso das cisternas, por\u00e9m precisamos ampliar isso cada vez mais. Discutir a evangeliza\u00e7\u00e3o das fam\u00edlias, da juventude, entre outras, \u00e9 importante, mas estamos aqui tamb\u00e9m para discutir maneiras de evangelizar os mais pobres\u201d, afirmou o p\u00e1roco.<\/p>\n<p style=\"text-align: justify;\">Para contribuir na forma\u00e7\u00e3o, a C\u00e1ritas Brasileira Regional Nordeste 2 realizar\u00e1 um interc\u00e2mbio para a troca de experi\u00eancias com as C\u00e1ritas Paroquiais de Bu\u00edque e Tupanatinga, ambas assistidas pela C\u00e1ritas Diocesana de Pesqueira, a fim de obterem mais subs\u00eddios para a realiza\u00e7\u00e3o de um diagn\u00f3stico da realidade em que vivem. As informa\u00e7\u00f5es servir\u00e3o para nortear o plano de a\u00e7\u00e3o da C\u00e1ritas Paroquial de Terezinha, atrav\u00e9s da identifica\u00e7\u00e3o de fragilidades e fortalezas.<\/p>\n<p style=\"text-align: justify;\">\u00a0Al\u00e9m da a\u00e7\u00e3o, padre Marcos pediu as ora\u00e7\u00f5es de cada pessoa para esse novo passo que a Par\u00f3quia est\u00e1 trilhando. \u201cQuem mais sofre n\u00e3o \u00e9 aquele que tem alguma coisa, \u00e9 aquele que n\u00e3o tem nada. Precisamos nos unir. Se a gente segura um f\u00f3sforo, em pouco tempo ele quebra, mas se juntar uma caixa inteira a dificuldade \u00e9 bem maior. Ent\u00e3o, eu acredito que esse momento em que nos encontramos como Igreja \u00e9 muito importante e pe\u00e7o que voc\u00eas al\u00e9m de rezar por esse projeto, v\u00e3o tamb\u00e9m pensando com carinho, sonhando rumo a essa transforma\u00e7\u00e3o social que tanto queremos\u201d, pontuou.<\/p>\n<p style=\"text-align: justify;\">por Lidiane Santos | C\u00e1ritas Regional Nordeste 2<\/p>\n<ul class=\"ssb_list_wrapper\"><li class=\"fb2\" style=\"width:135px\"><iframe src=\"\/\/www.facebook.com\/plugins\/like.php?href=https%3A%2F%2Fwww.caritasne2.org.br%2Fsite%2Fparoquia-de-terezinha-articula-implantacao-de-caritas%2F&amp;layout=button_count&amp;action=like&amp;show_faces=false&amp;share=true&amp;width=135&amp;height=21&amp;appId=307091639398582\" scrolling=\"no\" frameborder=\"0\" style=\"border:none; overflow:hidden;  width:150px; height:21px;\" allowTransparency=\"true\"><\/iframe><\/li><li class=\"twtr\" style=\"width:90px\"><a href=\"https:\/\/twitter.com\/share\" class=\"twitter-share-button\" data-url=\"https:\/\/www.caritasne2.org.br\/site\/paroquia-de-terezinha-articula-implantacao-de-caritas\/\">&nbsp;<\/a><script>!function(d,s,id){var js,fjs=d.getElementsByTagName(s)[0],p=\/^http:\/.test(d.location)?'http':'https';if(!d.getElementById(id)){js=d.createElement(s);js.id=id;js.src=p+':\/\/platform.twitter.com\/widgets.js';fjs.parentNode.insertBefore(js,fjs);}}(document, 'script', 'twitter-wjs');<\/script><\/li><li class=\"gplus\" style=\"width:68px\"><div class=\"g-plusone\" data-size=\"medium\" data-href=\"https:\/\/www.caritasne2.org.br\/site\/paroquia-de-terezinha-articula-implantacao-de-caritas\/\"><\/div><\/li><li class=\"ssb_linkedin\" style=\"width:64px\"><script src=\"\/\/platform.linkedin.com\/in.js\" type=\"text\/javascript\">lang: en_US<\/script><script type=\"IN\/Share\" data-url=\"https:\/\/www.caritasne2.org.br\/site\/paroquia-de-terezinha-articula-implantacao-de-caritas\/\" data-counter=\"right\"><\/script><\/li><\/ul>","protected":false},"excerpt":{"rendered":"<p>A C\u00e1ritas Brasileira Regional Nordeste 2 em parceria com a Par\u00f3quia de Santa Terezinha do Menino Jesus, no munic\u00edpio de Terezinha (PE) realizou, nesta quinta-feira (20), no Centro Pastoral, uma forma\u00e7\u00e3o com lideran\u00e7as comunit\u00e1rias da cidade para a implanta\u00e7\u00e3o da C\u00e1ritas Paroquial. O encontro foi iniciado com a exibi\u00e7\u00e3o do v\u00eddeo \u201cNunca deixe de voar\u201d, que aborda a import\u00e2ncia do trabalho em comunidade a partir [&hellip;]<\/p>\n<ul class=\"ssb_list_wrapper\"><li class=\"fb2\" style=\"width:135px\"><iframe src=\"\/\/www.facebook.com\/plugins\/like.php?href=https%3A%2F%2Fwww.caritasne2.org.br%2Fsite%2Fparoquia-de-terezinha-articula-implantacao-de-caritas%2F&amp;layout=button_count&amp;action=like&amp;show_faces=false&amp;share=true&amp;width=135&amp;height=21&amp;appId=307091639398582\" scrolling=\"no\" frameborder=\"0\" style=\"border:none; overflow:hidden;  width:150px; height:21px;\" allowTransparency=\"true\"><\/iframe><\/li><li class=\"twtr\" style=\"width:90px\"><a href=\"https:\/\/twitter.com\/share\" class=\"twitter-share-button\" data-url=\"https:\/\/www.caritasne2.org.br\/site\/paroquia-de-terezinha-articula-implantacao-de-caritas\/\">&nbsp;<\/a><script>!function(d,s,id){var js,fjs=d.getElementsByTagName(s)[0],p=\/^http:\/.test(d.location)?'http':'https';if(!d.getElementById(id)){js=d.createElement(s);js.id=id;js.src=p+':\/\/platform.twitter.com\/widgets.js';fjs.parentNode.insertBefore(js,fjs);}}(document, 'script', 'twitter-wjs');<\/script><\/li><li class=\"gplus\" style=\"width:68px\"><div class=\"g-plusone\" data-size=\"medium\" data-href=\"https:\/\/www.caritasne2.org.br\/site\/paroquia-de-terezinha-articula-implantacao-de-caritas\/\"><\/div><\/li><li class=\"ssb_linkedin\" style=\"width:64px\"><script src=\"\/\/platform.linkedin.com\/in.js\" type=\"text\/javascript\">lang: en_US<\/script><script type=\"IN\/Share\" data-url=\"https:\/\/www.caritasne2.org.br\/site\/paroquia-de-terezinha-articula-implantacao-de-caritas\/\" data-counter=\"right\"><\/script><\/li><\/ul>","protected":false},"author":4,"featured_media":2598,"comment_status":"open","ping_status":"open","sticky":false,"template":"","format":"standard","meta":[],"categories":[20,466],"tags":[563,67],"_links":{"self":[{"href":"https:\/\/www.caritasne2.org.br\/site\/wp-json\/wp\/v2\/posts\/2597"}],"collection":[{"href":"https:\/\/www.caritasne2.org.br\/site\/wp-json\/wp\/v2\/posts"}],"about":[{"href":"https:\/\/www.caritasne2.org.br\/site\/wp-json\/wp\/v2\/types\/post"}],"author":[{"embeddable":true,"href":"https:\/\/www.caritasne2.org.br\/site\/wp-json\/wp\/v2\/users\/4"}],"replies":[{"embeddable":true,"href":"https:\/\/www.caritasne2.org.br\/site\/wp-json\/wp\/v2\/comments?post=2597"}],"version-history":[{"count":0,"href":"https:\/\/www.caritasne2.org.br\/site\/wp-json\/wp\/v2\/posts\/2597\/revisions"}],"wp:featuredmedia":[{"embeddable":true,"href":"https:\/\/www.caritasne2.org.br\/site\/wp-json\/"}],"wp:attachment":[{"href":"https:\/\/www.caritasne2.org.br\/site\/wp-json\/wp\/v2\/media?parent=2597"}],"wp:term":[{"taxonomy":"category","embeddable":true,"href":"https:\/\/www.caritasne2.org.br\/site\/wp-json\/wp\/v2\/categories?post=2597"},{"taxonomy":"post_tag","embeddable":true,"href":"https:\/\/www.caritasne2.org.br\/site\/wp-json\/wp\/v2\/tags?post=2597"}],"curies":[{"name":"wp","href":"https:\/\/api.w.org\/{rel}","templated":true}]}}