{"id":2564,"date":"2015-07-20T09:59:49","date_gmt":"2015-07-20T12:59:49","guid":{"rendered":"http:\/\/ne2.caritas.org.br.s174889.gridserver.com\/?p=2564"},"modified":"2017-07-11T15:19:25","modified_gmt":"2017-07-11T18:19:25","slug":"1500-agricultores-celebram-dia-agricultor-caminhada-pelas-ruas-de-pesqueira","status":"publish","type":"post","link":"https:\/\/www.caritasne2.org.br\/site\/1500-agricultores-celebram-dia-agricultor-caminhada-pelas-ruas-de-pesqueira\/","title":{"rendered":"1500 agricultores celebram o Dia do Agricultor com caminhada pelas ruas de Pesqueira"},"content":{"rendered":"<p align=\"center\"><em>No Brasil, a agricultura familiar \u00e9 respons\u00e1vel por 70% da alimenta\u00e7\u00e3o que vai \u00e0 mesa da popula\u00e7\u00e3o<\/em><\/p>\n<p style=\"text-align: justify;\">Chamado de campon\u00eas, homem do campo, lavrador e tantas outras defini\u00e7\u00f5es, o trabalho do agricultor \u00e9 primordial para a sociedade, pois ele produz o alimento que partilhamos. No Brasil, a agricultura familiar \u00e9 respons\u00e1vel por 70% da alimenta\u00e7\u00e3o que vai \u00e0 mesa da popula\u00e7\u00e3o. Fora do pa\u00eds n\u00e3o \u00e9 diferente, ela tamb\u00e9m tem uma grande import\u00e2ncia na alimenta\u00e7\u00e3o da popula\u00e7\u00e3o do mundo. E a C\u00e1ritas Diocesana de Pesqueira no dia 24 de julho promover\u00e1 um grande evento em comemora\u00e7\u00e3o a data.<\/p>\n<p style=\"text-align: justify;\">O dia iniciar\u00e1 com programa\u00e7\u00e3o na Pra\u00e7a Dom Jos\u00e9 Lopes, recebendo os agricultores\/as, apresenta\u00e7\u00e3o de atra\u00e7\u00f5es culturais da regi\u00e3o e uma Feira Agroecol\u00f3gica. Em seguida, teremos uma caminhada pelas ruas da cidade, culminando na Pra\u00e7a Comendador Jos\u00e9 Didier, em fronte \u00e0 Sede da C\u00e1ritas, com a b\u00ean\u00e7\u00e3o do bispo Diocesano, Dom Jos\u00e9 Lu\u00edz, e, distribui\u00e7\u00e3o de almo\u00e7o.<\/p>\n<p style=\"text-align: justify;\">\u201cPretendemos fazer um momento bonito, celebrar as conquistas da agricultura familiar na regi\u00e3o, mas tamb\u00e9m reafirmar nossa luta para que as politicas publicas sejam efetivadas, garantindo assim uma vida digna para as pessoas que moram no campo\u201d, diz a secret\u00e1ria executiva da C\u00e1ritas Diocesana de Pesqueira, Neilda Pereira.<\/p>\n<p style=\"text-align: justify;\">O objetivo \u00e9 conscientizar e sensibilizar a sociedade diante \u00e0queles que n\u00e3o s\u00e3o reconhecidos e nem tampouco considerados como a principal m\u00e3o de obra da na\u00e7\u00e3o. O evento pretende mobilizar 1.500 agricultores\/as de v\u00e1rios munic\u00edpios para juntos caminharem pelas ruas da cidade de Pesqueira, carregando consigo os seus principais pertences, chap\u00e9u de palha, enxada e sementes.<\/p>\n<p style=\"text-align: justify;\">Servi\u00e7o:<\/p>\n<p style=\"text-align: justify;\">Dia do Agricultor<\/p>\n<p style=\"text-align: justify;\">Concentra\u00e7\u00e3o: Catedral de Santa \u00c1gueda \u2013 Centro \u2013 Pesqueira.<\/p>\n<p style=\"text-align: justify;\">Data: 24 de Julho.<\/p>\n<p style=\"text-align: justify;\">Hor\u00e1rio: 8h.<\/p>\n<p style=\"text-align: justify;\">por N\u00facleo de Comunica\u00e7\u00e3o da C\u00e1ritas Diocesana de Pesqueira<\/p>\n<ul class=\"ssb_list_wrapper\"><li class=\"fb2\" style=\"width:135px\"><iframe src=\"\/\/www.facebook.com\/plugins\/like.php?href=https%3A%2F%2Fwww.caritasne2.org.br%2Fsite%2F1500-agricultores-celebram-dia-agricultor-caminhada-pelas-ruas-de-pesqueira%2F&amp;layout=button_count&amp;action=like&amp;show_faces=false&amp;share=true&amp;width=135&amp;height=21&amp;appId=307091639398582\" scrolling=\"no\" frameborder=\"0\" style=\"border:none; overflow:hidden;  width:150px; height:21px;\" allowTransparency=\"true\"><\/iframe><\/li><li class=\"twtr\" style=\"width:90px\"><a href=\"https:\/\/twitter.com\/share\" class=\"twitter-share-button\" data-url=\"https:\/\/www.caritasne2.org.br\/site\/1500-agricultores-celebram-dia-agricultor-caminhada-pelas-ruas-de-pesqueira\/\">&nbsp;<\/a><script>!function(d,s,id){var js,fjs=d.getElementsByTagName(s)[0],p=\/^http:\/.test(d.location)?'http':'https';if(!d.getElementById(id)){js=d.createElement(s);js.id=id;js.src=p+':\/\/platform.twitter.com\/widgets.js';fjs.parentNode.insertBefore(js,fjs);}}(document, 'script', 'twitter-wjs');<\/script><\/li><li class=\"gplus\" style=\"width:68px\"><div class=\"g-plusone\" data-size=\"medium\" data-href=\"https:\/\/www.caritasne2.org.br\/site\/1500-agricultores-celebram-dia-agricultor-caminhada-pelas-ruas-de-pesqueira\/\"><\/div><\/li><li class=\"ssb_linkedin\" style=\"width:64px\"><script src=\"\/\/platform.linkedin.com\/in.js\" type=\"text\/javascript\">lang: en_US<\/script><script type=\"IN\/Share\" data-url=\"https:\/\/www.caritasne2.org.br\/site\/1500-agricultores-celebram-dia-agricultor-caminhada-pelas-ruas-de-pesqueira\/\" data-counter=\"right\"><\/script><\/li><\/ul>","protected":false},"excerpt":{"rendered":"<p>No Brasil, a agricultura familiar \u00e9 respons\u00e1vel por 70% da alimenta\u00e7\u00e3o que vai \u00e0 mesa da popula\u00e7\u00e3o Chamado de campon\u00eas, homem do campo, lavrador e tantas outras defini\u00e7\u00f5es, o trabalho do agricultor \u00e9 primordial para a sociedade, pois ele produz o alimento que partilhamos. No Brasil, a agricultura familiar \u00e9 respons\u00e1vel por 70% da alimenta\u00e7\u00e3o que vai \u00e0 mesa da popula\u00e7\u00e3o. Fora do pa\u00eds n\u00e3o [&hellip;]<\/p>\n<ul class=\"ssb_list_wrapper\"><li class=\"fb2\" style=\"width:135px\"><iframe src=\"\/\/www.facebook.com\/plugins\/like.php?href=https%3A%2F%2Fwww.caritasne2.org.br%2Fsite%2F1500-agricultores-celebram-dia-agricultor-caminhada-pelas-ruas-de-pesqueira%2F&amp;layout=button_count&amp;action=like&amp;show_faces=false&amp;share=true&amp;width=135&amp;height=21&amp;appId=307091639398582\" scrolling=\"no\" frameborder=\"0\" style=\"border:none; overflow:hidden;  width:150px; height:21px;\" allowTransparency=\"true\"><\/iframe><\/li><li class=\"twtr\" style=\"width:90px\"><a href=\"https:\/\/twitter.com\/share\" class=\"twitter-share-button\" data-url=\"https:\/\/www.caritasne2.org.br\/site\/1500-agricultores-celebram-dia-agricultor-caminhada-pelas-ruas-de-pesqueira\/\">&nbsp;<\/a><script>!function(d,s,id){var js,fjs=d.getElementsByTagName(s)[0],p=\/^http:\/.test(d.location)?'http':'https';if(!d.getElementById(id)){js=d.createElement(s);js.id=id;js.src=p+':\/\/platform.twitter.com\/widgets.js';fjs.parentNode.insertBefore(js,fjs);}}(document, 'script', 'twitter-wjs');<\/script><\/li><li class=\"gplus\" style=\"width:68px\"><div class=\"g-plusone\" data-size=\"medium\" data-href=\"https:\/\/www.caritasne2.org.br\/site\/1500-agricultores-celebram-dia-agricultor-caminhada-pelas-ruas-de-pesqueira\/\"><\/div><\/li><li class=\"ssb_linkedin\" style=\"width:64px\"><script src=\"\/\/platform.linkedin.com\/in.js\" type=\"text\/javascript\">lang: en_US<\/script><script type=\"IN\/Share\" data-url=\"https:\/\/www.caritasne2.org.br\/site\/1500-agricultores-celebram-dia-agricultor-caminhada-pelas-ruas-de-pesqueira\/\" data-counter=\"right\"><\/script><\/li><\/ul>","protected":false},"author":4,"featured_media":2565,"comment_status":"open","ping_status":"open","sticky":false,"template":"","format":"standard","meta":[],"categories":[555,20,455],"tags":[183,67,428],"_links":{"self":[{"href":"https:\/\/www.caritasne2.org.br\/site\/wp-json\/wp\/v2\/posts\/2564"}],"collection":[{"href":"https:\/\/www.caritasne2.org.br\/site\/wp-json\/wp\/v2\/posts"}],"about":[{"href":"https:\/\/www.caritasne2.org.br\/site\/wp-json\/wp\/v2\/types\/post"}],"author":[{"embeddable":true,"href":"https:\/\/www.caritasne2.org.br\/site\/wp-json\/wp\/v2\/users\/4"}],"replies":[{"embeddable":true,"href":"https:\/\/www.caritasne2.org.br\/site\/wp-json\/wp\/v2\/comments?post=2564"}],"version-history":[{"count":0,"href":"https:\/\/www.caritasne2.org.br\/site\/wp-json\/wp\/v2\/posts\/2564\/revisions"}],"wp:featuredmedia":[{"embeddable":true,"href":"https:\/\/www.caritasne2.org.br\/site\/wp-json\/"}],"wp:attachment":[{"href":"https:\/\/www.caritasne2.org.br\/site\/wp-json\/wp\/v2\/media?parent=2564"}],"wp:term":[{"taxonomy":"category","embeddable":true,"href":"https:\/\/www.caritasne2.org.br\/site\/wp-json\/wp\/v2\/categories?post=2564"},{"taxonomy":"post_tag","embeddable":true,"href":"https:\/\/www.caritasne2.org.br\/site\/wp-json\/wp\/v2\/tags?post=2564"}],"curies":[{"name":"wp","href":"https:\/\/api.w.org\/{rel}","templated":true}]}}