{"id":2554,"date":"2015-06-19T16:57:10","date_gmt":"2015-06-19T19:57:10","guid":{"rendered":"http:\/\/ne2.caritas.org.br.s174889.gridserver.com\/?p=2554"},"modified":"2017-07-11T15:19:25","modified_gmt":"2017-07-11T18:19:25","slug":"apos-encontro-em-crateus-ce-mulheres-semiarido-brasileiro-lancam-carta","status":"publish","type":"post","link":"https:\/\/www.caritasne2.org.br\/site\/apos-encontro-em-crateus-ce-mulheres-semiarido-brasileiro-lancam-carta\/","title":{"rendered":"Ap\u00f3s Encontro em Crate\u00fas (CE), Mulheres do Semi\u00e1rido Brasileiro lan\u00e7am Carta"},"content":{"rendered":"<p style=\"text-align: justify;\">Mulheres do campo e da cidade do Semi\u00e1rido Brasileiro reuniram-se nos dias 03 e 04 de junho, no 1\u00ba Encontro de Mulheres do Semi\u00e1rido, na cidade de Crate\u00fas (CE). Cerca de 80 mulheres, representantes dos Estados de Alagoas, Cear\u00e1, Bahia, Esp\u00edrito Santo, Maranh\u00e3o, Minas Gerais, Para\u00edba, Pernambuco, Piau\u00ed, Rio Grande do Norte e Sergipe), entre agricultoras experimentadoras, artes\u00e3s, lideran\u00e7as comunit\u00e1rias e agentes C\u00e1ritas envolvidas nas a\u00e7\u00f5es de Conviv\u00eancia com o Semi\u00e1rido e com a Economia Popular Solid\u00e1ria, participaram do momento.<\/p>\n<p style=\"text-align: justify;\">O encontro teve um grande significado pol\u00edtico para a reflex\u00e3o sobre a realidade, a participa\u00e7\u00e3o e a organiza\u00e7\u00e3o pol\u00edtica das mulheres, a inser\u00e7\u00e3o das mulheres no mundo do trabalho, conquistas, desafios e para o interc\u00e2mbio de experi\u00eancias.<\/p>\n<p style=\"text-align: justify;\">\u00a0A partir da troca de experi\u00eancias de vida e os princ\u00edpios feministas, abordados nesse encontro, foi produzida a Carta das Mulheres do Semi\u00e1rido. Conhe\u00e7a o documento:<\/p>\n<p style=\"text-align: justify;\">\u00a0<a title=\"Carta das Mulheres do Semi\u00e1rido\" href=\"http:\/\/ne2.caritas.org.br.s174889.gridserver.com\/wp-content\/uploads\/2015\/06\/Carta-das-Mulheres-do-Semi\u00e1rido.pdf\">Carta das Mulheres do Semi\u00e1rido<\/a><\/p>\n<p style=\"text-align: justify;\">\u00a0Por Assessoria de Comunica\u00e7\u00e3o da C\u00e1ritas Brasileira<\/p>\n<ul class=\"ssb_list_wrapper\"><li class=\"fb2\" style=\"width:135px\"><iframe src=\"\/\/www.facebook.com\/plugins\/like.php?href=https%3A%2F%2Fwww.caritasne2.org.br%2Fsite%2Fapos-encontro-em-crateus-ce-mulheres-semiarido-brasileiro-lancam-carta%2F&amp;layout=button_count&amp;action=like&amp;show_faces=false&amp;share=true&amp;width=135&amp;height=21&amp;appId=307091639398582\" scrolling=\"no\" frameborder=\"0\" style=\"border:none; overflow:hidden;  width:150px; height:21px;\" allowTransparency=\"true\"><\/iframe><\/li><li class=\"twtr\" style=\"width:90px\"><a href=\"https:\/\/twitter.com\/share\" class=\"twitter-share-button\" data-url=\"https:\/\/www.caritasne2.org.br\/site\/apos-encontro-em-crateus-ce-mulheres-semiarido-brasileiro-lancam-carta\/\">&nbsp;<\/a><script>!function(d,s,id){var js,fjs=d.getElementsByTagName(s)[0],p=\/^http:\/.test(d.location)?'http':'https';if(!d.getElementById(id)){js=d.createElement(s);js.id=id;js.src=p+':\/\/platform.twitter.com\/widgets.js';fjs.parentNode.insertBefore(js,fjs);}}(document, 'script', 'twitter-wjs');<\/script><\/li><li class=\"gplus\" style=\"width:68px\"><div class=\"g-plusone\" data-size=\"medium\" data-href=\"https:\/\/www.caritasne2.org.br\/site\/apos-encontro-em-crateus-ce-mulheres-semiarido-brasileiro-lancam-carta\/\"><\/div><\/li><li class=\"ssb_linkedin\" style=\"width:64px\"><script src=\"\/\/platform.linkedin.com\/in.js\" type=\"text\/javascript\">lang: en_US<\/script><script type=\"IN\/Share\" data-url=\"https:\/\/www.caritasne2.org.br\/site\/apos-encontro-em-crateus-ce-mulheres-semiarido-brasileiro-lancam-carta\/\" data-counter=\"right\"><\/script><\/li><\/ul>","protected":false},"excerpt":{"rendered":"<p>Mulheres do campo e da cidade do Semi\u00e1rido Brasileiro reuniram-se nos dias 03 e 04 de junho, no 1\u00ba Encontro de Mulheres do Semi\u00e1rido, na cidade de Crate\u00fas (CE). Cerca de 80 mulheres, representantes dos Estados de Alagoas, Cear\u00e1, Bahia, Esp\u00edrito Santo, Maranh\u00e3o, Minas Gerais, Para\u00edba, Pernambuco, Piau\u00ed, Rio Grande do Norte e Sergipe), entre agricultoras experimentadoras, artes\u00e3s, lideran\u00e7as comunit\u00e1rias e agentes C\u00e1ritas envolvidas nas [&hellip;]<\/p>\n<ul class=\"ssb_list_wrapper\"><li class=\"fb2\" style=\"width:135px\"><iframe src=\"\/\/www.facebook.com\/plugins\/like.php?href=https%3A%2F%2Fwww.caritasne2.org.br%2Fsite%2Fapos-encontro-em-crateus-ce-mulheres-semiarido-brasileiro-lancam-carta%2F&amp;layout=button_count&amp;action=like&amp;show_faces=false&amp;share=true&amp;width=135&amp;height=21&amp;appId=307091639398582\" scrolling=\"no\" frameborder=\"0\" style=\"border:none; overflow:hidden;  width:150px; height:21px;\" allowTransparency=\"true\"><\/iframe><\/li><li class=\"twtr\" style=\"width:90px\"><a href=\"https:\/\/twitter.com\/share\" class=\"twitter-share-button\" data-url=\"https:\/\/www.caritasne2.org.br\/site\/apos-encontro-em-crateus-ce-mulheres-semiarido-brasileiro-lancam-carta\/\">&nbsp;<\/a><script>!function(d,s,id){var js,fjs=d.getElementsByTagName(s)[0],p=\/^http:\/.test(d.location)?'http':'https';if(!d.getElementById(id)){js=d.createElement(s);js.id=id;js.src=p+':\/\/platform.twitter.com\/widgets.js';fjs.parentNode.insertBefore(js,fjs);}}(document, 'script', 'twitter-wjs');<\/script><\/li><li class=\"gplus\" style=\"width:68px\"><div class=\"g-plusone\" data-size=\"medium\" data-href=\"https:\/\/www.caritasne2.org.br\/site\/apos-encontro-em-crateus-ce-mulheres-semiarido-brasileiro-lancam-carta\/\"><\/div><\/li><li class=\"ssb_linkedin\" style=\"width:64px\"><script src=\"\/\/platform.linkedin.com\/in.js\" type=\"text\/javascript\">lang: en_US<\/script><script type=\"IN\/Share\" data-url=\"https:\/\/www.caritasne2.org.br\/site\/apos-encontro-em-crateus-ce-mulheres-semiarido-brasileiro-lancam-carta\/\" data-counter=\"right\"><\/script><\/li><\/ul>","protected":false},"author":4,"featured_media":2561,"comment_status":"open","ping_status":"open","sticky":false,"template":"","format":"standard","meta":[],"categories":[20,466,455],"tags":[554,67],"_links":{"self":[{"href":"https:\/\/www.caritasne2.org.br\/site\/wp-json\/wp\/v2\/posts\/2554"}],"collection":[{"href":"https:\/\/www.caritasne2.org.br\/site\/wp-json\/wp\/v2\/posts"}],"about":[{"href":"https:\/\/www.caritasne2.org.br\/site\/wp-json\/wp\/v2\/types\/post"}],"author":[{"embeddable":true,"href":"https:\/\/www.caritasne2.org.br\/site\/wp-json\/wp\/v2\/users\/4"}],"replies":[{"embeddable":true,"href":"https:\/\/www.caritasne2.org.br\/site\/wp-json\/wp\/v2\/comments?post=2554"}],"version-history":[{"count":0,"href":"https:\/\/www.caritasne2.org.br\/site\/wp-json\/wp\/v2\/posts\/2554\/revisions"}],"wp:featuredmedia":[{"embeddable":true,"href":"https:\/\/www.caritasne2.org.br\/site\/wp-json\/"}],"wp:attachment":[{"href":"https:\/\/www.caritasne2.org.br\/site\/wp-json\/wp\/v2\/media?parent=2554"}],"wp:term":[{"taxonomy":"category","embeddable":true,"href":"https:\/\/www.caritasne2.org.br\/site\/wp-json\/wp\/v2\/categories?post=2554"},{"taxonomy":"post_tag","embeddable":true,"href":"https:\/\/www.caritasne2.org.br\/site\/wp-json\/wp\/v2\/tags?post=2554"}],"curies":[{"name":"wp","href":"https:\/\/api.w.org\/{rel}","templated":true}]}}