{"id":2526,"date":"2015-06-08T16:25:43","date_gmt":"2015-06-08T19:25:43","guid":{"rendered":"http:\/\/ne2.caritas.org.br.s174889.gridserver.com\/?p=2526"},"modified":"2017-07-11T15:19:25","modified_gmt":"2017-07-11T18:19:25","slug":"caritas-brasileira-realiza-encontros-de-mulheres-eps-catadoresas-em-feira-ceara","status":"publish","type":"post","link":"https:\/\/www.caritasne2.org.br\/site\/caritas-brasileira-realiza-encontros-de-mulheres-eps-catadoresas-em-feira-ceara\/","title":{"rendered":"C\u00e1ritas Brasileira realiza encontros de mulheres, EPS e catadores\/as em Feira no Cear\u00e1"},"content":{"rendered":"<p style=\"text-align: justify;\">Choveu em Crate\u00fas na quinta-feira (04). Essa not\u00edcia, em si, j\u00e1 seria suficiente para encher de alegria e esperan\u00e7a o povo sertanejo da regi\u00e3o dos Inhamuns-Crate\u00fas, no Cear\u00e1. Mas, al\u00e9m disso, a \u00e1gua que caiu do c\u00e9u coroou o sucesso do primeiro dia de realiza\u00e7\u00e3o da XI Feira da Agricultura Familiar e Economia Popular Solid\u00e1ria, encerrada na noite do dia seguinte (05\/06), na pra\u00e7a Gentil Cardoso, localizada em terras crateuenses. Realizado no 4\u00ba ano de seca neste territ\u00f3rio, o evento \u00e9 mais um forte ind\u00edcio de como as aprendizagens e tecnologias voltadas \u00e0 conviv\u00eancia com o Semi\u00e1rido tornam, de fato, este ch\u00e3o recheado de resist\u00eancias um lugar bom para bem viver. Testemunharam esses milagres da vida e da esperan\u00e7a pessoas de v\u00e1rias partes do Brasil, que vieram somar suas cirandas \u00e0s deste evento.<\/p>\n<p style=\"text-align: justify;\">\u201cNeste ano, para fortalecer essa caminhada que j\u00e1 \u00e9 uma refer\u00eancia para a rede C\u00e1ritas, no que se refere \u00e0 realiza\u00e7\u00e3o de feira da agricultura familiar no Nordeste, trouxemos para dentro deste ambiente o Encontro Nacional de Encontro de Economia Popular Solid\u00e1ria, onde foi realizado o monitoramento do projeto nacional de Fundos Rotativos, assim como o Encontro de Mulheres do Semi\u00e1rido da Rede C\u00e1ritas\u201d, explicou Marcelo Lemos, assessor do secretariado nacional da C\u00e1ritas Brasileira. Al\u00e9m destes eventos, tamb\u00e9m foi experienciado em Crate\u00fas nestes dias o Interc\u00e2mbio Estadual de Catadoras\/es de Material Recicl\u00e1vel. Estas rodas de conversa trouxeram, \u00e0 din\u00e2mica da feira, representantes de 15 estados brasileiros.<\/p>\n<p style=\"text-align: justify;\">Na manh\u00e3 do primeiro dia, enquanto cadastravam-se as\/os feirantes de 30 munic\u00edpios (19 das 20 cidades do territ\u00f3rio Inhamuns-Crate\u00fas presentes, n\u00famero de dif\u00edcil alcance mesmo em anos de inverno regular), eram finalizados o Encontro de Mulheres do Semi\u00e1rido, realizado nos dias 03 e 04 no audit\u00f3rio do IFCE-Campus Crate\u00fas, e o Encontro da Rede C\u00e1ritas EPS, vivenciados nos mesmos dias, mas no audit\u00f3rio da C\u00e1ritas Diocesana de Crate\u00fas. Estas atividades foram encerradas ainda pela manh\u00e3, enquanto o Interc\u00e2mbio Estadual de Catadoras\/es de Material Recicl\u00e1vel iniciava as a\u00e7\u00f5es, que culminariam apenas ao p\u00f4r do sol.<\/p>\n<p><a href=\"http:\/\/ne2.caritas.org.br.s174889.gridserver.com\/2015\/06\/08\/caritas-brasileira-realiza-encontros-de-mulheres-eps-catadoresas-em-feira-ceara\/foto-encontro-de-mulheres-crateus\/\" rel=\"attachment wp-att-2529\"><img decoding=\"async\" loading=\"lazy\" class=\"aligncenter size-medium wp-image-2529\" title=\"Foto encontro de mulheres Crateus\" src=\"http:\/\/ne2.caritas.org.br.s174889.gridserver.com\/wp-content\/uploads\/2015\/06\/Foto-encontro-de-mulheres-Crateus-300x199.jpg\" alt=\"\" width=\"300\" height=\"199\" \/><\/a><\/p>\n<p style=\"text-align: justify;\">Do Interc\u00e2mbio, participaram catadoras\/es de materiais recicl\u00e1veis das regi\u00f5es de Fortaleza, Metropolitana, Vale do Jaguaribe e Cariri, representando a Rede Estadual de Interc\u00e2mbio sobre Programa de Coleta Seletiva da Secretaria de Meio Ambiente de Crate\u00fas. O objetivo era conhecer a experi\u00eancia do munic\u00edpio que j\u00e1 foi contemplado em 2013 com o Pr\u00eamio Pr\u00f3 Catador, do governo Federal, por ter iniciativa de Coleta Seletiva com inclus\u00e3o das\/os catadoras\/es, como prev\u00ea a Pol\u00edtica Nacional de Res\u00edduos S\u00f3lidos (lei 12.305 de agosto de 2010). Nas regi\u00f5es citadas, onde h\u00e1 acompanhamento da C\u00e1ritas Regional Cear\u00e1 junto \u00e0s organiza\u00e7\u00f5es desta categoria, ainda n\u00e3o \u00e9 poss\u00edvel perceber avan\u00e7os na efetiva\u00e7\u00e3o da pol\u00edtica citada. A categoria ainda luta por espa\u00e7os adequados de trabalho, equipamentos, coleta seletiva e contrata\u00e7\u00e3o por servi\u00e7os prestados, dentre outros direitos.<\/p>\n<p style=\"text-align: justify;\">\u201cSe em Barbalha a gente chegasse ao menos a 10% disso aqui eu acharia um sonho\u201d, desabafou o catador de materiais recicl\u00e1veis Jos\u00e9 Justino da Silva, referindo-se ao descaso na aplica\u00e7\u00e3o da lei federal em seu munic\u00edpio. Realidade que se repete na grande maioria das cidades brasileiras. Justino declarou ter ficado feliz em poder participar da feira e participado deste debate.<\/p>\n<p style=\"text-align: justify;\"><strong>ENCONTRO DA REDE C\u00c1RITAS EPS<\/strong><\/p>\n<p style=\"text-align: justify;\">Durante o movimentado encontro da Rede C\u00e1ritas de Economia Popular Solid\u00e1ria (EPS), houve espa\u00e7o para apresentar o Projeto de Fortalecimento da Economia Solid\u00e1ria no Brasil, financiado pela Comunidade Europeia. Tamb\u00e9m foi realizada a segunda etapa do monitoramento do projeto de Fundos Rotativos Solid\u00e1rios. Al\u00e9m da troca de informa\u00e7\u00f5es a respeito do andamento deste processo, tido como prioridade para a maioria das C\u00e1ritas diocesanas e entidades membro do Brasil, o encontro tamb\u00e9m serviu para fortalecer a experi\u00eancia da feira de agricultura familiar e economia popular solid\u00e1ria da regi\u00e3o de Crate\u00fas.<\/p>\n<p>\u201cEsse espa\u00e7o [da feira] \u00e9 muito representativo, de muita luta e muita teimosia, no bom sentido. De muitas pessoas de Crate\u00fas e toda regi\u00e3o que fizeram e fazem deste evento como espa\u00e7o que vem se consolidando cada vez mais como uma feira de refer\u00eancia nacional. Quem sabe ano que vem n\u00f3s n\u00e3o vamos dobrar o n\u00famero de pessoas, dobrar os estados? Esse tamb\u00e9m \u00e9 o compromisso da C\u00e1ritas Brasileira, da C\u00e1ritas do Cear\u00e1 e tamb\u00e9m da C\u00e1ritas de Crate\u00fas\u201d, ponderou Fernando Zamban, do Secretariado Nacional da C\u00e1ritas Brasileira.<\/p>\n<p><strong>ENCONTRO DE MULHERES DO SEMI\u00c1RIDO<\/strong><\/p>\n<p>\u201c\u00c9 no Semi\u00e1rido que a vida pulsa, \u00e9 no Semi\u00e1rido que as mulheres resistem\u201d!<\/p>\n<p>Troca de experi\u00eancias sobre conviv\u00eancia com o Semi\u00e1rido, constru\u00e7\u00e3o de uma consci\u00eancia voltada para o protagonismo social e o empoderamento dos direitos. As participantes do Encontro de Mulheres do Semi\u00e1rido chegaram ao segundo e \u00faltimo dia do evento, quinta-feira (04), com a promessa de multiplicar para outros espa\u00e7os tudo o que foi visto e ouvido.<\/p>\n<p>O in\u00edcio das atividades do segundo dia do evento ficou por conta da exibi\u00e7\u00e3o do v\u00eddeo \u201cVida Maria\u201d. A anima\u00e7\u00e3o audiovisual conta a hist\u00f3ria de Maria Jos\u00e9, uma menina que mora na zona rural e, como tantas outras, n\u00e3o consegue realizar o sonho de estudar, pois vive em um cen\u00e1rio onde o caminho para as mulheres limita-se ao casamento e \u00e0 maternidade. O costume, mostrado no v\u00eddeo, \u00e9 passado de gera\u00e7\u00e3o em gera\u00e7\u00e3o e Maria Jos\u00e9 reproduz para a filha a mesma situa\u00e7\u00e3o que viveu.<\/p>\n<p style=\"text-align: center;\"><a href=\"http:\/\/ne2.caritas.org.br.s174889.gridserver.com\/2015\/06\/08\/caritas-brasileira-realiza-encontros-de-mulheres-eps-catadoresas-em-feira-ceara\/11334220_1622242388022187_3602403232963729939_o\/\" rel=\"attachment wp-att-2528\"><img decoding=\"async\" loading=\"lazy\" class=\"aligncenter size-medium wp-image-2528\" title=\"11334220_1622242388022187_3602403232963729939_o\" src=\"http:\/\/ne2.caritas.org.br.s174889.gridserver.com\/wp-content\/uploads\/2015\/06\/11334220_1622242388022187_3602403232963729939_o-267x300.jpg\" alt=\"\" width=\"267\" height=\"300\" \/><\/a><\/p>\n<p>Em seguida, foi formada uma mesa de discuss\u00e3o que reuniu mulheres que vivem o contexto do Semi\u00e1rido sob diferentes atua\u00e7\u00f5es: agricultora, t\u00e9cnica de campo, educadora popular e militante de movimentos. Na ocasi\u00e3o, foi poss\u00edvel apresentar o campo como um espa\u00e7o rico em oportunidades e saberes, mas tamb\u00e9m um lugar onde vivem mulheres que resistem \u00e0s desigualdades, que enfrentam as dificuldades e se fortalecem a cada dia.<\/p>\n<p style=\"text-align: justify;\">Ainda durante a manh\u00e3, foi apresentado o Manifesto da Marcha Regional das Mulheres Negras do Cariri que, neste ano, ser\u00e1 realizada no dia 18 de novembro, em Bras\u00edlia (DF). Como bandeira de luta, est\u00e3o pautados o fim do feminic\u00eddio das mulheres negras, a investiga\u00e7\u00e3o de todos os casos de viol\u00eancia dom\u00e9stica, o fim do racismo e sexismo produzidos pela m\u00eddia, o fim do desrespeito religioso, o acesso aos servi\u00e7os de sa\u00fade com qualidade nos atendimentos, a penaliza\u00e7\u00e3o pela discrimina\u00e7\u00e3o racial, entre outros pontos. No Brasil, de acordo com o documento apresentado, estima-se que as mulheres negras representem 25% da popula\u00e7\u00e3o, um percentual equivalente a 49 milh\u00f5es delas.<\/p>\n<p style=\"text-align: justify;\">O fim do encontro foi marcado pela m\u00edstica de envio, quando as mulheres, em dupla, fizeram um sinal na companheira com \u00e1gua, como forma de b\u00ean\u00e7\u00e3o. O momento foi realizado ao som da m\u00fasica \u201cMaria, Maria\u201d, interpretada por Milton Nascimento.<\/p>\n<p style=\"text-align: justify;\">De acordo com a agricultora e l\u00edder comunit\u00e1ria, Alzira Ramos, 37, a participa\u00e7\u00e3o no evento proporcionou mais do que novos conhecimentos, mas tamb\u00e9m uma nova pessoa. \u201cDo munic\u00edpio de Pedra, em Pernambuco, que \u00e9 de onde eu venho, jamais imaginaria participar de um evento como esse e aprender tudo o que eu vi e escutei aqui. Al\u00e9m de satisfeita e agradecida \u00e0 C\u00e1ritas pela oportunidade, eu volto para casa me sentindo uma nova mulher. Levo na bagagem novos conhecimentos, novas experi\u00eancias e n\u00e3o quero guardar isso apenas para mim, mas vou compartilhar com outras mulheres da minha comunidade, porque o objetivo \u00e9 ajudar o pr\u00f3ximo. Cada vez me sinto mais completa\u201d, afirmou.<\/p>\n<p style=\"text-align: justify;\">\n<p style=\"text-align: justify;\"><em>Por Eraldo Paulino, comunicador popular da C\u00e1ritas Diocesana de Crate\u00fas, e Lidiane Santos, comunicadora popular da C\u00e1ritas Brasileira Regional Nordeste 2, com a colabora\u00e7\u00e3o de Solange Santana, comunicadora popular da C\u00e1ritas Diocesana de Crato, e Silvania Mendes, comunicadora popular da C\u00e1ritas Diocesana de Limoeiro<\/em><\/p>\n<ul class=\"ssb_list_wrapper\"><li class=\"fb2\" style=\"width:135px\"><iframe src=\"\/\/www.facebook.com\/plugins\/like.php?href=https%3A%2F%2Fwww.caritasne2.org.br%2Fsite%2Fcaritas-brasileira-realiza-encontros-de-mulheres-eps-catadoresas-em-feira-ceara%2F&amp;layout=button_count&amp;action=like&amp;show_faces=false&amp;share=true&amp;width=135&amp;height=21&amp;appId=307091639398582\" scrolling=\"no\" frameborder=\"0\" style=\"border:none; overflow:hidden;  width:150px; height:21px;\" allowTransparency=\"true\"><\/iframe><\/li><li class=\"twtr\" style=\"width:90px\"><a href=\"https:\/\/twitter.com\/share\" class=\"twitter-share-button\" data-url=\"https:\/\/www.caritasne2.org.br\/site\/caritas-brasileira-realiza-encontros-de-mulheres-eps-catadoresas-em-feira-ceara\/\">&nbsp;<\/a><script>!function(d,s,id){var js,fjs=d.getElementsByTagName(s)[0],p=\/^http:\/.test(d.location)?'http':'https';if(!d.getElementById(id)){js=d.createElement(s);js.id=id;js.src=p+':\/\/platform.twitter.com\/widgets.js';fjs.parentNode.insertBefore(js,fjs);}}(document, 'script', 'twitter-wjs');<\/script><\/li><li class=\"gplus\" style=\"width:68px\"><div class=\"g-plusone\" data-size=\"medium\" data-href=\"https:\/\/www.caritasne2.org.br\/site\/caritas-brasileira-realiza-encontros-de-mulheres-eps-catadoresas-em-feira-ceara\/\"><\/div><\/li><li class=\"ssb_linkedin\" style=\"width:64px\"><script src=\"\/\/platform.linkedin.com\/in.js\" type=\"text\/javascript\">lang: en_US<\/script><script type=\"IN\/Share\" data-url=\"https:\/\/www.caritasne2.org.br\/site\/caritas-brasileira-realiza-encontros-de-mulheres-eps-catadoresas-em-feira-ceara\/\" data-counter=\"right\"><\/script><\/li><\/ul>","protected":false},"excerpt":{"rendered":"<p>Choveu em Crate\u00fas na quinta-feira (04). Essa not\u00edcia, em si, j\u00e1 seria suficiente para encher de alegria e esperan\u00e7a o povo sertanejo da regi\u00e3o dos Inhamuns-Crate\u00fas, no Cear\u00e1. Mas, al\u00e9m disso, a \u00e1gua que caiu do c\u00e9u coroou o sucesso do primeiro dia de realiza\u00e7\u00e3o da XI Feira da Agricultura Familiar e Economia Popular Solid\u00e1ria, encerrada na noite do dia seguinte (05\/06), na pra\u00e7a Gentil [&hellip;]<\/p>\n<ul class=\"ssb_list_wrapper\"><li class=\"fb2\" style=\"width:135px\"><iframe src=\"\/\/www.facebook.com\/plugins\/like.php?href=https%3A%2F%2Fwww.caritasne2.org.br%2Fsite%2Fcaritas-brasileira-realiza-encontros-de-mulheres-eps-catadoresas-em-feira-ceara%2F&amp;layout=button_count&amp;action=like&amp;show_faces=false&amp;share=true&amp;width=135&amp;height=21&amp;appId=307091639398582\" scrolling=\"no\" frameborder=\"0\" style=\"border:none; overflow:hidden;  width:150px; height:21px;\" allowTransparency=\"true\"><\/iframe><\/li><li class=\"twtr\" style=\"width:90px\"><a href=\"https:\/\/twitter.com\/share\" class=\"twitter-share-button\" data-url=\"https:\/\/www.caritasne2.org.br\/site\/caritas-brasileira-realiza-encontros-de-mulheres-eps-catadoresas-em-feira-ceara\/\">&nbsp;<\/a><script>!function(d,s,id){var js,fjs=d.getElementsByTagName(s)[0],p=\/^http:\/.test(d.location)?'http':'https';if(!d.getElementById(id)){js=d.createElement(s);js.id=id;js.src=p+':\/\/platform.twitter.com\/widgets.js';fjs.parentNode.insertBefore(js,fjs);}}(document, 'script', 'twitter-wjs');<\/script><\/li><li class=\"gplus\" style=\"width:68px\"><div class=\"g-plusone\" data-size=\"medium\" data-href=\"https:\/\/www.caritasne2.org.br\/site\/caritas-brasileira-realiza-encontros-de-mulheres-eps-catadoresas-em-feira-ceara\/\"><\/div><\/li><li class=\"ssb_linkedin\" style=\"width:64px\"><script src=\"\/\/platform.linkedin.com\/in.js\" type=\"text\/javascript\">lang: en_US<\/script><script type=\"IN\/Share\" data-url=\"https:\/\/www.caritasne2.org.br\/site\/caritas-brasileira-realiza-encontros-de-mulheres-eps-catadoresas-em-feira-ceara\/\" data-counter=\"right\"><\/script><\/li><\/ul>","protected":false},"author":4,"featured_media":2527,"comment_status":"open","ping_status":"open","sticky":false,"template":"","format":"standard","meta":[],"categories":[20,466],"tags":[67,550,100,551],"_links":{"self":[{"href":"https:\/\/www.caritasne2.org.br\/site\/wp-json\/wp\/v2\/posts\/2526"}],"collection":[{"href":"https:\/\/www.caritasne2.org.br\/site\/wp-json\/wp\/v2\/posts"}],"about":[{"href":"https:\/\/www.caritasne2.org.br\/site\/wp-json\/wp\/v2\/types\/post"}],"author":[{"embeddable":true,"href":"https:\/\/www.caritasne2.org.br\/site\/wp-json\/wp\/v2\/users\/4"}],"replies":[{"embeddable":true,"href":"https:\/\/www.caritasne2.org.br\/site\/wp-json\/wp\/v2\/comments?post=2526"}],"version-history":[{"count":0,"href":"https:\/\/www.caritasne2.org.br\/site\/wp-json\/wp\/v2\/posts\/2526\/revisions"}],"wp:featuredmedia":[{"embeddable":true,"href":"https:\/\/www.caritasne2.org.br\/site\/wp-json\/"}],"wp:attachment":[{"href":"https:\/\/www.caritasne2.org.br\/site\/wp-json\/wp\/v2\/media?parent=2526"}],"wp:term":[{"taxonomy":"category","embeddable":true,"href":"https:\/\/www.caritasne2.org.br\/site\/wp-json\/wp\/v2\/categories?post=2526"},{"taxonomy":"post_tag","embeddable":true,"href":"https:\/\/www.caritasne2.org.br\/site\/wp-json\/wp\/v2\/tags?post=2526"}],"curies":[{"name":"wp","href":"https:\/\/api.w.org\/{rel}","templated":true}]}}