{"id":2520,"date":"2015-05-27T10:27:47","date_gmt":"2015-05-27T13:27:47","guid":{"rendered":"http:\/\/ne2.caritas.org.br.s174889.gridserver.com\/?p=2520"},"modified":"2017-07-11T15:19:25","modified_gmt":"2017-07-11T18:19:25","slug":"encontro-aborda-gestao-da-agua-cenario-nacional-mundial","status":"publish","type":"post","link":"https:\/\/www.caritasne2.org.br\/site\/encontro-aborda-gestao-da-agua-cenario-nacional-mundial\/","title":{"rendered":"Encontro aborda Gest\u00e3o da \u00c1gua no cen\u00e1rio nacional e mundial"},"content":{"rendered":"<p style=\"text-align: center;\"><em>Funda\u00e7\u00e3o Avina em parceria com a Articula\u00e7\u00e3o no Semi\u00e1rido Brasileiro (ASA), e a Caritas Diocesana de Pesqueira realizam encontro sobre gest\u00e3o de \u00e1gua<\/em><\/p>\n<p><em>\u00a0<\/em><\/p>\n<p style=\"text-align: justify;\">A atual crise h\u00eddrica no Brasil e em algumas regi\u00f5es da Am\u00e9rica Latina, o impacto das mudan\u00e7as clim\u00e1ticas nas zonas de estresse h\u00eddrico, as rela\u00e7\u00f5es entre urbano e rural, as pol\u00edticas de mitiga\u00e7\u00e3o e adapta\u00e7\u00e3o ser\u00e3o alguns pontos discutidos durante o encontro &#8220;Di\u00e1logos e Converg\u00eancias: Gest\u00e3o da \u00c1gua em cen\u00e1rios de estresse h\u00eddrico\u201d. O Semi\u00e1rido brasileiro abrange uma \u00e1rea de 969.589,4 km\u00b2,e compreende quase 2.000 munic\u00edpios de nove estados do Brasil. Alagoas, Bahia, Cear\u00e1, Minas Gerais, Para\u00edba, Piau\u00ed, Rio Grande do Norte, Sergipe e Pernambuco, ou seja, mais de 22 milh\u00f5es de pessoas, o que representa 11,8% da popula\u00e7\u00e3o brasileira, vivem nessa regi\u00e3o de acordo com o Instituto Brasileiro de Geografia e Estat\u00edstica (IBGE).<\/p>\n<p style=\"text-align: justify;\">O munic\u00edpio de Pesqueira localizado no Agreste de Pernambuco, Brasil, sedia este encontro por reunir caracter\u00edsticas e experi\u00eancias bem sucedidas no semi\u00e1rido.<\/p>\n<p style=\"text-align: justify;\">\u201cApresentar nossa experi\u00eancia de C\u00e1ritas Diocesana de Pesqueira, desenvolvida com os povos do Semi\u00e1rido \u00e9 revelar uma conquista do acesso \u00e0 \u00e1gua pot\u00e1vel para beber e cozinhar, produzir por meio das tecnologias sociais, de forma descentralizada e participativa\u201d, enfatiza Neilda Pereira, secret\u00e1ria executiva da C\u00e1ritas Diocesana de Pesqueira.<\/p>\n<p style=\"text-align: justify;\">Representantes de organiza\u00e7\u00f5es n\u00e3o governamentais e entidades governamentais da Argentina, Bol\u00edvia, Chile, Guatemala, Nicar\u00e1gua, M\u00e9xico e do Brasil que contribuem para este setor, estar\u00e3o reunidos entre os dias 27 a 29 de maio, no Hotel Esta\u00e7\u00e3o Cruzeiro no munic\u00edpio de Pesqueira, Pernambuco, Brasil.<\/p>\n<p style=\"text-align: justify;\">\u201cComo Avina sentimos que \u00e9 importante promover um espa\u00e7o de di\u00e1logo para pensar estrat\u00e9gias de incid\u00eancia vinculadas as quest\u00f5es de comunidades que vivem em zonas de estresse h\u00eddrico na Am\u00e9rica Latina. Queremos construir com este grupo um compromisso que possa ser ampliado com outras organiza\u00e7\u00f5es para que venha a contribuir com o alcance dos Objetivos do Desenvolvimento Sustent\u00e1vel 2030 e com a agenda de Mudan\u00e7as Clim\u00e1ticas, com este compromisso podemos incidir, por exemplo, para que seja apresentado na COP Paris\u201d, declara Telma Rocha, Gerente Program\u00e1tica da Avina.<\/p>\n<p style=\"text-align: justify;\"><strong>\u00a0Servi\u00e7o:<\/strong><\/p>\n<p style=\"text-align: justify;\">&#8220;Di\u00e1logos e Converg\u00eancias: gest\u00e3o de \u00e1gua em cen\u00e1rios de estresse h\u00eddrico&#8221;<\/p>\n<p style=\"text-align: justify;\">Local : Hotel Esta\u00e7\u00e3o Cruzeiro- Pesqueira \u2013 Pernambuco &#8211; Brasil.<\/p>\n<p style=\"text-align: justify;\">Dias 27 a 29 de maio de 2015.<\/p>\n<p style=\"text-align: justify;\">\n<p style=\"text-align: justify;\">por\u00a0<em>N\u00facleo de Comunica\u00e7\u00e3o C\u00e1ritas Diocesana de Pesqueira<\/em><\/p>\n<p style=\"text-align: justify;\">\n<ul class=\"ssb_list_wrapper\"><li class=\"fb2\" style=\"width:135px\"><iframe src=\"\/\/www.facebook.com\/plugins\/like.php?href=https%3A%2F%2Fwww.caritasne2.org.br%2Fsite%2Fencontro-aborda-gestao-da-agua-cenario-nacional-mundial%2F&amp;layout=button_count&amp;action=like&amp;show_faces=false&amp;share=true&amp;width=135&amp;height=21&amp;appId=307091639398582\" scrolling=\"no\" frameborder=\"0\" style=\"border:none; overflow:hidden;  width:150px; height:21px;\" allowTransparency=\"true\"><\/iframe><\/li><li class=\"twtr\" style=\"width:90px\"><a href=\"https:\/\/twitter.com\/share\" class=\"twitter-share-button\" data-url=\"https:\/\/www.caritasne2.org.br\/site\/encontro-aborda-gestao-da-agua-cenario-nacional-mundial\/\">&nbsp;<\/a><script>!function(d,s,id){var js,fjs=d.getElementsByTagName(s)[0],p=\/^http:\/.test(d.location)?'http':'https';if(!d.getElementById(id)){js=d.createElement(s);js.id=id;js.src=p+':\/\/platform.twitter.com\/widgets.js';fjs.parentNode.insertBefore(js,fjs);}}(document, 'script', 'twitter-wjs');<\/script><\/li><li class=\"gplus\" style=\"width:68px\"><div class=\"g-plusone\" data-size=\"medium\" data-href=\"https:\/\/www.caritasne2.org.br\/site\/encontro-aborda-gestao-da-agua-cenario-nacional-mundial\/\"><\/div><\/li><li class=\"ssb_linkedin\" style=\"width:64px\"><script src=\"\/\/platform.linkedin.com\/in.js\" type=\"text\/javascript\">lang: en_US<\/script><script type=\"IN\/Share\" data-url=\"https:\/\/www.caritasne2.org.br\/site\/encontro-aborda-gestao-da-agua-cenario-nacional-mundial\/\" data-counter=\"right\"><\/script><\/li><\/ul>","protected":false},"excerpt":{"rendered":"<p>Funda\u00e7\u00e3o Avina em parceria com a Articula\u00e7\u00e3o no Semi\u00e1rido Brasileiro (ASA), e a Caritas Diocesana de Pesqueira realizam encontro sobre gest\u00e3o de \u00e1gua \u00a0 A atual crise h\u00eddrica no Brasil e em algumas regi\u00f5es da Am\u00e9rica Latina, o impacto das mudan\u00e7as clim\u00e1ticas nas zonas de estresse h\u00eddrico, as rela\u00e7\u00f5es entre urbano e rural, as pol\u00edticas de mitiga\u00e7\u00e3o e adapta\u00e7\u00e3o ser\u00e3o alguns pontos discutidos durante o [&hellip;]<\/p>\n<ul class=\"ssb_list_wrapper\"><li class=\"fb2\" style=\"width:135px\"><iframe src=\"\/\/www.facebook.com\/plugins\/like.php?href=https%3A%2F%2Fwww.caritasne2.org.br%2Fsite%2Fencontro-aborda-gestao-da-agua-cenario-nacional-mundial%2F&amp;layout=button_count&amp;action=like&amp;show_faces=false&amp;share=true&amp;width=135&amp;height=21&amp;appId=307091639398582\" scrolling=\"no\" frameborder=\"0\" style=\"border:none; overflow:hidden;  width:150px; height:21px;\" allowTransparency=\"true\"><\/iframe><\/li><li class=\"twtr\" style=\"width:90px\"><a href=\"https:\/\/twitter.com\/share\" class=\"twitter-share-button\" data-url=\"https:\/\/www.caritasne2.org.br\/site\/encontro-aborda-gestao-da-agua-cenario-nacional-mundial\/\">&nbsp;<\/a><script>!function(d,s,id){var js,fjs=d.getElementsByTagName(s)[0],p=\/^http:\/.test(d.location)?'http':'https';if(!d.getElementById(id)){js=d.createElement(s);js.id=id;js.src=p+':\/\/platform.twitter.com\/widgets.js';fjs.parentNode.insertBefore(js,fjs);}}(document, 'script', 'twitter-wjs');<\/script><\/li><li class=\"gplus\" style=\"width:68px\"><div class=\"g-plusone\" data-size=\"medium\" data-href=\"https:\/\/www.caritasne2.org.br\/site\/encontro-aborda-gestao-da-agua-cenario-nacional-mundial\/\"><\/div><\/li><li class=\"ssb_linkedin\" style=\"width:64px\"><script src=\"\/\/platform.linkedin.com\/in.js\" type=\"text\/javascript\">lang: en_US<\/script><script type=\"IN\/Share\" data-url=\"https:\/\/www.caritasne2.org.br\/site\/encontro-aborda-gestao-da-agua-cenario-nacional-mundial\/\" data-counter=\"right\"><\/script><\/li><\/ul>","protected":false},"author":4,"featured_media":2521,"comment_status":"open","ping_status":"open","sticky":false,"template":"","format":"standard","meta":[],"categories":[72,20,259],"tags":[67,548,549],"_links":{"self":[{"href":"https:\/\/www.caritasne2.org.br\/site\/wp-json\/wp\/v2\/posts\/2520"}],"collection":[{"href":"https:\/\/www.caritasne2.org.br\/site\/wp-json\/wp\/v2\/posts"}],"about":[{"href":"https:\/\/www.caritasne2.org.br\/site\/wp-json\/wp\/v2\/types\/post"}],"author":[{"embeddable":true,"href":"https:\/\/www.caritasne2.org.br\/site\/wp-json\/wp\/v2\/users\/4"}],"replies":[{"embeddable":true,"href":"https:\/\/www.caritasne2.org.br\/site\/wp-json\/wp\/v2\/comments?post=2520"}],"version-history":[{"count":0,"href":"https:\/\/www.caritasne2.org.br\/site\/wp-json\/wp\/v2\/posts\/2520\/revisions"}],"wp:featuredmedia":[{"embeddable":true,"href":"https:\/\/www.caritasne2.org.br\/site\/wp-json\/"}],"wp:attachment":[{"href":"https:\/\/www.caritasne2.org.br\/site\/wp-json\/wp\/v2\/media?parent=2520"}],"wp:term":[{"taxonomy":"category","embeddable":true,"href":"https:\/\/www.caritasne2.org.br\/site\/wp-json\/wp\/v2\/categories?post=2520"},{"taxonomy":"post_tag","embeddable":true,"href":"https:\/\/www.caritasne2.org.br\/site\/wp-json\/wp\/v2\/tags?post=2520"}],"curies":[{"name":"wp","href":"https:\/\/api.w.org\/{rel}","templated":true}]}}