{"id":2501,"date":"2015-05-18T14:24:10","date_gmt":"2015-05-18T17:24:10","guid":{"rendered":"http:\/\/ne2.caritas.org.br.s174889.gridserver.com\/?p=2501"},"modified":"2017-07-11T15:19:25","modified_gmt":"2017-07-11T18:19:25","slug":"caritas-participa-de-workshop-projeto-moradia-urbana-tecnologia-social","status":"publish","type":"post","link":"https:\/\/www.caritasne2.org.br\/site\/caritas-participa-de-workshop-projeto-moradia-urbana-tecnologia-social\/","title":{"rendered":"C\u00e1ritas participa de workshop do projeto Moradia Urbana com Tecnologia Social"},"content":{"rendered":"<p>A C\u00e1ritas Brasileira participou do workshop do projeto Moradia Urbana com Tecnologia Social, que objetiva a capacita\u00e7\u00e3o e nivelamento dos conhecimentos necess\u00e1rios para o desenvolvimento dos trabalhos. O evento aconteceu em Bras\u00edlia (DF), no Hotel Base Concept, entre os dias 13 e 15 de maio.<\/p>\n<p>Participaram do evento parceiros, como Banco do Brasil e institui\u00e7\u00f5es idealizadoras das Tecnologias Sociais que comp\u00f5em o Portf\u00f3lio.<\/p>\n<p>Moradia Urbana com Tecnologia Social \u00e9 uma ferramenta que possibilita a articula\u00e7\u00e3o com diferentes atores, prefeituras, entes p\u00fablicos, sociedade civil organizada e moradores, objetivando o desenvolvimento social a partir de a\u00e7\u00f5es complementares, por meio de tecnologias sociais, nos empreendimentos habitacionais do Programa Nacional de Habita\u00e7\u00e3o Urbana (PNHU).<\/p>\n<p>Conhe\u00e7a o projeto em: http:\/\/moradiaurbanats.org.br\/<\/p>\n<p>Por Assessoria de Comunica\u00e7\u00e3o da C\u00e1ritas Brasileira<\/p>\n<ul class=\"ssb_list_wrapper\"><li class=\"fb2\" style=\"width:135px\"><iframe src=\"\/\/www.facebook.com\/plugins\/like.php?href=https%3A%2F%2Fwww.caritasne2.org.br%2Fsite%2Fcaritas-participa-de-workshop-projeto-moradia-urbana-tecnologia-social%2F&amp;layout=button_count&amp;action=like&amp;show_faces=false&amp;share=true&amp;width=135&amp;height=21&amp;appId=307091639398582\" scrolling=\"no\" frameborder=\"0\" style=\"border:none; overflow:hidden;  width:150px; height:21px;\" allowTransparency=\"true\"><\/iframe><\/li><li class=\"twtr\" style=\"width:90px\"><a href=\"https:\/\/twitter.com\/share\" class=\"twitter-share-button\" data-url=\"https:\/\/www.caritasne2.org.br\/site\/caritas-participa-de-workshop-projeto-moradia-urbana-tecnologia-social\/\">&nbsp;<\/a><script>!function(d,s,id){var js,fjs=d.getElementsByTagName(s)[0],p=\/^http:\/.test(d.location)?'http':'https';if(!d.getElementById(id)){js=d.createElement(s);js.id=id;js.src=p+':\/\/platform.twitter.com\/widgets.js';fjs.parentNode.insertBefore(js,fjs);}}(document, 'script', 'twitter-wjs');<\/script><\/li><li class=\"gplus\" style=\"width:68px\"><div class=\"g-plusone\" data-size=\"medium\" data-href=\"https:\/\/www.caritasne2.org.br\/site\/caritas-participa-de-workshop-projeto-moradia-urbana-tecnologia-social\/\"><\/div><\/li><li class=\"ssb_linkedin\" style=\"width:64px\"><script src=\"\/\/platform.linkedin.com\/in.js\" type=\"text\/javascript\">lang: en_US<\/script><script type=\"IN\/Share\" data-url=\"https:\/\/www.caritasne2.org.br\/site\/caritas-participa-de-workshop-projeto-moradia-urbana-tecnologia-social\/\" data-counter=\"right\"><\/script><\/li><\/ul>","protected":false},"excerpt":{"rendered":"<p>A C\u00e1ritas Brasileira participou do workshop do projeto Moradia Urbana com Tecnologia Social, que objetiva a capacita\u00e7\u00e3o e nivelamento dos conhecimentos necess\u00e1rios para o desenvolvimento dos trabalhos. O evento aconteceu em Bras\u00edlia (DF), no Hotel Base Concept, entre os dias 13 e 15 de maio. Participaram do evento parceiros, como Banco do Brasil e institui\u00e7\u00f5es idealizadoras das Tecnologias Sociais que comp\u00f5em o Portf\u00f3lio. Moradia Urbana [&hellip;]<\/p>\n<ul class=\"ssb_list_wrapper\"><li class=\"fb2\" style=\"width:135px\"><iframe src=\"\/\/www.facebook.com\/plugins\/like.php?href=https%3A%2F%2Fwww.caritasne2.org.br%2Fsite%2Fcaritas-participa-de-workshop-projeto-moradia-urbana-tecnologia-social%2F&amp;layout=button_count&amp;action=like&amp;show_faces=false&amp;share=true&amp;width=135&amp;height=21&amp;appId=307091639398582\" scrolling=\"no\" frameborder=\"0\" style=\"border:none; overflow:hidden;  width:150px; height:21px;\" allowTransparency=\"true\"><\/iframe><\/li><li class=\"twtr\" style=\"width:90px\"><a href=\"https:\/\/twitter.com\/share\" class=\"twitter-share-button\" data-url=\"https:\/\/www.caritasne2.org.br\/site\/caritas-participa-de-workshop-projeto-moradia-urbana-tecnologia-social\/\">&nbsp;<\/a><script>!function(d,s,id){var js,fjs=d.getElementsByTagName(s)[0],p=\/^http:\/.test(d.location)?'http':'https';if(!d.getElementById(id)){js=d.createElement(s);js.id=id;js.src=p+':\/\/platform.twitter.com\/widgets.js';fjs.parentNode.insertBefore(js,fjs);}}(document, 'script', 'twitter-wjs');<\/script><\/li><li class=\"gplus\" style=\"width:68px\"><div class=\"g-plusone\" data-size=\"medium\" data-href=\"https:\/\/www.caritasne2.org.br\/site\/caritas-participa-de-workshop-projeto-moradia-urbana-tecnologia-social\/\"><\/div><\/li><li class=\"ssb_linkedin\" style=\"width:64px\"><script src=\"\/\/platform.linkedin.com\/in.js\" type=\"text\/javascript\">lang: en_US<\/script><script type=\"IN\/Share\" data-url=\"https:\/\/www.caritasne2.org.br\/site\/caritas-participa-de-workshop-projeto-moradia-urbana-tecnologia-social\/\" data-counter=\"right\"><\/script><\/li><\/ul>","protected":false},"author":4,"featured_media":2502,"comment_status":"open","ping_status":"open","sticky":false,"template":"","format":"standard","meta":[],"categories":[20,466],"tags":[67,541],"_links":{"self":[{"href":"https:\/\/www.caritasne2.org.br\/site\/wp-json\/wp\/v2\/posts\/2501"}],"collection":[{"href":"https:\/\/www.caritasne2.org.br\/site\/wp-json\/wp\/v2\/posts"}],"about":[{"href":"https:\/\/www.caritasne2.org.br\/site\/wp-json\/wp\/v2\/types\/post"}],"author":[{"embeddable":true,"href":"https:\/\/www.caritasne2.org.br\/site\/wp-json\/wp\/v2\/users\/4"}],"replies":[{"embeddable":true,"href":"https:\/\/www.caritasne2.org.br\/site\/wp-json\/wp\/v2\/comments?post=2501"}],"version-history":[{"count":0,"href":"https:\/\/www.caritasne2.org.br\/site\/wp-json\/wp\/v2\/posts\/2501\/revisions"}],"wp:featuredmedia":[{"embeddable":true,"href":"https:\/\/www.caritasne2.org.br\/site\/wp-json\/"}],"wp:attachment":[{"href":"https:\/\/www.caritasne2.org.br\/site\/wp-json\/wp\/v2\/media?parent=2501"}],"wp:term":[{"taxonomy":"category","embeddable":true,"href":"https:\/\/www.caritasne2.org.br\/site\/wp-json\/wp\/v2\/categories?post=2501"},{"taxonomy":"post_tag","embeddable":true,"href":"https:\/\/www.caritasne2.org.br\/site\/wp-json\/wp\/v2\/tags?post=2501"}],"curies":[{"name":"wp","href":"https:\/\/api.w.org\/{rel}","templated":true}]}}