{"id":2485,"date":"2015-05-14T11:31:50","date_gmt":"2015-05-14T14:31:50","guid":{"rendered":"http:\/\/ne2.caritas.org.br.s174889.gridserver.com\/?p=2485"},"modified":"2017-07-11T15:19:25","modified_gmt":"2017-07-11T18:19:25","slug":"assembleia-reune-cerca-de-300-delegados-da-caritas-internacional","status":"publish","type":"post","link":"https:\/\/www.caritasne2.org.br\/site\/assembleia-reune-cerca-de-300-delegados-da-caritas-internacional\/","title":{"rendered":"Assembleia re\u00fane cerca de 300 delegados da C\u00e1ritas Internacional"},"content":{"rendered":"<p>\u201cA C\u00e1ritas revela a for\u00e7a do amor crist\u00e3o e o desejo da Igreja de sair ao encontro de Jesus em cada pessoa, especialmente os pobres e sofredores\u201d, disse o papa Francisco, na noite desta ter\u00e7a-feira, dia 12, durante a missa de abertura da 20\u00aa Assembleia da C\u00e1ritas Internacional. Cerca de 300 delegados da C\u00e1ritas de todo o mundo estiveram presentes na celebra\u00e7\u00e3o.<\/p>\n<p>Na oportunidade, Francisco deu indica\u00e7\u00f5es de como deve ser um integrante da C\u00e1ritas. \u201cQuem vive a miss\u00e3o da C\u00e1ritas n\u00e3o \u00e9 um simples agente, mas uma testemunha de Cristo. Uma pessoa que busca Cristo e se deixa buscar por Cristo, uma pessoa que ama com o Esp\u00edrito de Cristo, o esp\u00edrito da gratuidade, da entrega\u201d, exemplificou.<\/p>\n<p>Para o papa, o amor do \u201cEsp\u00edrito de Cristo\u201d deve ser levado em todos os planejamentos e estrat\u00e9gias da entidade, institucionalizada em 164 organiza\u00e7\u00f5es nacionais de ajuda e desenvolvimento. Francisco afirmou que o trabalho deve encontrar mais difus\u00e3o nas diversas par\u00f3quias e comunidades, \u201cpara renovar o que aconteceu nos primeiros anos da Igreja\u201d. Enraizado na acolhida, \u201csimples e obediente de Deus e do pr\u00f3ximo\u201d, o servi\u00e7o n\u00e3o pode limitar-se a uma \u201csimples organiza\u00e7\u00e3o humanit\u00e1ria\u201d, alertou o papa.<\/p>\n<p>\u201cEsta acolhida se cumpre em voc\u00eas pessoalmente, para que depois v\u00e1 ao mundo, e ali sirvais em nome de Cristo, a quem encontraram e encontram em cada irm\u00e3o e irm\u00e3 a que se achegam\u201d, exortou.<\/p>\n<p>Francisco convidou os presentes a pedirem a Deus o entendimento da \u201cverdadeira dimens\u00e3o da C\u00e1ritas\u201d, al\u00e9m das gra\u00e7as da presen\u00e7a nas periferias das Igrejas particulares e de crer \u201cque o Escrit\u00f3rio Central da Confedera\u00e7\u00e3o \u00e9 somente ajuda, servi\u00e7o e experi\u00eancia de comunh\u00e3o, mas n\u00e3o \u00e9 a cabe\u00e7a de todas\u201d, rogou.<\/p>\n<p>Lembrando &#8220;a mesa da Eucaristia preparada por Deus&#8221;, Francisco citou a campanha mundial da C\u00e1ritas, \u201cUma fam\u00edlia humana, alimento para todos\u201d, cujo objetivo \u00e9 colaborar com a erradica\u00e7\u00e3o da fome e da pobreza no mundo. \u201cMuita gente espera hoje comer o suficiente. O planeta tem alimento para todos, mas parece que falta a vontade de compartilhar com todos, de preparar a mesa para todos e pedir que haja uma mesa para todos, fazer tudo o que podemos para que todos tenham o que comer\u201d, contou o papa.<\/p>\n<p>Para ele, ainda falta recordar aos \u201cpoderosos da terra\u201d que um dia Deus os chamar\u00e1 no julgamento. Neste momento, segundo o pont\u00edfice, se manifestar\u00e1 verdadeiramente a inten\u00e7\u00e3o por parte dos poderosos \u201cde dar comida a Ele em cada pessoa\u201d. Tamb\u00e9m se ter\u00e1 conhecimento do esfor\u00e7o para preservar o meio ambiente enquanto se produzia o alimento.<\/p>\n<p>Francisco lembrou que, com a viol\u00eancia, &#8220;os irm\u00e3os s\u00e3o privados do alimento corporal e da alma&#8221; e pediu aos integrantes da C\u00e1ritas para que n\u00e3o esque\u00e7am &#8220;as pessoas e as intoler\u00e1veis injusti\u00e7as\u201d que sofrem.<\/p>\n<p><strong>\u00a0Assembleia<\/strong><\/p>\n<p>A 20\u00aa Assembleia Geral da C\u00e1ritas Internacional tem como tema \u201cUma fam\u00edlia humana, cuidar da cria\u00e7\u00e3o\u201d. O encontro seguir\u00e1 at\u00e9 domingo, 17, e escolher\u00e1 a nova presid\u00eancia da entidade, hoje sob a responsabilidade do cardeal Oscar Rodr\u00edguez Maradiaga.<\/p>\n<p>Em entrevista \u00e0 R\u00e1dio Vaticano, o cardeal Maradiaga falou sobre os trabalhos desenvolvidos pela C\u00e1ritas Internacional. &#8220;A C\u00e1ritas leva \u00e1gua e vida a lugares remotos e \u00e1ridos do mundo. A C\u00e1ritas \u00e9 um manancial inesgot\u00e1vel de amor canalizado a comunidades de todo o planeta. A C\u00e1ritas \u00e9 um jardim de verdade, bondade e beleza \u2010 qualidades que nutrem o mundo e que, nas palavras do papa Francisco, s\u00e3o nossas valiosas aliadas na defesa da dignidade humana, na constru\u00e7\u00e3o da coexist\u00eancia pac\u00edfica entre os povos, para salvaguardar e cuidar da cria\u00e7\u00e3o\u201d, recordou.<\/p>\n<p>As atividades iniciaram nesta quarta-feira, 13, com uma sess\u00e3o plen\u00e1ria sobre \u201cUma Igreja dos pobres\u201d. Outro tema abordado foi o das desigualdades, com o economista Jeffrey Sachs, diretor do Earth Institute da Universidade de Columbia e professor da Beverley Haddad, da Universidade de KwaZulu-Nata.<\/p>\n<p><strong>C\u00e1ritas Brasileira<\/strong><\/p>\n<p>A comitiva brasileira no encontro \u00e9 composta pelo bispo em\u00e9rito de Colatina (ES), dom D\u00e9cio Sossai Zandonade; a vice-presidente da C\u00e1ritas Brasileira, Anadete Gon\u00e7alves; a diretora nacional da entidade, Maria Cristina dos Anjos, e Leon Souza. No Escrit\u00f3rio Central da Confedera\u00e7\u00e3o em Roma, trabalha o brasileiro Jos\u00e9 Magalh\u00e3es de Sousa.<\/p>\n<p>Atualmente, a C\u00e1ritas Brasileira, em parceria com a Confer\u00eancia Nacional dos Bispos do Brasil (CNBB), promove a Campanha SOS Nepal. A iniciativa pretende arrecadar recursos para auxiliar as pessoas atingidas pelo terremoto que devastou o pa\u00eds no dia 25 de abril. Novos abalos, que ocorreram no dia 12, causaram 66 mortes e deixaram 1.928 feridos. No total, de acordo com informa\u00e7\u00f5es do governo local, s\u00e3o 8.151 mortos e 17.866 feridos.<\/p>\n<p>Saiba como colaborar <a title=\"SOS Nepal\" href=\"http:\/\/caritas.org.br\/sos-nepal\">aqui.<\/a><\/p>\n<p>Fonte: CNBB<\/p>\n<p>Foto: Site: R\u00e1dio Vaticano.<\/p>\n<p>&nbsp;<\/p>\n<p>&nbsp;<\/p>\n<ul class=\"ssb_list_wrapper\"><li class=\"fb2\" style=\"width:135px\"><iframe src=\"\/\/www.facebook.com\/plugins\/like.php?href=https%3A%2F%2Fwww.caritasne2.org.br%2Fsite%2Fassembleia-reune-cerca-de-300-delegados-da-caritas-internacional%2F&amp;layout=button_count&amp;action=like&amp;show_faces=false&amp;share=true&amp;width=135&amp;height=21&amp;appId=307091639398582\" scrolling=\"no\" frameborder=\"0\" style=\"border:none; overflow:hidden;  width:150px; height:21px;\" allowTransparency=\"true\"><\/iframe><\/li><li class=\"twtr\" style=\"width:90px\"><a href=\"https:\/\/twitter.com\/share\" class=\"twitter-share-button\" data-url=\"https:\/\/www.caritasne2.org.br\/site\/assembleia-reune-cerca-de-300-delegados-da-caritas-internacional\/\">&nbsp;<\/a><script>!function(d,s,id){var js,fjs=d.getElementsByTagName(s)[0],p=\/^http:\/.test(d.location)?'http':'https';if(!d.getElementById(id)){js=d.createElement(s);js.id=id;js.src=p+':\/\/platform.twitter.com\/widgets.js';fjs.parentNode.insertBefore(js,fjs);}}(document, 'script', 'twitter-wjs');<\/script><\/li><li class=\"gplus\" style=\"width:68px\"><div class=\"g-plusone\" data-size=\"medium\" data-href=\"https:\/\/www.caritasne2.org.br\/site\/assembleia-reune-cerca-de-300-delegados-da-caritas-internacional\/\"><\/div><\/li><li class=\"ssb_linkedin\" style=\"width:64px\"><script src=\"\/\/platform.linkedin.com\/in.js\" type=\"text\/javascript\">lang: en_US<\/script><script type=\"IN\/Share\" data-url=\"https:\/\/www.caritasne2.org.br\/site\/assembleia-reune-cerca-de-300-delegados-da-caritas-internacional\/\" data-counter=\"right\"><\/script><\/li><\/ul>","protected":false},"excerpt":{"rendered":"<p>\u201cA C\u00e1ritas revela a for\u00e7a do amor crist\u00e3o e o desejo da Igreja de sair ao encontro de Jesus em cada pessoa, especialmente os pobres e sofredores\u201d, disse o papa Francisco, na noite desta ter\u00e7a-feira, dia 12, durante a missa de abertura da 20\u00aa Assembleia da C\u00e1ritas Internacional. Cerca de 300 delegados da C\u00e1ritas de todo o mundo estiveram presentes na celebra\u00e7\u00e3o. Na oportunidade, Francisco [&hellip;]<\/p>\n<ul class=\"ssb_list_wrapper\"><li class=\"fb2\" style=\"width:135px\"><iframe src=\"\/\/www.facebook.com\/plugins\/like.php?href=https%3A%2F%2Fwww.caritasne2.org.br%2Fsite%2Fassembleia-reune-cerca-de-300-delegados-da-caritas-internacional%2F&amp;layout=button_count&amp;action=like&amp;show_faces=false&amp;share=true&amp;width=135&amp;height=21&amp;appId=307091639398582\" scrolling=\"no\" frameborder=\"0\" style=\"border:none; overflow:hidden;  width:150px; height:21px;\" allowTransparency=\"true\"><\/iframe><\/li><li class=\"twtr\" style=\"width:90px\"><a href=\"https:\/\/twitter.com\/share\" class=\"twitter-share-button\" data-url=\"https:\/\/www.caritasne2.org.br\/site\/assembleia-reune-cerca-de-300-delegados-da-caritas-internacional\/\">&nbsp;<\/a><script>!function(d,s,id){var js,fjs=d.getElementsByTagName(s)[0],p=\/^http:\/.test(d.location)?'http':'https';if(!d.getElementById(id)){js=d.createElement(s);js.id=id;js.src=p+':\/\/platform.twitter.com\/widgets.js';fjs.parentNode.insertBefore(js,fjs);}}(document, 'script', 'twitter-wjs');<\/script><\/li><li class=\"gplus\" style=\"width:68px\"><div class=\"g-plusone\" data-size=\"medium\" data-href=\"https:\/\/www.caritasne2.org.br\/site\/assembleia-reune-cerca-de-300-delegados-da-caritas-internacional\/\"><\/div><\/li><li class=\"ssb_linkedin\" style=\"width:64px\"><script src=\"\/\/platform.linkedin.com\/in.js\" type=\"text\/javascript\">lang: en_US<\/script><script type=\"IN\/Share\" data-url=\"https:\/\/www.caritasne2.org.br\/site\/assembleia-reune-cerca-de-300-delegados-da-caritas-internacional\/\" data-counter=\"right\"><\/script><\/li><\/ul>","protected":false},"author":4,"featured_media":2486,"comment_status":"open","ping_status":"open","sticky":false,"template":"","format":"standard","meta":[],"categories":[457,20,466],"tags":[538,67,539],"_links":{"self":[{"href":"https:\/\/www.caritasne2.org.br\/site\/wp-json\/wp\/v2\/posts\/2485"}],"collection":[{"href":"https:\/\/www.caritasne2.org.br\/site\/wp-json\/wp\/v2\/posts"}],"about":[{"href":"https:\/\/www.caritasne2.org.br\/site\/wp-json\/wp\/v2\/types\/post"}],"author":[{"embeddable":true,"href":"https:\/\/www.caritasne2.org.br\/site\/wp-json\/wp\/v2\/users\/4"}],"replies":[{"embeddable":true,"href":"https:\/\/www.caritasne2.org.br\/site\/wp-json\/wp\/v2\/comments?post=2485"}],"version-history":[{"count":0,"href":"https:\/\/www.caritasne2.org.br\/site\/wp-json\/wp\/v2\/posts\/2485\/revisions"}],"wp:featuredmedia":[{"embeddable":true,"href":"https:\/\/www.caritasne2.org.br\/site\/wp-json\/"}],"wp:attachment":[{"href":"https:\/\/www.caritasne2.org.br\/site\/wp-json\/wp\/v2\/media?parent=2485"}],"wp:term":[{"taxonomy":"category","embeddable":true,"href":"https:\/\/www.caritasne2.org.br\/site\/wp-json\/wp\/v2\/categories?post=2485"},{"taxonomy":"post_tag","embeddable":true,"href":"https:\/\/www.caritasne2.org.br\/site\/wp-json\/wp\/v2\/tags?post=2485"}],"curies":[{"name":"wp","href":"https:\/\/api.w.org\/{rel}","templated":true}]}}