{"id":2462,"date":"2015-04-28T17:07:55","date_gmt":"2015-04-28T20:07:55","guid":{"rendered":"http:\/\/ne2.caritas.org.br.s174889.gridserver.com\/?p=2462"},"modified":"2017-07-11T15:19:25","modified_gmt":"2017-07-11T18:19:25","slug":"caritas-suica-visita-projeto-biodigestores-transforma-esterco-gado-em-gas-de-cozinha","status":"publish","type":"post","link":"https:\/\/www.caritasne2.org.br\/site\/caritas-suica-visita-projeto-biodigestores-transforma-esterco-gado-em-gas-de-cozinha\/","title":{"rendered":"NE2: C\u00e1ritas Su\u00ed\u00e7a visita Projeto Biodigestores, que transforma esterco em g\u00e1s de cozinha"},"content":{"rendered":"<p align=\"center\"><em>A iniciativa prev\u00ea a constru\u00e7\u00e3o de 200 unidades de biodigestores, em parceria com prefeituras e sindicatos rurais de munic\u00edpios pernambucanos.<\/em><\/p>\n<p style=\"text-align: justify;\">A representante da C\u00e1ritas Su\u00ed\u00e7a no Brasil, Claudia Veith, e o secret\u00e1rio da C\u00e1ritas Brasileira Regional NE2, Angelo Zanr\u00e9 estiveram na cidade de Caruaru (PE) nos dias 14 e 15 de abril para visitar a experi\u00eancia do Projeto Biodigestores \u2013 Prote\u00e7\u00e3o do Clima e Combate \u00e0 Pobreza no Nordeste. O momento tamb\u00e9m foi oportuno para dialogar com a diretoria da C\u00e1ritas Diocesana de Caruaru, respons\u00e1vel pela execu\u00e7\u00e3o do projeto, e com os parceiros locais.<\/p>\n<p style=\"text-align: justify;\">De acordo com Claudia Veith, a visita em Caruaru teve dois objetivos. Em primeiro lugar, permitiu conhecer todo ciclo de funcionamento dos biodigestores. Em segundo lugar, houve a apresenta\u00e7\u00e3o formal do novo projeto financiado pela C\u00e1ritas Su\u00ed\u00e7a, que prev\u00ea a constru\u00e7\u00e3o de 200 unidades de biodigestores, em parceria com prefeituras e sindicatos rurais da regi\u00e3o.<\/p>\n<p style=\"text-align: justify;\">Iniciado este ano, o novo projeto j\u00e1 se encontra em execu\u00e7\u00e3o desde o m\u00eas de janeiro, e ser\u00e1 desenvolvido no per\u00edodo de tr\u00eas anos, nos munic\u00edpios pernambucanos de Lagoa dos Gatos, Panelas, Brejo da Madre de Deus, Cumaru e Caruaru.<\/p>\n<p style=\"text-align: justify;\">O projeto visa construir unidades familiares agroecol\u00f3gicas sustent\u00e1veis, atrav\u00e9s da implanta\u00e7\u00e3o da tecnologia social do biodigestor, que produz biog\u00e1s, fertilizantes e h\u00famus. O objetivo da a\u00e7\u00e3o \u00e9 proporcionar no per\u00edodo de tr\u00eas anos, atividades que garantam a essas fam\u00edlias agricultoras, o conhecimento sobre o processo de uma produ\u00e7\u00e3o alternativa de energia renov\u00e1vel, que tem como proposta fortalecer a preserva\u00e7\u00e3o do meio ambiente.<\/p>\n<p style=\"text-align: center;\"><a href=\"http:\/\/ne2.caritas.org.br.s174889.gridserver.com\/2015\/04\/28\/caritas-suica-visita-projeto-biodigestores-transforma-esterco-gado-em-gas-de-cozinha\/sam_1255-copia\/\" rel=\"attachment wp-att-2473\"><img decoding=\"async\" loading=\"lazy\" class=\"aligncenter size-medium wp-image-2473\" title=\"SAM_1255 - Copia\" src=\"http:\/\/ne2.caritas.org.br.s174889.gridserver.com\/wp-content\/uploads\/2015\/04\/SAM_1255-Copia-300x225.jpg\" alt=\"\" width=\"300\" height=\"225\" \/><\/a><\/p>\n<p style=\"text-align: justify;\">\u201cPretendemos reduzir a inseguran\u00e7a alimentar dos agricultores e agricultoras, e ampliar a compreens\u00e3o dessas fam\u00edlias para conserva\u00e7\u00e3o do meio ambiente e combate \u00e0s mudan\u00e7as clim\u00e1ticas. Iniciamos um projeto piloto em setembro de 2012, com a C\u00e1ritas Diocesana de Caruaru, e que trouxe resultados muito positivos. Ou seja, as fam\u00edlias n\u00e3o precisam mais comprar g\u00e1s de cozinha, nem desmatar para ter lenha e carv\u00e3o para cozinhar. Isso traz benef\u00edcios econ\u00f4micos que refletem na melhoria da situa\u00e7\u00e3o dessas fam\u00edlias, bem como na conserva\u00e7\u00e3o dos recursos naturais\u201d, explicou Claudia Veith.<\/p>\n<p style=\"text-align: justify;\">O Projeto Biodigestores tem como proposta atuar junto \u00e0s fam\u00edlias que foram beneficiadas pelos programas da Articula\u00e7\u00e3o no Semi\u00e1rido \u2013 ASA: Um Milh\u00e3o de Cisternas (P1MC) e Uma Terra e Duas \u00c1guas (P1+2), que visa captar e armazenar \u00e1gua da chuva para beber e produzir alimentos.<\/p>\n<p style=\"text-align: justify;\">Segundo Angelo Zanr\u00e9, a tecnologia do biodigestor deve ser integrada a outras tecnologias sociais que est\u00e3o sendo utilizadas para conviv\u00eancia com o Semi\u00e1rido. \u201cA beleza da experi\u00eancia revela que deve ser um sistema integrado, um ciclo que se complementa. Essa \u00e9 uma visita de interc\u00e2mbio, de troca de experi\u00eancia, de aprendizado\u201d, destacou Zanr\u00e9.<\/p>\n<p style=\"text-align: justify;\">Durante a visita o grupo teve a oportunidade de conhecer de perto a experi\u00eancia do agricultor Severino Romeu Cardoso, da comunidade Japecanga, em Caruaru (PE). A fam\u00edlia dele foi uma das primeiras a receber o projeto de Biodigestores e o acompanhamento dos t\u00e9cnicos de campo da C\u00e1ritas Diocesana de Caruaru. \u201cContribuir com a preserva\u00e7\u00e3o do meio ambiente. Esse \u00e9 um dos maiores benef\u00edcios da experi\u00eancia com uso de biodigestores em comunidades rurais, porque n\u00e3o precisamos mais desmatar, cortar \u00e1rvores e a vegeta\u00e7\u00e3o para fazer madeira e usar no fog\u00e3o \u00e0 lenha\u201d, disse o agricultor.<\/p>\n<p style=\"text-align: justify;\">No per\u00edodo de seis meses haver\u00e1 um processo de acompanhamento t\u00e9cnico a cada fam\u00edlia beneficiada. \u201cSeria interessante que outras C\u00e1ritas tamb\u00e9m conhecessem esta experi\u00eancia. Inicialmente, havia questionamento quanto ao desempenho, mas hoje encontramos resultados muito positivos, e as fam\u00edlias est\u00e3o bem motivadas\u201d, ressaltou a representante da Caritas Su\u00ed\u00e7a.<\/p>\n<p style=\"text-align: justify;\">A visita foi acompanhada pelas agentes C\u00e1ritas do NE2, Flavianeide Pereira, refer\u00eancia em a\u00e7\u00f5es de Conviv\u00eancia com o Semi\u00e1rido no Regional NE2, Rosana Pontes e Febe de Oliveira, ambas ligadas aos projetos de economia popular solid\u00e1rio da C\u00e1ritas.<\/p>\n<p style=\"text-align: justify;\"><a href=\"http:\/\/ne2.caritas.org.br.s174889.gridserver.com\/2015\/04\/28\/caritas-suica-visita-projeto-biodigestores-transforma-esterco-gado-em-gas-de-cozinha\/foto-biodigestores-3\/\" rel=\"attachment wp-att-2472\"><img decoding=\"async\" loading=\"lazy\" class=\"aligncenter size-medium wp-image-2472\" title=\"Foto Biodigestores\" src=\"http:\/\/ne2.caritas.org.br.s174889.gridserver.com\/wp-content\/uploads\/2015\/04\/Foto-Biodigestores2-300x166.jpg\" alt=\"\" width=\"300\" height=\"166\" \/><\/a><\/p>\n<p style=\"text-align: justify;\">Parceria:<\/p>\n<p style=\"text-align: justify;\">Para o secret\u00e1rio da C\u00e1ritas NE2, Angelo Zanr\u00e9, um aspecto em destaque nesta visita \u00e9 a aproxima\u00e7\u00e3o e di\u00e1logo entre o Secretariado Regional e a entidade membro &#8211; C\u00e1ritas Diocesana de Caruaru. Outro aspecto relevante \u00e9 a oportunidade de se fazer uma parceria construtiva com o poder municipal.<\/p>\n<p style=\"text-align: justify;\">De acordo com Zanr\u00e9, a visita propiciou um di\u00e1logo com as prefeituras, sindicatos, escrit\u00f3rio regional e C\u00e1ritas diocesana. Entre os encaminhamentos, no munic\u00edpio de Panelas \u2013 que ser\u00e1 beneficiado com a constru\u00e7\u00e3o de biodigestores -, uma parceria entre a C\u00e1ritas NE2 e a prefeitura permitir\u00e1 a reativa\u00e7\u00e3o de um banco de sementes local, que est\u00e1 desativado.<\/p>\n<p><strong>Clique no link abaixo e conhe\u00e7a a experi\u00eancia do biodigestor do agricultor Severino Romeu Cardoso, da comunidade Japecanga, em Caruaru (PE)<\/strong><\/p>\n<p><a href=\"http:\/\/youtu.be\/TTYA6nLJpVY\" target=\"_blank\">http:\/\/youtu.be\/TTYA6nLJpVY<\/a><\/p>\n<p>&nbsp;<\/p>\n<p style=\"text-align: justify;\">Por Kilma Ferreira | Assessoria de Comunica\u00e7\u00e3o da C\u00e1ritas Brasileira NE2<\/p>\n<ul class=\"ssb_list_wrapper\"><li class=\"fb2\" style=\"width:135px\"><iframe src=\"\/\/www.facebook.com\/plugins\/like.php?href=https%3A%2F%2Fwww.caritasne2.org.br%2Fsite%2Fcaritas-suica-visita-projeto-biodigestores-transforma-esterco-gado-em-gas-de-cozinha%2F&amp;layout=button_count&amp;action=like&amp;show_faces=false&amp;share=true&amp;width=135&amp;height=21&amp;appId=307091639398582\" scrolling=\"no\" frameborder=\"0\" style=\"border:none; overflow:hidden;  width:150px; height:21px;\" allowTransparency=\"true\"><\/iframe><\/li><li class=\"twtr\" style=\"width:90px\"><a href=\"https:\/\/twitter.com\/share\" class=\"twitter-share-button\" data-url=\"https:\/\/www.caritasne2.org.br\/site\/caritas-suica-visita-projeto-biodigestores-transforma-esterco-gado-em-gas-de-cozinha\/\">&nbsp;<\/a><script>!function(d,s,id){var js,fjs=d.getElementsByTagName(s)[0],p=\/^http:\/.test(d.location)?'http':'https';if(!d.getElementById(id)){js=d.createElement(s);js.id=id;js.src=p+':\/\/platform.twitter.com\/widgets.js';fjs.parentNode.insertBefore(js,fjs);}}(document, 'script', 'twitter-wjs');<\/script><\/li><li class=\"gplus\" style=\"width:68px\"><div class=\"g-plusone\" data-size=\"medium\" data-href=\"https:\/\/www.caritasne2.org.br\/site\/caritas-suica-visita-projeto-biodigestores-transforma-esterco-gado-em-gas-de-cozinha\/\"><\/div><\/li><li class=\"ssb_linkedin\" style=\"width:64px\"><script src=\"\/\/platform.linkedin.com\/in.js\" type=\"text\/javascript\">lang: en_US<\/script><script type=\"IN\/Share\" data-url=\"https:\/\/www.caritasne2.org.br\/site\/caritas-suica-visita-projeto-biodigestores-transforma-esterco-gado-em-gas-de-cozinha\/\" data-counter=\"right\"><\/script><\/li><\/ul>","protected":false},"excerpt":{"rendered":"<p>A iniciativa prev\u00ea a constru\u00e7\u00e3o de 200 unidades de biodigestores, em parceria com prefeituras e sindicatos rurais de munic\u00edpios pernambucanos. A representante da C\u00e1ritas Su\u00ed\u00e7a no Brasil, Claudia Veith, e o secret\u00e1rio da C\u00e1ritas Brasileira Regional NE2, Angelo Zanr\u00e9 estiveram na cidade de Caruaru (PE) nos dias 14 e 15 de abril para visitar a experi\u00eancia do Projeto Biodigestores \u2013 Prote\u00e7\u00e3o do Clima e Combate [&hellip;]<\/p>\n<ul class=\"ssb_list_wrapper\"><li class=\"fb2\" style=\"width:135px\"><iframe src=\"\/\/www.facebook.com\/plugins\/like.php?href=https%3A%2F%2Fwww.caritasne2.org.br%2Fsite%2Fcaritas-suica-visita-projeto-biodigestores-transforma-esterco-gado-em-gas-de-cozinha%2F&amp;layout=button_count&amp;action=like&amp;show_faces=false&amp;share=true&amp;width=135&amp;height=21&amp;appId=307091639398582\" scrolling=\"no\" frameborder=\"0\" style=\"border:none; overflow:hidden;  width:150px; height:21px;\" allowTransparency=\"true\"><\/iframe><\/li><li class=\"twtr\" style=\"width:90px\"><a href=\"https:\/\/twitter.com\/share\" class=\"twitter-share-button\" data-url=\"https:\/\/www.caritasne2.org.br\/site\/caritas-suica-visita-projeto-biodigestores-transforma-esterco-gado-em-gas-de-cozinha\/\">&nbsp;<\/a><script>!function(d,s,id){var js,fjs=d.getElementsByTagName(s)[0],p=\/^http:\/.test(d.location)?'http':'https';if(!d.getElementById(id)){js=d.createElement(s);js.id=id;js.src=p+':\/\/platform.twitter.com\/widgets.js';fjs.parentNode.insertBefore(js,fjs);}}(document, 'script', 'twitter-wjs');<\/script><\/li><li class=\"gplus\" style=\"width:68px\"><div class=\"g-plusone\" data-size=\"medium\" data-href=\"https:\/\/www.caritasne2.org.br\/site\/caritas-suica-visita-projeto-biodigestores-transforma-esterco-gado-em-gas-de-cozinha\/\"><\/div><\/li><li class=\"ssb_linkedin\" style=\"width:64px\"><script src=\"\/\/platform.linkedin.com\/in.js\" type=\"text\/javascript\">lang: en_US<\/script><script type=\"IN\/Share\" data-url=\"https:\/\/www.caritasne2.org.br\/site\/caritas-suica-visita-projeto-biodigestores-transforma-esterco-gado-em-gas-de-cozinha\/\" data-counter=\"right\"><\/script><\/li><\/ul>","protected":false},"author":4,"featured_media":2906,"comment_status":"open","ping_status":"open","sticky":false,"template":"","format":"standard","meta":[],"categories":[72,20,259],"tags":[532,533,535,352,67,536],"_links":{"self":[{"href":"https:\/\/www.caritasne2.org.br\/site\/wp-json\/wp\/v2\/posts\/2462"}],"collection":[{"href":"https:\/\/www.caritasne2.org.br\/site\/wp-json\/wp\/v2\/posts"}],"about":[{"href":"https:\/\/www.caritasne2.org.br\/site\/wp-json\/wp\/v2\/types\/post"}],"author":[{"embeddable":true,"href":"https:\/\/www.caritasne2.org.br\/site\/wp-json\/wp\/v2\/users\/4"}],"replies":[{"embeddable":true,"href":"https:\/\/www.caritasne2.org.br\/site\/wp-json\/wp\/v2\/comments?post=2462"}],"version-history":[{"count":0,"href":"https:\/\/www.caritasne2.org.br\/site\/wp-json\/wp\/v2\/posts\/2462\/revisions"}],"wp:featuredmedia":[{"embeddable":true,"href":"https:\/\/www.caritasne2.org.br\/site\/wp-json\/wp\/v2\/media\/2906"}],"wp:attachment":[{"href":"https:\/\/www.caritasne2.org.br\/site\/wp-json\/wp\/v2\/media?parent=2462"}],"wp:term":[{"taxonomy":"category","embeddable":true,"href":"https:\/\/www.caritasne2.org.br\/site\/wp-json\/wp\/v2\/categories?post=2462"},{"taxonomy":"post_tag","embeddable":true,"href":"https:\/\/www.caritasne2.org.br\/site\/wp-json\/wp\/v2\/tags?post=2462"}],"curies":[{"name":"wp","href":"https:\/\/api.w.org\/{rel}","templated":true}]}}