{"id":2457,"date":"2015-04-24T19:49:39","date_gmt":"2015-04-24T22:49:39","guid":{"rendered":"http:\/\/ne2.caritas.org.br.s174889.gridserver.com\/?p=2457"},"modified":"2017-07-11T15:19:25","modified_gmt":"2017-07-11T18:19:25","slug":"nova-presidencia-da-cnbb-toma-posse-durante-53a-assembleia-geral-em-aparecida-sp","status":"publish","type":"post","link":"https:\/\/www.caritasne2.org.br\/site\/nova-presidencia-da-cnbb-toma-posse-durante-53a-assembleia-geral-em-aparecida-sp\/","title":{"rendered":"Nova presid\u00eancia da CNBB toma posse durante 53\u00aa Assembleia Geral, em Aparecida (SP)"},"content":{"rendered":"<p style=\"text-align: justify;\">A nova presid\u00eancia da Confer\u00eancia Nacional dos Bispos do Brasil (CNBB) tomou posse na manh\u00e3 desta sexta-feira (24), durante a sess\u00e3o de encerramento da 53\u00aa Assembleia Geral (AG) da entidade, iniciada no dia 15, em Aparecida (SP). Tamb\u00e9m tomaram posse os doze presidentes da Comiss\u00f5es Episcopais.<\/p>\n<p style=\"text-align: justify;\">O arcebispo de Aparecida (SP), cardeal Raymundo Damasceno Assis, na condi\u00e7\u00e3o de presidente da Confer\u00eancia, fez uma s\u00e9rie de agradecimentos aos participantes, parceiros e colaboradores pela realiza\u00e7\u00e3o da 53\u00aa AG. Tamb\u00e9m agradeceu pelos \u201cfrutos\u201d do trabalho. \u201cA ora\u00e7\u00e3o, a conviv\u00eancia fraterna, os temas que pudemos aprofundar, sobre os quais pudemos dialogar, os documentos que aprovamos s\u00e3o alguns dos frutos do nosso trabalho que nos fizeram crescer na corresponsabilidade colegial pela Igreja no Brasil\u201d, disse o cardeal.<\/p>\n<p style=\"text-align: justify;\">Dom Damasceno ainda expressou a gratid\u00e3o ao episcopado pela confian\u00e7a do mandato iniciado em 2011, o qual os permitiu \u201cservir com limita\u00e7\u00f5es, mas com grande amor, \u00e0 Igreja no Brasil\u201d, afirmou. No final de sua fala, dom Raymundo desejou \u201cvotos de boas realiza\u00e7\u00f5es\u201d na condu\u00e7\u00e3o dos trabalhos da Confer\u00eancia Episcopal.<\/p>\n<p style=\"text-align: justify;\">O secret\u00e1rio geral da CNBB, dom Leonardo Steiner, reconduzido ao cargo, tomou a palavra para saudar o cardeal Damasceno Assis e o arcebispo de S\u00e3o Lu\u00eds (MA), dom Jos\u00e9 Belis\u00e1rio, que ocupou a vice-presid\u00eancia no \u00faltimo quadri\u00eanio.<\/p>\n<p style=\"text-align: justify;\">\u201cDom Raymundo e dom Belis\u00e1rio, creio que todos n\u00f3s que estamos aqui gostar\u00edamos de expressar uma palavra de profunda gratid\u00e3o. S\u00e3o dois homens extraordin\u00e1rios. Simples, argutos, perspicazes, um amor profundo \u00e0 Igreja, um amor profundo \u00e0 CNBB. S\u00e3o dois homens extraordin\u00e1rios porque t\u00eam o senso do Evangelho, o bom humor, a alegria, a simplicidade\u201d, disse dom Leonardo.<\/p>\n<p style=\"text-align: justify;\">\u00a0O bispo auxiliar de Bras\u00edlia (DF) ainda testemunhou o amor pela CNBB presente nos ex-membros da presid\u00eancia. \u201cSe todos n\u00f3s tivermos o amor pela CNBB como esses dois homens, n\u00f3s continuaremos na comunh\u00e3o, na colegialidade e no servi\u00e7o \u00e0 nossa Igreja no Brasil\u201d, sugeriu.<\/p>\n<p style=\"text-align: justify;\">Voltando-se para dom Damasceno, ressaltou a capacidade de pondera\u00e7\u00e3o do cardeal. \u201cO senhor sempre procurou ver todos os lados, todas as perspectivas para podermos assim tomar decis\u00f5es e encaminhamentos que nos ajudaram muito durante esses quatro anos\u201d, avaliou.<\/p>\n<p style=\"text-align: justify;\">Ap\u00f3s momento de ora\u00e7\u00e3o, foram chamados os presidentes das doze Comiss\u00f5es Episcopais de Pastoral que cumpriram mandato at\u00e9 a 53\u00aa AG e os escolhidos durante esta semana. Com um aperto de m\u00e3o, simbolizaram a passagem e continuidade do trabalho \u00e0 frente das respectivas comiss\u00f5es.<\/p>\n<p style=\"text-align: justify;\">\u00a0Fonte: CNBB<\/p>\n<ul class=\"ssb_list_wrapper\"><li class=\"fb2\" style=\"width:135px\"><iframe src=\"\/\/www.facebook.com\/plugins\/like.php?href=https%3A%2F%2Fwww.caritasne2.org.br%2Fsite%2Fnova-presidencia-da-cnbb-toma-posse-durante-53a-assembleia-geral-em-aparecida-sp%2F&amp;layout=button_count&amp;action=like&amp;show_faces=false&amp;share=true&amp;width=135&amp;height=21&amp;appId=307091639398582\" scrolling=\"no\" frameborder=\"0\" style=\"border:none; overflow:hidden;  width:150px; height:21px;\" allowTransparency=\"true\"><\/iframe><\/li><li class=\"twtr\" style=\"width:90px\"><a href=\"https:\/\/twitter.com\/share\" class=\"twitter-share-button\" data-url=\"https:\/\/www.caritasne2.org.br\/site\/nova-presidencia-da-cnbb-toma-posse-durante-53a-assembleia-geral-em-aparecida-sp\/\">&nbsp;<\/a><script>!function(d,s,id){var js,fjs=d.getElementsByTagName(s)[0],p=\/^http:\/.test(d.location)?'http':'https';if(!d.getElementById(id)){js=d.createElement(s);js.id=id;js.src=p+':\/\/platform.twitter.com\/widgets.js';fjs.parentNode.insertBefore(js,fjs);}}(document, 'script', 'twitter-wjs');<\/script><\/li><li class=\"gplus\" style=\"width:68px\"><div class=\"g-plusone\" data-size=\"medium\" data-href=\"https:\/\/www.caritasne2.org.br\/site\/nova-presidencia-da-cnbb-toma-posse-durante-53a-assembleia-geral-em-aparecida-sp\/\"><\/div><\/li><li class=\"ssb_linkedin\" style=\"width:64px\"><script src=\"\/\/platform.linkedin.com\/in.js\" type=\"text\/javascript\">lang: en_US<\/script><script type=\"IN\/Share\" data-url=\"https:\/\/www.caritasne2.org.br\/site\/nova-presidencia-da-cnbb-toma-posse-durante-53a-assembleia-geral-em-aparecida-sp\/\" data-counter=\"right\"><\/script><\/li><\/ul>","protected":false},"excerpt":{"rendered":"<p>A nova presid\u00eancia da Confer\u00eancia Nacional dos Bispos do Brasil (CNBB) tomou posse na manh\u00e3 desta sexta-feira (24), durante a sess\u00e3o de encerramento da 53\u00aa Assembleia Geral (AG) da entidade, iniciada no dia 15, em Aparecida (SP). Tamb\u00e9m tomaram posse os doze presidentes da Comiss\u00f5es Episcopais. O arcebispo de Aparecida (SP), cardeal Raymundo Damasceno Assis, na condi\u00e7\u00e3o de presidente da Confer\u00eancia, fez uma s\u00e9rie de [&hellip;]<\/p>\n<ul class=\"ssb_list_wrapper\"><li class=\"fb2\" style=\"width:135px\"><iframe src=\"\/\/www.facebook.com\/plugins\/like.php?href=https%3A%2F%2Fwww.caritasne2.org.br%2Fsite%2Fnova-presidencia-da-cnbb-toma-posse-durante-53a-assembleia-geral-em-aparecida-sp%2F&amp;layout=button_count&amp;action=like&amp;show_faces=false&amp;share=true&amp;width=135&amp;height=21&amp;appId=307091639398582\" scrolling=\"no\" frameborder=\"0\" style=\"border:none; overflow:hidden;  width:150px; height:21px;\" allowTransparency=\"true\"><\/iframe><\/li><li class=\"twtr\" style=\"width:90px\"><a href=\"https:\/\/twitter.com\/share\" class=\"twitter-share-button\" data-url=\"https:\/\/www.caritasne2.org.br\/site\/nova-presidencia-da-cnbb-toma-posse-durante-53a-assembleia-geral-em-aparecida-sp\/\">&nbsp;<\/a><script>!function(d,s,id){var js,fjs=d.getElementsByTagName(s)[0],p=\/^http:\/.test(d.location)?'http':'https';if(!d.getElementById(id)){js=d.createElement(s);js.id=id;js.src=p+':\/\/platform.twitter.com\/widgets.js';fjs.parentNode.insertBefore(js,fjs);}}(document, 'script', 'twitter-wjs');<\/script><\/li><li class=\"gplus\" style=\"width:68px\"><div class=\"g-plusone\" data-size=\"medium\" data-href=\"https:\/\/www.caritasne2.org.br\/site\/nova-presidencia-da-cnbb-toma-posse-durante-53a-assembleia-geral-em-aparecida-sp\/\"><\/div><\/li><li class=\"ssb_linkedin\" style=\"width:64px\"><script src=\"\/\/platform.linkedin.com\/in.js\" type=\"text\/javascript\">lang: en_US<\/script><script type=\"IN\/Share\" data-url=\"https:\/\/www.caritasne2.org.br\/site\/nova-presidencia-da-cnbb-toma-posse-durante-53a-assembleia-geral-em-aparecida-sp\/\" data-counter=\"right\"><\/script><\/li><\/ul>","protected":false},"author":4,"featured_media":2458,"comment_status":"open","ping_status":"open","sticky":false,"template":"","format":"standard","meta":[],"categories":[457,20],"tags":[531,67],"_links":{"self":[{"href":"https:\/\/www.caritasne2.org.br\/site\/wp-json\/wp\/v2\/posts\/2457"}],"collection":[{"href":"https:\/\/www.caritasne2.org.br\/site\/wp-json\/wp\/v2\/posts"}],"about":[{"href":"https:\/\/www.caritasne2.org.br\/site\/wp-json\/wp\/v2\/types\/post"}],"author":[{"embeddable":true,"href":"https:\/\/www.caritasne2.org.br\/site\/wp-json\/wp\/v2\/users\/4"}],"replies":[{"embeddable":true,"href":"https:\/\/www.caritasne2.org.br\/site\/wp-json\/wp\/v2\/comments?post=2457"}],"version-history":[{"count":0,"href":"https:\/\/www.caritasne2.org.br\/site\/wp-json\/wp\/v2\/posts\/2457\/revisions"}],"wp:featuredmedia":[{"embeddable":true,"href":"https:\/\/www.caritasne2.org.br\/site\/wp-json\/"}],"wp:attachment":[{"href":"https:\/\/www.caritasne2.org.br\/site\/wp-json\/wp\/v2\/media?parent=2457"}],"wp:term":[{"taxonomy":"category","embeddable":true,"href":"https:\/\/www.caritasne2.org.br\/site\/wp-json\/wp\/v2\/categories?post=2457"},{"taxonomy":"post_tag","embeddable":true,"href":"https:\/\/www.caritasne2.org.br\/site\/wp-json\/wp\/v2\/tags?post=2457"}],"curies":[{"name":"wp","href":"https:\/\/api.w.org\/{rel}","templated":true}]}}