{"id":2453,"date":"2015-04-17T17:15:45","date_gmt":"2015-04-17T20:15:45","guid":{"rendered":"http:\/\/ne2.caritas.org.br.s174889.gridserver.com\/?p=2453"},"modified":"2017-07-11T15:20:41","modified_gmt":"2017-07-11T18:20:41","slug":"cpt-lanca-dados-de-conflitos-campo-em-2014-destaca-violencia-impunidade","status":"publish","type":"post","link":"https:\/\/www.caritasne2.org.br\/site\/cpt-lanca-dados-de-conflitos-campo-em-2014-destaca-violencia-impunidade\/","title":{"rendered":"CPT lan\u00e7a dados de conflitos no campo em 2014 e destaca viol\u00eancia e impunidade"},"content":{"rendered":"<p style=\"text-align: justify;\">No \u00faltimo dia 13, a Comiss\u00e3o Pastoral da Terra (CPT) lan\u00e7ou sua publica\u00e7\u00e3o anual \u201cConflitos no Campo Brasil \u2013 2014\u201d. Na coletiva de imprensa, realizada na sede da CNBB, em Bras\u00edlia, a Pastoral destacou a impunidade como a principal mantenedora da viol\u00eancia no campo. Al\u00e9m dela, a falta de uma efetiva reforma agr\u00e1ria e de pol\u00edticas p\u00fablicas que privilegiem os pequenos do campo tamb\u00e9m contribuem para os altos n\u00fameros de viol\u00eancia contra os pobres do campo.<\/p>\n<p style=\"text-align: justify;\">\u00a0A CPT destacou, ainda, que o estado com maior n\u00famero de assassinatos foi o Par\u00e1, com nove casos, seguido de Rond\u00f4nia e Mato Grosso. Outro dado alarmante destacado pela Pastoral foi o crescimento do n\u00famero de tentativas de assassinato, que apresentou um aumento de 273%, passando de 15 casos em 2013, para 56 em 2014.<\/p>\n<p style=\"text-align: justify;\">\u00a0O maior \u00edndice de crescimento de conflitos e da viol\u00eancia no ano passado foi verificado nas regi\u00f5es Sul e Sudeste. O total de conflitos no campo cresceu 91% na Regi\u00e3o Sul, passando de 56 ocorr\u00eancias em 2013, para 107 em 2014. O mesmo ocorreu no Sudeste, com aumento de 56% nos casos \u2013 62 em 2013 para 253 em 2014. Mesmo com o Sul e o Sudeste apresentando grande crescimento do n\u00famero de conflitos, o Nordeste foi o que teve mais casos (418), seguido pela Regi\u00e3o Norte (379).<\/p>\n<p style=\"text-align: justify;\">\u00a0A edi\u00e7\u00e3o com n\u00fameros de 2014 marca os 30 anos da publica\u00e7\u00e3o, que \u00e9 divulgada anualmente. Nesse per\u00edodo, foram registrados pela CPT 29.609 conflitos no campo, envolvendo 20.623.043 pessoas. Foram 23.079 conflitos por terra, 4.389 trabalhistas, 836 por \u00e1gua e 1.305 de outras naturezas. Entre 1985 e 2014, foram registrados 1.723 assassinatos em 1.307 ocorr\u00eancias de conflitos.<\/p>\n<p style=\"text-align: justify;\">\u00a0Para Jeane Bellini, da coordena\u00e7\u00e3o nacional da CPT, um dado preocupante \u00e9 o da puni\u00e7\u00e3o dos envolvidos nesse tipo de crime ao longo dos 30 anos. \u201cSomente 108 casos foram levados a julgamento e pouco mais de 80 pessoas condenadas, al\u00e9m de mais de 20 mandantes, mas nenhum deles est\u00e1 preso.\u201d<\/p>\n<p style=\"text-align: justify;\">\u00a0Despejos :<\/p>\n<p style=\"text-align: justify;\">O relat\u00f3rio da CPT evidenciou o aumento no n\u00famero de fam\u00edlias despejadas, um n\u00famero 92% maior. Este crescimento se deu em todas as regi\u00f5es do Brasil, menos no Norte. Para o presidente da CPT, dom Enem\u00e9sio Lazzaris, o aumento dos conflitos e viol\u00eancia ocorre pela consolida\u00e7\u00e3o de um modelo de desenvolvimento que favorece o agroneg\u00f3cio e de modo geral, por causa da impunidade. \u201cH\u00e1 uma op\u00e7\u00e3o dos nossos governos pelo agroneg\u00f3cio, pela agricultura de exporta\u00e7\u00e3o. Essas mortes, evidentemente, continuam porque o pessoal sabe que n\u00e3o h\u00e1 puni\u00e7\u00e3o. Quanto mais se incentivar o agroneg\u00f3cio, a monocultura, mais problemas, mais conflitos, mais confus\u00e3o, mais mortes n\u00f3s teremos\u201d, afirma dom Enem\u00e9sio.<\/p>\n<p style=\"text-align: justify;\">\u00a0Em rela\u00e7\u00e3o ao aumento dos conflitos pela \u00e1gua, que passaram de 101 em 2013 para 127 em 2014, um aumento de 26%, Dom Enem\u00e9sio assim analisou: \u201cEsses conflitos aumentaram, primeiramente, por causa dos grandes projetos, como grandes hidrel\u00e9tricas, grandes barragens. Depois por falta de preserva\u00e7\u00e3o e por causa das pequenas barragens. Pessoas que fazendo uma barragem para favorecer a irriga\u00e7\u00e3o do seu terreno acabam impedindo que a \u00e1gua continue para os outros\u201d.<\/p>\n<p style=\"text-align: justify;\">\u00a0Os protagonistas das lutas:<\/p>\n<p style=\"text-align: justify;\">Anast\u00e1cio Peralta, ind\u00edgena Guarani Kaiow\u00e1, participou do lan\u00e7amento da publica\u00e7\u00e3o e falou da realidade dos conflitos ind\u00edgenas no Mato Grosso do Sul.<\/p>\n<p style=\"text-align: justify;\">\u00a0\u201cNa nossa espiritualidade, a ro\u00e7a \u00e9 o caminho de Deus, onde Deus vai andando e jogando as sementes. Ent\u00e3o, a gente n\u00e3o planta para estragar a natureza, a gente planta para colher os frutos semeados por Deus. Na nossa espiritualidade a ro\u00e7a \u00e9 um lugar de prazer, lazer, alegria, de felicidade, de paz. Mas, depois que vieram as pessoas do neg\u00f3cio, depois que veio a explora\u00e7\u00e3o, n\u00f3s fomos obrigados a trabalhar na terra somente para sobreviver e a ro\u00e7a n\u00e3o \u00e9 mais lugar de felicidade\u2026 e isso nos d\u00e1 \u00f3dio da ro\u00e7a\u2026 Hoje, um boi vale mais do que uma crian\u00e7a ind\u00edgena, a cana vale mais do que o p\u00e9 de cedro, a soja vale mais do que a aroeira\u201d.<\/p>\n<p style=\"text-align: justify;\">Ele falou ainda dos causadores dos conflitos e reais destruidores do meio ambiente. \u201cAntes da chegada dos colonizadores n\u00e3o existiam fronteiras pra n\u00f3s, pois a terra, a mata, a \u00e1gua fazem parte da nossa vida. Antes, a gente podia correr dos problemas. Agora n\u00e3o pode mais. Temos que enfrentar, pois n\u00e3o temos nem mata para esconder e nem \u00e1gua para beber. Quem traz o conflito n\u00e3o somos n\u00f3s! \u00c9 a gan\u00e2ncia da explora\u00e7\u00e3o que traz\u2026 Explora\u00e7\u00e3o que envenena a terra. Na nossa espiritualidade a Terra \u00e9 nossa m\u00e3e e quem envenena a Terra, envenena a m\u00e3e. A nossa luta \u00e9 para recuperar o meio-ambiente e a nossa vida\u201d.<\/p>\n<p style=\"text-align: justify;\">J\u00e1 Elizabete Cerqueira, do acampamento Dom Tom\u00e1s Balduino, de Corumb\u00e1 de Goi\u00e1s (GO), trouxe a experi\u00eancia desse que foi o maior acampamento da hist\u00f3ria do estado de Goi\u00e1s. Durante sete meses, 3.500 fam\u00edlias produziram alimentos agroecol\u00f3gicos nas terras que serviam de pasto para os bois do senador Eun\u00edcio de Oliveira. Em mar\u00e7o, foram despejados, mas permanecem na luta e na esperan\u00e7a de conseguirem seu peda\u00e7o de ch\u00e3o. \u201cAlguns dos nossos foram amea\u00e7ados, fomos despejados, mas nem por isso nos afastamos da luta\u201d, completou.<\/p>\n<p>&nbsp;<\/p>\n<p>Fonte: CPT<\/p>\n<ul class=\"ssb_list_wrapper\"><li class=\"fb2\" style=\"width:135px\"><iframe src=\"\/\/www.facebook.com\/plugins\/like.php?href=https%3A%2F%2Fwww.caritasne2.org.br%2Fsite%2Fcpt-lanca-dados-de-conflitos-campo-em-2014-destaca-violencia-impunidade%2F&amp;layout=button_count&amp;action=like&amp;show_faces=false&amp;share=true&amp;width=135&amp;height=21&amp;appId=307091639398582\" scrolling=\"no\" frameborder=\"0\" style=\"border:none; overflow:hidden;  width:150px; height:21px;\" allowTransparency=\"true\"><\/iframe><\/li><li class=\"twtr\" style=\"width:90px\"><a href=\"https:\/\/twitter.com\/share\" class=\"twitter-share-button\" data-url=\"https:\/\/www.caritasne2.org.br\/site\/cpt-lanca-dados-de-conflitos-campo-em-2014-destaca-violencia-impunidade\/\">&nbsp;<\/a><script>!function(d,s,id){var js,fjs=d.getElementsByTagName(s)[0],p=\/^http:\/.test(d.location)?'http':'https';if(!d.getElementById(id)){js=d.createElement(s);js.id=id;js.src=p+':\/\/platform.twitter.com\/widgets.js';fjs.parentNode.insertBefore(js,fjs);}}(document, 'script', 'twitter-wjs');<\/script><\/li><li class=\"gplus\" style=\"width:68px\"><div class=\"g-plusone\" data-size=\"medium\" data-href=\"https:\/\/www.caritasne2.org.br\/site\/cpt-lanca-dados-de-conflitos-campo-em-2014-destaca-violencia-impunidade\/\"><\/div><\/li><li class=\"ssb_linkedin\" style=\"width:64px\"><script src=\"\/\/platform.linkedin.com\/in.js\" type=\"text\/javascript\">lang: en_US<\/script><script type=\"IN\/Share\" data-url=\"https:\/\/www.caritasne2.org.br\/site\/cpt-lanca-dados-de-conflitos-campo-em-2014-destaca-violencia-impunidade\/\" data-counter=\"right\"><\/script><\/li><\/ul>","protected":false},"excerpt":{"rendered":"<p>No \u00faltimo dia 13, a Comiss\u00e3o Pastoral da Terra (CPT) lan\u00e7ou sua publica\u00e7\u00e3o anual \u201cConflitos no Campo Brasil \u2013 2014\u201d. Na coletiva de imprensa, realizada na sede da CNBB, em Bras\u00edlia, a Pastoral destacou a impunidade como a principal mantenedora da viol\u00eancia no campo. Al\u00e9m dela, a falta de uma efetiva reforma agr\u00e1ria e de pol\u00edticas p\u00fablicas que privilegiem os pequenos do campo tamb\u00e9m contribuem [&hellip;]<\/p>\n<ul class=\"ssb_list_wrapper\"><li class=\"fb2\" style=\"width:135px\"><iframe src=\"\/\/www.facebook.com\/plugins\/like.php?href=https%3A%2F%2Fwww.caritasne2.org.br%2Fsite%2Fcpt-lanca-dados-de-conflitos-campo-em-2014-destaca-violencia-impunidade%2F&amp;layout=button_count&amp;action=like&amp;show_faces=false&amp;share=true&amp;width=135&amp;height=21&amp;appId=307091639398582\" scrolling=\"no\" frameborder=\"0\" style=\"border:none; overflow:hidden;  width:150px; height:21px;\" allowTransparency=\"true\"><\/iframe><\/li><li class=\"twtr\" style=\"width:90px\"><a href=\"https:\/\/twitter.com\/share\" class=\"twitter-share-button\" data-url=\"https:\/\/www.caritasne2.org.br\/site\/cpt-lanca-dados-de-conflitos-campo-em-2014-destaca-violencia-impunidade\/\">&nbsp;<\/a><script>!function(d,s,id){var js,fjs=d.getElementsByTagName(s)[0],p=\/^http:\/.test(d.location)?'http':'https';if(!d.getElementById(id)){js=d.createElement(s);js.id=id;js.src=p+':\/\/platform.twitter.com\/widgets.js';fjs.parentNode.insertBefore(js,fjs);}}(document, 'script', 'twitter-wjs');<\/script><\/li><li class=\"gplus\" style=\"width:68px\"><div class=\"g-plusone\" data-size=\"medium\" data-href=\"https:\/\/www.caritasne2.org.br\/site\/cpt-lanca-dados-de-conflitos-campo-em-2014-destaca-violencia-impunidade\/\"><\/div><\/li><li class=\"ssb_linkedin\" style=\"width:64px\"><script src=\"\/\/platform.linkedin.com\/in.js\" type=\"text\/javascript\">lang: en_US<\/script><script type=\"IN\/Share\" data-url=\"https:\/\/www.caritasne2.org.br\/site\/cpt-lanca-dados-de-conflitos-campo-em-2014-destaca-violencia-impunidade\/\" data-counter=\"right\"><\/script><\/li><\/ul>","protected":false},"author":4,"featured_media":2454,"comment_status":"open","ping_status":"open","sticky":false,"template":"","format":"standard","meta":[],"categories":[20,503],"tags":[529,298,67],"_links":{"self":[{"href":"https:\/\/www.caritasne2.org.br\/site\/wp-json\/wp\/v2\/posts\/2453"}],"collection":[{"href":"https:\/\/www.caritasne2.org.br\/site\/wp-json\/wp\/v2\/posts"}],"about":[{"href":"https:\/\/www.caritasne2.org.br\/site\/wp-json\/wp\/v2\/types\/post"}],"author":[{"embeddable":true,"href":"https:\/\/www.caritasne2.org.br\/site\/wp-json\/wp\/v2\/users\/4"}],"replies":[{"embeddable":true,"href":"https:\/\/www.caritasne2.org.br\/site\/wp-json\/wp\/v2\/comments?post=2453"}],"version-history":[{"count":0,"href":"https:\/\/www.caritasne2.org.br\/site\/wp-json\/wp\/v2\/posts\/2453\/revisions"}],"wp:featuredmedia":[{"embeddable":true,"href":"https:\/\/www.caritasne2.org.br\/site\/wp-json\/"}],"wp:attachment":[{"href":"https:\/\/www.caritasne2.org.br\/site\/wp-json\/wp\/v2\/media?parent=2453"}],"wp:term":[{"taxonomy":"category","embeddable":true,"href":"https:\/\/www.caritasne2.org.br\/site\/wp-json\/wp\/v2\/categories?post=2453"},{"taxonomy":"post_tag","embeddable":true,"href":"https:\/\/www.caritasne2.org.br\/site\/wp-json\/wp\/v2\/tags?post=2453"}],"curies":[{"name":"wp","href":"https:\/\/api.w.org\/{rel}","templated":true}]}}