{"id":2439,"date":"2015-04-13T14:52:30","date_gmt":"2015-04-13T17:52:30","guid":{"rendered":"http:\/\/ne2.caritas.org.br.s174889.gridserver.com\/?p=2439"},"modified":"2017-07-11T15:20:41","modified_gmt":"2017-07-11T18:20:41","slug":"democratizacao-da-comunicacao-participantes-de-encontro-publicam-carta","status":"publish","type":"post","link":"https:\/\/www.caritasne2.org.br\/site\/democratizacao-da-comunicacao-participantes-de-encontro-publicam-carta\/","title":{"rendered":"Democratiza\u00e7\u00e3o da Comunica\u00e7\u00e3o: Participantes de Encontro publicam Carta"},"content":{"rendered":"<p style=\"text-align: justify;\">\u201cEm um momento em que o povo brasileiro e suas institui\u00e7\u00f5es democr\u00e1ticas enfrentam uma conjuntura pol\u00edtica e econ\u00f4mica adversa, mais do que nunca, levantamos a bandeira: por mais diversidade e pluralidade de vozes na m\u00eddia<\/p>\n<p style=\"text-align: justify;\">\u00a0Com a participa\u00e7\u00e3o ativa de 682 inscritos, o 2\u00ba Encontro Nacional pelo Direito \u00e0 Comunica\u00e7\u00e3o (ENDC) aprovou, na tarde do \u00faltimo domingo (12\/4), a Carta de Belo Horizonte. O documento reafirma a luta pela democratiza\u00e7\u00e3o da comunica\u00e7\u00e3o como pauta aglutinadora e transversal, al\u00e9m de conclamar as entidades e ativisitas a unirem for\u00e7as para pressionar o governo a abrir di\u00e1logo com a sociecidade sobre a necessidade de regular democraticamente o setor de comunica\u00e7\u00e3o do pa\u00eds.<\/p>\n<p style=\"text-align: justify;\">\u00a0Rosane Bertotti, coordenadora geral do F\u00f3rum Nacional pela Democratiza\u00e7\u00e3o da Comunica\u00e7\u00e3o (FNDC), comemorou o resultado do evento, que reuniu ativistas, estudantes, militantes, jornalistas, estudiosos e pesquisadores da comunica\u00e7\u00e3o, representantes de entidades e coletivos e aut\u00f4nomos de todo o Brasil. \u201cNosso encontro mostrou que a luta por uma comunica\u00e7\u00e3o democr\u00e1tica, inclusiva, plural est\u00e1 mais ativa e \u00e9 mais necess\u00e1ria do que nunca. E mais do que isso, que os movimentos est\u00e3o dispostos a cobrar do governo que paute essa quest\u00e3o a coloque na agenda dos debates estrat\u00e9gicos para o pa\u00eds\u201d.<\/p>\n<p style=\"text-align: justify;\">Leia o documento na \u00edntegra:<\/p>\n<p style=\"text-align: justify;\">Carta de Belo Horizonte: <a title=\"CARTA DE BELO HORIZONTE\" href=\"http:\/\/ne2.caritas.org.br.s174889.gridserver.com\/wp-content\/uploads\/2015\/04\/CARTA_DE_BELO_HORIZONTE_ENDC.pdf\">CLIQUE AQUI\u00a0<\/a><\/p>\n<p style=\"text-align: justify;\">Fonte: F\u00f3rum Nacional Pela Democratiza\u00e7\u00e3o da Comunica\u00e7\u00e3o<\/p>\n<p>&nbsp;<\/p>\n<p>&nbsp;<\/p>\n<ul class=\"ssb_list_wrapper\"><li class=\"fb2\" style=\"width:135px\"><iframe src=\"\/\/www.facebook.com\/plugins\/like.php?href=https%3A%2F%2Fwww.caritasne2.org.br%2Fsite%2Fdemocratizacao-da-comunicacao-participantes-de-encontro-publicam-carta%2F&amp;layout=button_count&amp;action=like&amp;show_faces=false&amp;share=true&amp;width=135&amp;height=21&amp;appId=307091639398582\" scrolling=\"no\" frameborder=\"0\" style=\"border:none; overflow:hidden;  width:150px; height:21px;\" allowTransparency=\"true\"><\/iframe><\/li><li class=\"twtr\" style=\"width:90px\"><a href=\"https:\/\/twitter.com\/share\" class=\"twitter-share-button\" data-url=\"https:\/\/www.caritasne2.org.br\/site\/democratizacao-da-comunicacao-participantes-de-encontro-publicam-carta\/\">&nbsp;<\/a><script>!function(d,s,id){var js,fjs=d.getElementsByTagName(s)[0],p=\/^http:\/.test(d.location)?'http':'https';if(!d.getElementById(id)){js=d.createElement(s);js.id=id;js.src=p+':\/\/platform.twitter.com\/widgets.js';fjs.parentNode.insertBefore(js,fjs);}}(document, 'script', 'twitter-wjs');<\/script><\/li><li class=\"gplus\" style=\"width:68px\"><div class=\"g-plusone\" data-size=\"medium\" data-href=\"https:\/\/www.caritasne2.org.br\/site\/democratizacao-da-comunicacao-participantes-de-encontro-publicam-carta\/\"><\/div><\/li><li class=\"ssb_linkedin\" style=\"width:64px\"><script src=\"\/\/platform.linkedin.com\/in.js\" type=\"text\/javascript\">lang: en_US<\/script><script type=\"IN\/Share\" data-url=\"https:\/\/www.caritasne2.org.br\/site\/democratizacao-da-comunicacao-participantes-de-encontro-publicam-carta\/\" data-counter=\"right\"><\/script><\/li><\/ul>","protected":false},"excerpt":{"rendered":"<p>\u201cEm um momento em que o povo brasileiro e suas institui\u00e7\u00f5es democr\u00e1ticas enfrentam uma conjuntura pol\u00edtica e econ\u00f4mica adversa, mais do que nunca, levantamos a bandeira: por mais diversidade e pluralidade de vozes na m\u00eddia \u00a0Com a participa\u00e7\u00e3o ativa de 682 inscritos, o 2\u00ba Encontro Nacional pelo Direito \u00e0 Comunica\u00e7\u00e3o (ENDC) aprovou, na tarde do \u00faltimo domingo (12\/4), a Carta de Belo Horizonte. O documento [&hellip;]<\/p>\n<ul class=\"ssb_list_wrapper\"><li class=\"fb2\" style=\"width:135px\"><iframe src=\"\/\/www.facebook.com\/plugins\/like.php?href=https%3A%2F%2Fwww.caritasne2.org.br%2Fsite%2Fdemocratizacao-da-comunicacao-participantes-de-encontro-publicam-carta%2F&amp;layout=button_count&amp;action=like&amp;show_faces=false&amp;share=true&amp;width=135&amp;height=21&amp;appId=307091639398582\" scrolling=\"no\" frameborder=\"0\" style=\"border:none; overflow:hidden;  width:150px; height:21px;\" allowTransparency=\"true\"><\/iframe><\/li><li class=\"twtr\" style=\"width:90px\"><a href=\"https:\/\/twitter.com\/share\" class=\"twitter-share-button\" data-url=\"https:\/\/www.caritasne2.org.br\/site\/democratizacao-da-comunicacao-participantes-de-encontro-publicam-carta\/\">&nbsp;<\/a><script>!function(d,s,id){var js,fjs=d.getElementsByTagName(s)[0],p=\/^http:\/.test(d.location)?'http':'https';if(!d.getElementById(id)){js=d.createElement(s);js.id=id;js.src=p+':\/\/platform.twitter.com\/widgets.js';fjs.parentNode.insertBefore(js,fjs);}}(document, 'script', 'twitter-wjs');<\/script><\/li><li class=\"gplus\" style=\"width:68px\"><div class=\"g-plusone\" data-size=\"medium\" data-href=\"https:\/\/www.caritasne2.org.br\/site\/democratizacao-da-comunicacao-participantes-de-encontro-publicam-carta\/\"><\/div><\/li><li class=\"ssb_linkedin\" style=\"width:64px\"><script src=\"\/\/platform.linkedin.com\/in.js\" type=\"text\/javascript\">lang: en_US<\/script><script type=\"IN\/Share\" data-url=\"https:\/\/www.caritasne2.org.br\/site\/democratizacao-da-comunicacao-participantes-de-encontro-publicam-carta\/\" data-counter=\"right\"><\/script><\/li><\/ul>","protected":false},"author":4,"featured_media":2442,"comment_status":"open","ping_status":"open","sticky":false,"template":"","format":"standard","meta":[],"categories":[527,20],"tags":[300,526,67,528],"_links":{"self":[{"href":"https:\/\/www.caritasne2.org.br\/site\/wp-json\/wp\/v2\/posts\/2439"}],"collection":[{"href":"https:\/\/www.caritasne2.org.br\/site\/wp-json\/wp\/v2\/posts"}],"about":[{"href":"https:\/\/www.caritasne2.org.br\/site\/wp-json\/wp\/v2\/types\/post"}],"author":[{"embeddable":true,"href":"https:\/\/www.caritasne2.org.br\/site\/wp-json\/wp\/v2\/users\/4"}],"replies":[{"embeddable":true,"href":"https:\/\/www.caritasne2.org.br\/site\/wp-json\/wp\/v2\/comments?post=2439"}],"version-history":[{"count":0,"href":"https:\/\/www.caritasne2.org.br\/site\/wp-json\/wp\/v2\/posts\/2439\/revisions"}],"wp:featuredmedia":[{"embeddable":true,"href":"https:\/\/www.caritasne2.org.br\/site\/wp-json\/"}],"wp:attachment":[{"href":"https:\/\/www.caritasne2.org.br\/site\/wp-json\/wp\/v2\/media?parent=2439"}],"wp:term":[{"taxonomy":"category","embeddable":true,"href":"https:\/\/www.caritasne2.org.br\/site\/wp-json\/wp\/v2\/categories?post=2439"},{"taxonomy":"post_tag","embeddable":true,"href":"https:\/\/www.caritasne2.org.br\/site\/wp-json\/wp\/v2\/tags?post=2439"}],"curies":[{"name":"wp","href":"https:\/\/api.w.org\/{rel}","templated":true}]}}