{"id":2425,"date":"2015-03-25T18:36:30","date_gmt":"2015-03-25T21:36:30","guid":{"rendered":"http:\/\/ne2.caritas.org.br.s174889.gridserver.com\/?p=2425"},"modified":"2017-07-11T15:20:41","modified_gmt":"2017-07-11T18:20:41","slug":"caritas-de-crateus-realiza-intercambio-nacional-em-educacao-contextualizada","status":"publish","type":"post","link":"https:\/\/www.caritasne2.org.br\/site\/caritas-de-crateus-realiza-intercambio-nacional-em-educacao-contextualizada\/","title":{"rendered":"C\u00e1ritas de Crate\u00fas realiza Interc\u00e2mbio Nacional em Educa\u00e7\u00e3o Contextualizada"},"content":{"rendered":"<p style=\"text-align: justify;\">A C\u00e1ritas Diocesana de Crate\u00fas (CDC) comemora 10 anos de funda\u00e7\u00e3o em 2015. O lan\u00e7amento desse ano celebrativo foi realizado durante a cerim\u00f4nia de abertura do Interc\u00e2mbio em Educa\u00e7\u00e3o Contextualizada para Conviv\u00eancia com o Semi\u00e1rido (ECCS), evento organizado pela C\u00e1ritas Brasileira (CB) em parceria com a CB Regional Cear\u00e1 e a CDC para ser experienciado o ac\u00famulo nesse modo de viver a educa\u00e7\u00e3o em v\u00e1rias escolas p\u00fablicas dos sert\u00f5es dos Inham\u00fans-Crate\u00fas. O evento, vivenciado no per\u00edodo de 25 a 27 de mar\u00e7o, teve na manh\u00e3 desta quarta-feira (25) o momento orante dedicado \u00e0 hist\u00f3ria da entidade anfitri\u00e3, com lan\u00e7amento da logomarca comemorativa, ora\u00e7\u00e3o e programa\u00e7\u00e3o da celebra\u00e7\u00e3o anual. Al\u00e9m disso, foi feita uma an\u00e1lise da conjuntura da educa\u00e7\u00e3o no Brasil e no Semi\u00e1rido facilitada pelo professor Elmo de Sousa Lima, doutor em educa\u00e7\u00e3o e professor da Universidade Federal do Piau\u00ed.<\/p>\n<p style=\"text-align: justify;\">\u00a0A primeira parte da manh\u00e3 foi dedicada a cada comunidade acompanhada, com cada parceiro, cada parceira, cada volunt\u00e1rio e volunt\u00e1ria, cada retalho que comp\u00f4s a hist\u00f3ria da C\u00e1ritas de Crate\u00fas. Se h\u00e1 um lugar de destaque no tecer da experi\u00eancia da CDC nessa primeira d\u00e9cada de exist\u00eancia \u00e9 a costura da educa\u00e7\u00e3o contextualizada. Atualmente, ela acompanha \u201ca experi\u00eancia mais consolidada das C\u00e1ritas do Brasil na perspectiva de territ\u00f3rio\u201d, segundo Luiz Claudio Mandela, membro da coordena\u00e7\u00e3o colegiada da C\u00e1ritas Brasileira. Por isso foi muito oportuno realizar o lan\u00e7amento durante o interc\u00e2mbio, pois \u00e9 uma maneira, tamb\u00e9m, de \u201cprestar contas do que se acumulou durante a nossa caminhada, de compartilhar com nossas irm\u00e3s C\u00e1ritas dos regionais onde h\u00e1 trabalhos pela conviv\u00eancia com o Semi\u00e1rido\u201d, explicou Adriano Leit\u00e3o, coordenador do projeto \u201cEduca\u00e7\u00e3o Contextualizada no Sert\u00e3o do Cear\u00e1\u201d, realizado pela C\u00e1ritas de Crate\u00fas e patrocinado pela Petrobras, beneficiando mais de cinco mil educandas\/os em cinco munic\u00edpios da regi\u00e3o.<\/p>\n<p style=\"text-align: justify;\">\u201cQuando a C\u00e1ritas chegou a nossa comunidade, ela conseguiu plantar uma semente e hoje temos l\u00e1 \u00e1rvores frut\u00edferas. V\u00e1rios grupos produtivos, uma organiza\u00e7\u00e3o que nos permite, mesmo nesses anos dif\u00edceis de seca, continuar produzindo\u201d, testemunhou Giovane Carvalho, l\u00edder da comunidade Irapu\u00e1, em Nova Russas, uma das comunidades de refer\u00eancia no que tange o acompanhamento da CDC a comunidades rurais. Tamb\u00e9m foi partilhada a experi\u00eancia exitosa das mesas de negocia\u00e7\u00e3o, das escolas de cidadania, do voluntariado e do trabalho com mulheres. Ou seja, dos v\u00e1rios tecidos que comp\u00f5em o retalho constru\u00eddo a v\u00e1rias m\u00e3os nesses 10 anos. \u201cIremos realizar um ano de escuta, onde tentaremos colher de v\u00e1rias pessoas, seja de grupos acompanhados ou de organiza\u00e7\u00f5es parceiras opini\u00f5es sobre quem e como somos. Nosso objetivo \u00e9 construir uma perspectiva do que seremos nos pr\u00f3ximos 10 anos\u201d, resumiu Adriano. Tamb\u00e9m participaram desse momento orante, representantes de v\u00e1rias entidades parceiras e de grupos acompanhados pela C\u00e1ritas de Crate\u00fas.<\/p>\n<p style=\"text-align: justify;\"><strong>IN\u00cdCIO DO INTERC\u00c2MBIO<\/strong><\/p>\n<p style=\"text-align: justify;\">Ap\u00f3s a ben\u00e7\u00e3o de Dom Ailton Menegussi, bispo da Diocese de Crate\u00fas, tiveram in\u00edcio as discuss\u00f5es tem\u00e1ticas do interc\u00e2mbio. Mandela fez uma retrospectiva do ac\u00famulo da C\u00e1ritas Brasileira, no que diz respeito \u00e0 conviv\u00eancia com o Semi\u00e1rido e ajudou \u00e0s\/aos participantes a compreender qual lugar estrat\u00e9gico a Educa\u00e7\u00e3o Contextualizada para Conviv\u00eancia com o Semi\u00e1rido (ECCS) ocupa dentro dessa pol\u00edtica. \u201cDurante o congresso [da CB] em 1999, n\u00f3s aprofundamos uma conversa iniciada ainda nas campanhas pra enfrentar as consequ\u00eancias do [fen\u00f4meno natural] El Ni\u00f1o. Depois disso, criamos a Pol\u00edtica de Conviv\u00eancia com o Semi\u00e1rido e, de l\u00e1 pra c\u00e1, vimos acumulando diversas experi\u00eancias em v\u00e1rias C\u00e1ritas e entidades-membro nessa \u00e1rea. Consolidar a experi\u00eancia da ECCS \u00e9 um dos nossos desafios estrat\u00e9gicos, por isso estamos aqui\u201d, argumentou.<\/p>\n<p style=\"text-align: justify;\">Em seguida, foi realizada a an\u00e1lise de conjuntura sobre a educa\u00e7\u00e3o no Brasil, facilitada pelo professor Elmo. J\u00e1 no per\u00edodo vespertino, \u00e9 vivenciada uma reflex\u00e3o sobre \u201cDesafios e Estrat\u00e9gias da Educa\u00e7\u00e3o Contextualizada\u201d, facilitada por Edineusa Sousa, educadora do Instituto da Pequena Agropecu\u00e1ria Apropriada (IRPAA), organiza\u00e7\u00e3o refer\u00eancia para o Brasil em rela\u00e7\u00e3o a esse assunto, e grande incentivadora e formadora na fase seminal da experi\u00eancia dos Inham\u00fans-Crate\u00fas. Na conclus\u00e3o do primeiro dia, ser\u00e1 apresentado v\u00eddeo de sistematiza\u00e7\u00e3o da experi\u00eancia da CDC em ECCS. Durante os dias de quinta e sexta-feira, participantes conhecer\u00e3o escolas onde essa a\u00e7\u00e3o \u00e9 vivida na pr\u00e1tica, seguida de partilha de experi\u00eancias.<\/p>\n<p style=\"text-align: justify;\">\n<p style=\"text-align: justify;\">Por Eraldo Paulino :: comunicador popular da C\u00e1ritas Diocesana de Crate\u00fas<\/p>\n<ul class=\"ssb_list_wrapper\"><li class=\"fb2\" style=\"width:135px\"><iframe src=\"\/\/www.facebook.com\/plugins\/like.php?href=https%3A%2F%2Fwww.caritasne2.org.br%2Fsite%2Fcaritas-de-crateus-realiza-intercambio-nacional-em-educacao-contextualizada%2F&amp;layout=button_count&amp;action=like&amp;show_faces=false&amp;share=true&amp;width=135&amp;height=21&amp;appId=307091639398582\" scrolling=\"no\" frameborder=\"0\" style=\"border:none; overflow:hidden;  width:150px; height:21px;\" allowTransparency=\"true\"><\/iframe><\/li><li class=\"twtr\" style=\"width:90px\"><a href=\"https:\/\/twitter.com\/share\" class=\"twitter-share-button\" data-url=\"https:\/\/www.caritasne2.org.br\/site\/caritas-de-crateus-realiza-intercambio-nacional-em-educacao-contextualizada\/\">&nbsp;<\/a><script>!function(d,s,id){var js,fjs=d.getElementsByTagName(s)[0],p=\/^http:\/.test(d.location)?'http':'https';if(!d.getElementById(id)){js=d.createElement(s);js.id=id;js.src=p+':\/\/platform.twitter.com\/widgets.js';fjs.parentNode.insertBefore(js,fjs);}}(document, 'script', 'twitter-wjs');<\/script><\/li><li class=\"gplus\" style=\"width:68px\"><div class=\"g-plusone\" data-size=\"medium\" data-href=\"https:\/\/www.caritasne2.org.br\/site\/caritas-de-crateus-realiza-intercambio-nacional-em-educacao-contextualizada\/\"><\/div><\/li><li class=\"ssb_linkedin\" style=\"width:64px\"><script src=\"\/\/platform.linkedin.com\/in.js\" type=\"text\/javascript\">lang: en_US<\/script><script type=\"IN\/Share\" data-url=\"https:\/\/www.caritasne2.org.br\/site\/caritas-de-crateus-realiza-intercambio-nacional-em-educacao-contextualizada\/\" data-counter=\"right\"><\/script><\/li><\/ul>","protected":false},"excerpt":{"rendered":"<p>A C\u00e1ritas Diocesana de Crate\u00fas (CDC) comemora 10 anos de funda\u00e7\u00e3o em 2015. O lan\u00e7amento desse ano celebrativo foi realizado durante a cerim\u00f4nia de abertura do Interc\u00e2mbio em Educa\u00e7\u00e3o Contextualizada para Conviv\u00eancia com o Semi\u00e1rido (ECCS), evento organizado pela C\u00e1ritas Brasileira (CB) em parceria com a CB Regional Cear\u00e1 e a CDC para ser experienciado o ac\u00famulo nesse modo de viver a educa\u00e7\u00e3o em v\u00e1rias [&hellip;]<\/p>\n<ul class=\"ssb_list_wrapper\"><li class=\"fb2\" style=\"width:135px\"><iframe src=\"\/\/www.facebook.com\/plugins\/like.php?href=https%3A%2F%2Fwww.caritasne2.org.br%2Fsite%2Fcaritas-de-crateus-realiza-intercambio-nacional-em-educacao-contextualizada%2F&amp;layout=button_count&amp;action=like&amp;show_faces=false&amp;share=true&amp;width=135&amp;height=21&amp;appId=307091639398582\" scrolling=\"no\" frameborder=\"0\" style=\"border:none; overflow:hidden;  width:150px; height:21px;\" allowTransparency=\"true\"><\/iframe><\/li><li class=\"twtr\" style=\"width:90px\"><a href=\"https:\/\/twitter.com\/share\" class=\"twitter-share-button\" data-url=\"https:\/\/www.caritasne2.org.br\/site\/caritas-de-crateus-realiza-intercambio-nacional-em-educacao-contextualizada\/\">&nbsp;<\/a><script>!function(d,s,id){var js,fjs=d.getElementsByTagName(s)[0],p=\/^http:\/.test(d.location)?'http':'https';if(!d.getElementById(id)){js=d.createElement(s);js.id=id;js.src=p+':\/\/platform.twitter.com\/widgets.js';fjs.parentNode.insertBefore(js,fjs);}}(document, 'script', 'twitter-wjs');<\/script><\/li><li class=\"gplus\" style=\"width:68px\"><div class=\"g-plusone\" data-size=\"medium\" data-href=\"https:\/\/www.caritasne2.org.br\/site\/caritas-de-crateus-realiza-intercambio-nacional-em-educacao-contextualizada\/\"><\/div><\/li><li class=\"ssb_linkedin\" style=\"width:64px\"><script src=\"\/\/platform.linkedin.com\/in.js\" type=\"text\/javascript\">lang: en_US<\/script><script type=\"IN\/Share\" data-url=\"https:\/\/www.caritasne2.org.br\/site\/caritas-de-crateus-realiza-intercambio-nacional-em-educacao-contextualizada\/\" data-counter=\"right\"><\/script><\/li><\/ul>","protected":false},"author":4,"featured_media":2426,"comment_status":"open","ping_status":"open","sticky":false,"template":"","format":"standard","meta":[],"categories":[20,466],"tags":[67,521],"_links":{"self":[{"href":"https:\/\/www.caritasne2.org.br\/site\/wp-json\/wp\/v2\/posts\/2425"}],"collection":[{"href":"https:\/\/www.caritasne2.org.br\/site\/wp-json\/wp\/v2\/posts"}],"about":[{"href":"https:\/\/www.caritasne2.org.br\/site\/wp-json\/wp\/v2\/types\/post"}],"author":[{"embeddable":true,"href":"https:\/\/www.caritasne2.org.br\/site\/wp-json\/wp\/v2\/users\/4"}],"replies":[{"embeddable":true,"href":"https:\/\/www.caritasne2.org.br\/site\/wp-json\/wp\/v2\/comments?post=2425"}],"version-history":[{"count":0,"href":"https:\/\/www.caritasne2.org.br\/site\/wp-json\/wp\/v2\/posts\/2425\/revisions"}],"wp:featuredmedia":[{"embeddable":true,"href":"https:\/\/www.caritasne2.org.br\/site\/wp-json\/"}],"wp:attachment":[{"href":"https:\/\/www.caritasne2.org.br\/site\/wp-json\/wp\/v2\/media?parent=2425"}],"wp:term":[{"taxonomy":"category","embeddable":true,"href":"https:\/\/www.caritasne2.org.br\/site\/wp-json\/wp\/v2\/categories?post=2425"},{"taxonomy":"post_tag","embeddable":true,"href":"https:\/\/www.caritasne2.org.br\/site\/wp-json\/wp\/v2\/tags?post=2425"}],"curies":[{"name":"wp","href":"https:\/\/api.w.org\/{rel}","templated":true}]}}