{"id":2405,"date":"2015-03-28T09:44:17","date_gmt":"2015-03-28T12:44:17","guid":{"rendered":"http:\/\/ne2.caritas.org.br.s174889.gridserver.com\/?p=2405"},"modified":"2017-07-11T15:20:41","modified_gmt":"2017-07-11T18:20:41","slug":"domingo-de-ramos-e-dia-da-coleta-nacional-da-solidariedade","status":"publish","type":"post","link":"https:\/\/www.caritasne2.org.br\/site\/domingo-de-ramos-e-dia-da-coleta-nacional-da-solidariedade\/","title":{"rendered":"Domingo de Ramos \u00e9 dia da Coleta Nacional da Solidariedade"},"content":{"rendered":"<p>Neste domingo, dia 29 de mar\u00e7o, todas as comunidades celebram o Domingo de Ramos, fazendo mem\u00f3ria \u00e0 entrada de Jesus em Jerusal\u00e9m. Nesta data, a Igreja no Brasil assume como gesto concreto da Campanha da Fraternidade a Coleta Nacional da Solidariedade.<\/p>\n<p>Todas as doa\u00e7\u00f5es s\u00e3o divididas entre o Fundo Diocesano de Solidariedade (FDS) e o Fundo Nacional de Solidariedade (FNS). Para o FDS ficam 60% dos recursos, que s\u00e3o destinados ao apoio de projetos sociais da pr\u00f3pria comunidade diocesana. Os 40% restantes comp\u00f5em o FNS, revertidos no fortalecimento da solidariedade entre as diferentes regi\u00f5es do pa\u00eds.<\/p>\n<p>Assumida em todo pa\u00eds, a Campanha da Fraternidade tornou-se express\u00e3o de comunh\u00e3o, convers\u00e3o e partilha. A coleta \u00e9 realizada como um dos gestos concretos da Campanha e tem realizado um bem imenso na transforma\u00e7\u00e3o da realidade nas vidas de centenas de pessoas nos seus 15 anos de exist\u00eancia.<\/p>\n<p>Durante esses anos, 3 mil projetos da C\u00e1ritas Brasileira foram poss\u00edveis por meio do FNS. S\u00f3 no \u00faltimo ano (2014), foram 148 projetos de forma\u00e7\u00e3o (Eixo I), mais 71 projetos de mobiliza\u00e7\u00e3o (Eixo II) e, ainda, 107 projetos produtivos (Eixo III). Al\u00e9m de 2 projetos que s\u00e3o de forma\u00e7\u00e3o e mobiliza\u00e7\u00e3o ao mesmo tempo. Ao todo, s\u00e3o 328 projetos em v\u00e1rias partes do pa\u00eds, onde foram aplicados R$ 6.270.098,41.<\/p>\n<p>Ao percorrermos o itiner\u00e1rio da Campanha durante o tempo quaresmal e participarmos desse gesto concreto de partilha, possamos continuar seguindo Cristo, caminho, verdade e vida (Cf. Jo 14,6).<\/p>\n<p>Participe da Coleta Nacional da Solidariedade e contribua para a promo\u00e7\u00e3o e o apoio a projetos apoiados em todo o pa\u00eds.<\/p>\n<p>Assessoria de Comunica\u00e7\u00e3o da C\u00e1ritas Brasileira<\/p>\n<p>&nbsp;<\/p>\n<ul class=\"ssb_list_wrapper\"><li class=\"fb2\" style=\"width:135px\"><iframe src=\"\/\/www.facebook.com\/plugins\/like.php?href=https%3A%2F%2Fwww.caritasne2.org.br%2Fsite%2Fdomingo-de-ramos-e-dia-da-coleta-nacional-da-solidariedade%2F&amp;layout=button_count&amp;action=like&amp;show_faces=false&amp;share=true&amp;width=135&amp;height=21&amp;appId=307091639398582\" scrolling=\"no\" frameborder=\"0\" style=\"border:none; overflow:hidden;  width:150px; height:21px;\" allowTransparency=\"true\"><\/iframe><\/li><li class=\"twtr\" style=\"width:90px\"><a href=\"https:\/\/twitter.com\/share\" class=\"twitter-share-button\" data-url=\"https:\/\/www.caritasne2.org.br\/site\/domingo-de-ramos-e-dia-da-coleta-nacional-da-solidariedade\/\">&nbsp;<\/a><script>!function(d,s,id){var js,fjs=d.getElementsByTagName(s)[0],p=\/^http:\/.test(d.location)?'http':'https';if(!d.getElementById(id)){js=d.createElement(s);js.id=id;js.src=p+':\/\/platform.twitter.com\/widgets.js';fjs.parentNode.insertBefore(js,fjs);}}(document, 'script', 'twitter-wjs');<\/script><\/li><li class=\"gplus\" style=\"width:68px\"><div class=\"g-plusone\" data-size=\"medium\" data-href=\"https:\/\/www.caritasne2.org.br\/site\/domingo-de-ramos-e-dia-da-coleta-nacional-da-solidariedade\/\"><\/div><\/li><li class=\"ssb_linkedin\" style=\"width:64px\"><script src=\"\/\/platform.linkedin.com\/in.js\" type=\"text\/javascript\">lang: en_US<\/script><script type=\"IN\/Share\" data-url=\"https:\/\/www.caritasne2.org.br\/site\/domingo-de-ramos-e-dia-da-coleta-nacional-da-solidariedade\/\" data-counter=\"right\"><\/script><\/li><\/ul>","protected":false},"excerpt":{"rendered":"<p>Neste domingo, dia 29 de mar\u00e7o, todas as comunidades celebram o Domingo de Ramos, fazendo mem\u00f3ria \u00e0 entrada de Jesus em Jerusal\u00e9m. Nesta data, a Igreja no Brasil assume como gesto concreto da Campanha da Fraternidade a Coleta Nacional da Solidariedade. Todas as doa\u00e7\u00f5es s\u00e3o divididas entre o Fundo Diocesano de Solidariedade (FDS) e o Fundo Nacional de Solidariedade (FNS). Para o FDS ficam 60% [&hellip;]<\/p>\n<ul class=\"ssb_list_wrapper\"><li class=\"fb2\" style=\"width:135px\"><iframe src=\"\/\/www.facebook.com\/plugins\/like.php?href=https%3A%2F%2Fwww.caritasne2.org.br%2Fsite%2Fdomingo-de-ramos-e-dia-da-coleta-nacional-da-solidariedade%2F&amp;layout=button_count&amp;action=like&amp;show_faces=false&amp;share=true&amp;width=135&amp;height=21&amp;appId=307091639398582\" scrolling=\"no\" frameborder=\"0\" style=\"border:none; overflow:hidden;  width:150px; height:21px;\" allowTransparency=\"true\"><\/iframe><\/li><li class=\"twtr\" style=\"width:90px\"><a href=\"https:\/\/twitter.com\/share\" class=\"twitter-share-button\" data-url=\"https:\/\/www.caritasne2.org.br\/site\/domingo-de-ramos-e-dia-da-coleta-nacional-da-solidariedade\/\">&nbsp;<\/a><script>!function(d,s,id){var js,fjs=d.getElementsByTagName(s)[0],p=\/^http:\/.test(d.location)?'http':'https';if(!d.getElementById(id)){js=d.createElement(s);js.id=id;js.src=p+':\/\/platform.twitter.com\/widgets.js';fjs.parentNode.insertBefore(js,fjs);}}(document, 'script', 'twitter-wjs');<\/script><\/li><li class=\"gplus\" style=\"width:68px\"><div class=\"g-plusone\" data-size=\"medium\" data-href=\"https:\/\/www.caritasne2.org.br\/site\/domingo-de-ramos-e-dia-da-coleta-nacional-da-solidariedade\/\"><\/div><\/li><li class=\"ssb_linkedin\" style=\"width:64px\"><script src=\"\/\/platform.linkedin.com\/in.js\" type=\"text\/javascript\">lang: en_US<\/script><script type=\"IN\/Share\" data-url=\"https:\/\/www.caritasne2.org.br\/site\/domingo-de-ramos-e-dia-da-coleta-nacional-da-solidariedade\/\" data-counter=\"right\"><\/script><\/li><\/ul>","protected":false},"author":4,"featured_media":2412,"comment_status":"open","ping_status":"open","sticky":false,"template":"","format":"standard","meta":[],"categories":[366,20],"tags":[45,47,67,51,53,54,55],"_links":{"self":[{"href":"https:\/\/www.caritasne2.org.br\/site\/wp-json\/wp\/v2\/posts\/2405"}],"collection":[{"href":"https:\/\/www.caritasne2.org.br\/site\/wp-json\/wp\/v2\/posts"}],"about":[{"href":"https:\/\/www.caritasne2.org.br\/site\/wp-json\/wp\/v2\/types\/post"}],"author":[{"embeddable":true,"href":"https:\/\/www.caritasne2.org.br\/site\/wp-json\/wp\/v2\/users\/4"}],"replies":[{"embeddable":true,"href":"https:\/\/www.caritasne2.org.br\/site\/wp-json\/wp\/v2\/comments?post=2405"}],"version-history":[{"count":0,"href":"https:\/\/www.caritasne2.org.br\/site\/wp-json\/wp\/v2\/posts\/2405\/revisions"}],"wp:featuredmedia":[{"embeddable":true,"href":"https:\/\/www.caritasne2.org.br\/site\/wp-json\/"}],"wp:attachment":[{"href":"https:\/\/www.caritasne2.org.br\/site\/wp-json\/wp\/v2\/media?parent=2405"}],"wp:term":[{"taxonomy":"category","embeddable":true,"href":"https:\/\/www.caritasne2.org.br\/site\/wp-json\/wp\/v2\/categories?post=2405"},{"taxonomy":"post_tag","embeddable":true,"href":"https:\/\/www.caritasne2.org.br\/site\/wp-json\/wp\/v2\/tags?post=2405"}],"curies":[{"name":"wp","href":"https:\/\/api.w.org\/{rel}","templated":true}]}}