{"id":2399,"date":"2015-03-22T14:31:54","date_gmt":"2015-03-22T17:31:54","guid":{"rendered":"http:\/\/ne2.caritas.org.br.s174889.gridserver.com\/?p=2399"},"modified":"2017-07-11T15:20:41","modified_gmt":"2017-07-11T18:20:41","slug":"dia-mundial-da-agua-caritas-nordeste-2-destaca-acoes-de-preservacao","status":"publish","type":"post","link":"https:\/\/www.caritasne2.org.br\/site\/dia-mundial-da-agua-caritas-nordeste-2-destaca-acoes-de-preservacao\/","title":{"rendered":"No Dia Mundial da \u00c1gua, C\u00e1ritas Nordeste 2 destaca a\u00e7\u00f5es de preserva\u00e7\u00e3o"},"content":{"rendered":"<p style=\"text-align: justify;\">N\u00f3s somos 70% \u00e1gua. A Terra tem 70% de sua superf\u00edcie coberta por \u00e1gua. Nossos olhos n\u00e3o veem bem essa realidade porque a \u00e1gua est\u00e1 misturada com tudo que torna poss\u00edvel a vida. Ou seja, preservar e cuidar desse bem precioso \u00e9 assumir um compromisso com a vida. Comprometida com esta tem\u00e1tica, a Organiza\u00e7\u00e3o das Na\u00e7\u00f5es Unidas (ONU) instituiu o dia 22 de mar\u00e7o como o Dia Mundial da \u00c1gua. A data criada em 1992 tem como proposta promover reflex\u00f5es e debates sobre esse tema.<\/p>\n<p style=\"text-align: justify;\">\u00a0Ao longo de sua trajet\u00f3ria, n\u00e3o apenas no Dia Mundial da \u00c1gua, a Rede C\u00e1ritas Brasileira tem promovido, constantemente, em suas a\u00e7\u00f5es diversas, reflex\u00f5es sobre o direito \u00e0 \u00e1gua.<\/p>\n<p style=\"text-align: justify;\">\u00a0No Regional NE2, a C\u00e1ritas tem procurado escutar, apoiar e construir parcerias com movimentos sociais, igrejas, pastorais, organiza\u00e7\u00f5es governamentais e n\u00e3o governamentais, entre tantas outras que trabalham com grupos populares e em situa\u00e7\u00e3o de vulnerabilidade social na regi\u00e3o do Semi\u00e1rido brasileiro. A ideia \u00e9 aprofundar, cada vez mais, o debate sobre as alternativas de desenvolvimento sustent\u00e1vel na perspectiva da conviv\u00eancia com o Semi\u00e1rido. A partir das experi\u00eancias realizadas, de estudos desenvolvidos, tecnologias testadas, a C\u00e1ritas tem somado esfor\u00e7os para a consolida\u00e7\u00e3o de um direito humano b\u00e1sico, o acesso \u00e0 \u00e1gua de boa qualidade, seja para o consumo humano ou para a produ\u00e7\u00e3o.<\/p>\n<p style=\"text-align: justify;\">\u00a0Ao se propor trabalhar o manejo da \u00e1gua, na perspectiva do consumo humano e da produ\u00e7\u00e3o, a C\u00e1ritas dialoga com esse direito e contribui efetivamente para a constru\u00e7\u00e3o de uma seguran\u00e7a alimentar e nutricional com soberania.<\/p>\n<p style=\"text-align: justify;\">\u00a0No estado da Para\u00edba, desde janeiro deste ano, a C\u00e1ritas Regional NE2 tem atuado em parceria com o governo do Estado, atrav\u00e9s da Secretaria Estadual de Desenvolvimento Humano (SEDH) e o Minist\u00e9rio do Desenvolvimento Social e Combate \u00e0 Fome (MDS), para garantir o acesso \u00e0 \u00e1gua de qualidade atrav\u00e9s do Programa \u00c1gua para Todos.<\/p>\n<p style=\"text-align: justify;\">\u00a0Nos munic\u00edpios paraibanos de Natuba, Santa Cec\u00edlia e Umbuzeiro, 421 fam\u00edlias j\u00e1 foram capacitadas atrav\u00e9s de 13 cursos de Gest\u00e3o dos Recursos H\u00eddricos (GRH). Essas fam\u00edlias est\u00e3o sendo preparadas para o recebimento das cisternas de placas, ou seja, cada fam\u00edlia ser\u00e1 beneficiada com a constru\u00e7\u00e3o de uma cisterna, que tem capacidade para armazenar 16 mil litros de \u00e1gua para consumo humano.<\/p>\n<p style=\"text-align: justify;\">\u00a0Durante as capacita\u00e7\u00f5es, as fam\u00edlias recebem orienta\u00e7\u00f5es sobre diversos temas relacionados diretamente com a \u00e1gua. Entre eles: distribui\u00e7\u00e3o da \u00e1gua na terra; ciclo da \u00e1gua; apresenta\u00e7\u00e3o do Semi\u00e1rido; debate sobre precipita\u00e7\u00e3o pluviom\u00e9trica; gerenciamento da \u00e1gua da cisterna; polui\u00e7\u00e3o e contamina\u00e7\u00e3o da \u00e1gua, sa\u00fade e preserva\u00e7\u00e3o das doen\u00e7as, a import\u00e2ncia de tratar a \u00e1gua, pol\u00edticas p\u00fablicas e cidadania.<\/p>\n<p style=\"text-align: justify;\">De acordo com a agente C\u00e1ritas do Regional NE2 e coordenadora do projeto nos tr\u00eas munic\u00edpios, Roseilda Couto, as capacita\u00e7\u00f5es s\u00e3o momentos oportunos para promo\u00e7\u00e3o do debate, sobretudo com foco na tem\u00e1tica da \u00e1gua de boa qualidade. \u201cMas, tamb\u00e9m \u00e9 muito importante a troca de experi\u00eancias com essas fam\u00edlias, o saber da realidade e o que elas est\u00e3o vivenciando no Semi\u00e1rido paraibano. Aliamos o nosso conhecimento ao saber das fam\u00edlias, para atuarmos na perspectiva de poder armazenar \u00e1gua de boa qualidade e, assim melhorar a qualidade de vida desse povo\u201d, explicou Roseilda.<\/p>\n<p style=\"text-align: justify;\"><span style=\"text-decoration: underline;\">Dia da \u00c1gua em Alagoas<\/span><\/p>\n<p style=\"text-align: justify;\">\u00a0Para celebrar o Dia Mundial da \u00c1gua, os agentes da C\u00e1ritas Diocesana de Palmeira dos \u00cdndios, em Alagoas, se re\u00fanem numa Missa em A\u00e7\u00e3o de Gra\u00e7as pelas cisternas de placas constru\u00eddas na regi\u00e3o. A missa ser\u00e1 celebrada por dom Dulc\u00eanio Mattos, \u00e0s 15h30 deste domingo (22). A celebra\u00e7\u00e3o eucar\u00edstica acontecer\u00e1 na comunidade de Lagoa Grande dos Bas\u00edlios, onde foram constru\u00eddas 100 cisternas. Na ocasi\u00e3o, as fam\u00edlias tamb\u00e9m agradecem a constru\u00e7\u00e3o de 1 mil cisternas na comunidade de Igaci. Segundo Maria Mafra, articuladora de projetos em Alagoas pelo Regional NE2, ap\u00f3s a missa o bispo aben\u00e7oar\u00e1 as cisternas. Tamb\u00e9m haver\u00e1 um momento para reflex\u00e3o sobre a import\u00e2ncia dos cuidados e preserva\u00e7\u00e3o da \u00e1gua, principalmente em regi\u00f5es como o Semi\u00e1rido alagoano, que enfrenta longos per\u00edodos de estiagem. A atividade est\u00e1 sendo organizada por agentes e volunt\u00e1rios da C\u00e1ritas de Palmeira dos \u00cdndios.<\/p>\n<p style=\"text-align: justify;\">\u00a0As cisternas foram constru\u00eddas atrav\u00e9s de um conv\u00eanio entre a C\u00e1ritas Diocesana de Palmeira dos \u00cdndios e o Programa 1 Milh\u00e3o de Cisternas, da ASA Brasil, com financiamento do MDS.<\/p>\n<p style=\"text-align: justify;\">\u00a0Por Kilma Ferreira :: Assessora de Comunica\u00e7\u00e3o da C\u00e1ritas Regional NE2<\/p>\n<p>&nbsp;<\/p>\n<ul class=\"ssb_list_wrapper\"><li class=\"fb2\" style=\"width:135px\"><iframe src=\"\/\/www.facebook.com\/plugins\/like.php?href=https%3A%2F%2Fwww.caritasne2.org.br%2Fsite%2Fdia-mundial-da-agua-caritas-nordeste-2-destaca-acoes-de-preservacao%2F&amp;layout=button_count&amp;action=like&amp;show_faces=false&amp;share=true&amp;width=135&amp;height=21&amp;appId=307091639398582\" scrolling=\"no\" frameborder=\"0\" style=\"border:none; overflow:hidden;  width:150px; height:21px;\" allowTransparency=\"true\"><\/iframe><\/li><li class=\"twtr\" style=\"width:90px\"><a href=\"https:\/\/twitter.com\/share\" class=\"twitter-share-button\" data-url=\"https:\/\/www.caritasne2.org.br\/site\/dia-mundial-da-agua-caritas-nordeste-2-destaca-acoes-de-preservacao\/\">&nbsp;<\/a><script>!function(d,s,id){var js,fjs=d.getElementsByTagName(s)[0],p=\/^http:\/.test(d.location)?'http':'https';if(!d.getElementById(id)){js=d.createElement(s);js.id=id;js.src=p+':\/\/platform.twitter.com\/widgets.js';fjs.parentNode.insertBefore(js,fjs);}}(document, 'script', 'twitter-wjs');<\/script><\/li><li class=\"gplus\" style=\"width:68px\"><div class=\"g-plusone\" data-size=\"medium\" data-href=\"https:\/\/www.caritasne2.org.br\/site\/dia-mundial-da-agua-caritas-nordeste-2-destaca-acoes-de-preservacao\/\"><\/div><\/li><li class=\"ssb_linkedin\" style=\"width:64px\"><script src=\"\/\/platform.linkedin.com\/in.js\" type=\"text\/javascript\">lang: en_US<\/script><script type=\"IN\/Share\" data-url=\"https:\/\/www.caritasne2.org.br\/site\/dia-mundial-da-agua-caritas-nordeste-2-destaca-acoes-de-preservacao\/\" data-counter=\"right\"><\/script><\/li><\/ul>","protected":false},"excerpt":{"rendered":"<p>N\u00f3s somos 70% \u00e1gua. A Terra tem 70% de sua superf\u00edcie coberta por \u00e1gua. Nossos olhos n\u00e3o veem bem essa realidade porque a \u00e1gua est\u00e1 misturada com tudo que torna poss\u00edvel a vida. Ou seja, preservar e cuidar desse bem precioso \u00e9 assumir um compromisso com a vida. Comprometida com esta tem\u00e1tica, a Organiza\u00e7\u00e3o das Na\u00e7\u00f5es Unidas (ONU) instituiu o dia 22 de mar\u00e7o como [&hellip;]<\/p>\n<ul class=\"ssb_list_wrapper\"><li class=\"fb2\" style=\"width:135px\"><iframe src=\"\/\/www.facebook.com\/plugins\/like.php?href=https%3A%2F%2Fwww.caritasne2.org.br%2Fsite%2Fdia-mundial-da-agua-caritas-nordeste-2-destaca-acoes-de-preservacao%2F&amp;layout=button_count&amp;action=like&amp;show_faces=false&amp;share=true&amp;width=135&amp;height=21&amp;appId=307091639398582\" scrolling=\"no\" frameborder=\"0\" style=\"border:none; overflow:hidden;  width:150px; height:21px;\" allowTransparency=\"true\"><\/iframe><\/li><li class=\"twtr\" style=\"width:90px\"><a href=\"https:\/\/twitter.com\/share\" class=\"twitter-share-button\" data-url=\"https:\/\/www.caritasne2.org.br\/site\/dia-mundial-da-agua-caritas-nordeste-2-destaca-acoes-de-preservacao\/\">&nbsp;<\/a><script>!function(d,s,id){var js,fjs=d.getElementsByTagName(s)[0],p=\/^http:\/.test(d.location)?'http':'https';if(!d.getElementById(id)){js=d.createElement(s);js.id=id;js.src=p+':\/\/platform.twitter.com\/widgets.js';fjs.parentNode.insertBefore(js,fjs);}}(document, 'script', 'twitter-wjs');<\/script><\/li><li class=\"gplus\" style=\"width:68px\"><div class=\"g-plusone\" data-size=\"medium\" data-href=\"https:\/\/www.caritasne2.org.br\/site\/dia-mundial-da-agua-caritas-nordeste-2-destaca-acoes-de-preservacao\/\"><\/div><\/li><li class=\"ssb_linkedin\" style=\"width:64px\"><script src=\"\/\/platform.linkedin.com\/in.js\" type=\"text\/javascript\">lang: en_US<\/script><script type=\"IN\/Share\" data-url=\"https:\/\/www.caritasne2.org.br\/site\/dia-mundial-da-agua-caritas-nordeste-2-destaca-acoes-de-preservacao\/\" data-counter=\"right\"><\/script><\/li><\/ul>","protected":false},"author":4,"featured_media":2402,"comment_status":"open","ping_status":"open","sticky":false,"template":"","format":"standard","meta":[],"categories":[519,20,466],"tags":[67,520],"_links":{"self":[{"href":"https:\/\/www.caritasne2.org.br\/site\/wp-json\/wp\/v2\/posts\/2399"}],"collection":[{"href":"https:\/\/www.caritasne2.org.br\/site\/wp-json\/wp\/v2\/posts"}],"about":[{"href":"https:\/\/www.caritasne2.org.br\/site\/wp-json\/wp\/v2\/types\/post"}],"author":[{"embeddable":true,"href":"https:\/\/www.caritasne2.org.br\/site\/wp-json\/wp\/v2\/users\/4"}],"replies":[{"embeddable":true,"href":"https:\/\/www.caritasne2.org.br\/site\/wp-json\/wp\/v2\/comments?post=2399"}],"version-history":[{"count":0,"href":"https:\/\/www.caritasne2.org.br\/site\/wp-json\/wp\/v2\/posts\/2399\/revisions"}],"wp:featuredmedia":[{"embeddable":true,"href":"https:\/\/www.caritasne2.org.br\/site\/wp-json\/"}],"wp:attachment":[{"href":"https:\/\/www.caritasne2.org.br\/site\/wp-json\/wp\/v2\/media?parent=2399"}],"wp:term":[{"taxonomy":"category","embeddable":true,"href":"https:\/\/www.caritasne2.org.br\/site\/wp-json\/wp\/v2\/categories?post=2399"},{"taxonomy":"post_tag","embeddable":true,"href":"https:\/\/www.caritasne2.org.br\/site\/wp-json\/wp\/v2\/tags?post=2399"}],"curies":[{"name":"wp","href":"https:\/\/api.w.org\/{rel}","templated":true}]}}