{"id":2382,"date":"2015-03-08T13:13:21","date_gmt":"2015-03-08T16:13:21","guid":{"rendered":"http:\/\/ne2.caritas.org.br.s174889.gridserver.com\/?p=2382"},"modified":"2017-07-11T15:20:41","modified_gmt":"2017-07-11T18:20:41","slug":"premio-rede-caritas-reconhece-mulheres-semeadoras-de-desenvolvimento","status":"publish","type":"post","link":"https:\/\/www.caritasne2.org.br\/site\/premio-rede-caritas-reconhece-mulheres-semeadoras-de-desenvolvimento\/","title":{"rendered":"Pr\u00eamio: Rede C\u00e1ritas reconhece \u201cMulheres Semeadoras de Desenvolvimento\u201d"},"content":{"rendered":"<p style=\"text-align: justify;\">Este ano, o dia Internacional da Mulher, para a Rede C\u00e1ritas, ser\u00e1 uma data para reconhecer e homenagear \u201cMulheres Semeadoras de Desenvolvimento\u201d. Uma cerim\u00f4nia que acontecer\u00e1 no dia 08 de mar\u00e7o, na Casina Pio IV (Vaticano), ser\u00e1 o momento de premiar duas experi\u00eancias de mulheres que trabalham com a\u00e7\u00f5es alternativas de enfrentamento da inseguran\u00e7a alimentar em suas comunidades.<\/p>\n<p style=\"text-align: justify;\">\u00a0\u201cA C\u00e1ritas reverencia as mulheres que t\u00eam assumido para si a constru\u00e7\u00e3o de alternativas contra a fome e a pobreza. O pr\u00eamio d\u00e1 visibilidade a essas a\u00e7\u00f5es e experi\u00eancias, tanto produtos da Rede Caritas quanto de entidades parceiras\u201d, explica Cristina dos Anjos, diretora-executiva da C\u00e1ritas Brasileira.<\/p>\n<p style=\"text-align: justify;\">\u00a0Cristina participar\u00e1 da cerim\u00f4nia ao lado de Michel Roy, Secret\u00e1rio Geral da Caritas Internationalis, na entrega da premia\u00e7\u00e3o, que teve contribui\u00e7\u00e3o do Brasil na constru\u00e7\u00e3o da proposta. \u201c\u00c9 uma honra fazer parte desse momento de reconhecimento de algumas experi\u00eancias exitosas realizadas por mulheres como parte das a\u00e7\u00f5es da Campanha Mundial. As pr\u00e1ticas selecionadas representam tantas outras que, anonimamente, s\u00e3o realizadas em v\u00e1rias regi\u00f5es do mundo por diferentes grupos de mulheres\u201d, declara a diretora nacional.<\/p>\n<p style=\"text-align: justify;\">\u00a0Em todo o mundo, foram 21 experi\u00eancias indicadas ao pr\u00eamio. Do Brasil, foram duas: As Quebradeiras de Coco Baba\u00e7u (Piau\u00ed) e Padaria Comunit\u00e1ria \u00c1rea Ind\u00edgena Votouro (Rio Grande do Sul).<\/p>\n<p style=\"text-align: justify;\">\u00a0\u201cMulheres Semeadoras de Desenvolvimento\u201d \u00e9 uma homenagem que faz parte da iniciativa \u201cVozes da F\u00e9\u201d, que homenageia mulheres que trabalham no enfrentamento \u00e0 fome. Ser\u00e3o dois pr\u00eamios no valor de \u20ac 10.000 (aproximadamente R$ 32.500), cada. Um deles \u00e9 destinado a programas executados por organiza\u00e7\u00f5es da C\u00e1ritas. O outro a organiza\u00e7\u00f5es parceiras.<\/p>\n<p style=\"text-align: justify;\">\u00a0Os dois grupos vencedores foram anunciados, nesta quinta-feira (05), numa confer\u00eancia de imprensa com a presen\u00e7a de um refugiado s\u00edrio e duas mulheres nicaraguenses agricultoras. Essas pessoas receber\u00e3o a premia\u00e7\u00e3o no evento do dia 08 de mar\u00e7o.<\/p>\n<p style=\"text-align: justify;\">\u00a0Os grupos premiados s\u00e3o:<\/p>\n<p style=\"text-align: justify;\">\u00a0Para o projeto Caritas, o pr\u00eamio ser\u00e1 concedido a Caritas Nicar\u00e1gua para o empoderamento das mulheres rurais a produzir mais alimentos para comer e para vender. O programa Caritas d\u00e1 aos agricultores sementes, treinamento e sistemas de irriga\u00e7\u00e3o como bombas motorizadas e mangueiras.<\/p>\n<p style=\"text-align: justify;\">\u00a0O de entidade parceira ser\u00e1 para uma associa\u00e7\u00e3o que ajuda mulheres refugiadas no L\u00edbano. Basmeh e Zeitooneh tamb\u00e9m receber\u00e1 10 000 euros. Tendo fugido da guerra devastadora na S\u00edria, muitas mulheres refugiadas est\u00e3o sozinhas com seus filhos e n\u00e3o t\u00eam nenhuma maneira de ganhar a vida. Basmeh e Zeitooneh executa um programa bordados e outros projetos que ajudam as mulheres a sustentar suas fam\u00edlias.<\/p>\n<p style=\"text-align: justify;\">\u00a0Sobre \u201cVozes da F\u00e9\u201d:<\/p>\n<p style=\"text-align: justify;\">\u00a0Vozes da F\u00e9 \u00e9 uma iniciativa do n\u00facleo do Fidel G\u00f6tz Foundation com sede em Liechtenstein, cujo trabalho tem como objetivo enriquecer as vidas de mulheres e meninas em todo o mundo. A Funda\u00e7\u00e3o ap\u00f3ia iniciativas diferentes dentro do Vaticano e trabalha com organiza\u00e7\u00f5es cat\u00f3licas globais para desenvolver e implementar programas que produzem resultados.<\/p>\n<p style=\"text-align: justify;\">Caritas Internationalis:<\/p>\n<p style=\"text-align: justify;\">\u00a0\u00c9 a organiza\u00e7\u00e3o oficial humanit\u00e1ria ao desenvolvimento da Igreja Cat\u00f3lica, dedicada ao servi\u00e7o dos pobres e promo\u00e7\u00e3o da caridade e justi\u00e7a. A Caritas trabalha na aten\u00e7\u00e3o aos mais pobres, na resposta a desastres, na presta\u00e7\u00e3o de servi\u00e7os sociais, promo\u00e7\u00e3o e desenvolvimento humano integral, dialogando sobre as causas da pobreza e da viol\u00eancia e anima\u00e7\u00e3o de todas as pessoas de boa vontade. Inspirado pelos evangelhos e os ensinamentos cat\u00f3licos, os 164 membros nacionais da Caritas Internationalis procuram promover a paz entre os povos, o desenvolvimento sustent\u00e1vel, o direito \u00e0 alimenta\u00e7\u00e3o, migra\u00e7\u00e3o segura, trabalho decente e boa sa\u00fade, especialmente para as pessoas que vivem com HIV e AIDS. Saiba mais em: www.caritas.org<\/p>\n<p style=\"text-align: justify;\">Doroty Amaral :: Assessora de Comunica\u00e7\u00e3o da C\u00e1ritas Brasileira (com informa\u00e7\u00f5es da Caritas Internationalis)<\/p>\n<ul class=\"ssb_list_wrapper\"><li class=\"fb2\" style=\"width:135px\"><iframe src=\"\/\/www.facebook.com\/plugins\/like.php?href=https%3A%2F%2Fwww.caritasne2.org.br%2Fsite%2Fpremio-rede-caritas-reconhece-mulheres-semeadoras-de-desenvolvimento%2F&amp;layout=button_count&amp;action=like&amp;show_faces=false&amp;share=true&amp;width=135&amp;height=21&amp;appId=307091639398582\" scrolling=\"no\" frameborder=\"0\" style=\"border:none; overflow:hidden;  width:150px; height:21px;\" allowTransparency=\"true\"><\/iframe><\/li><li class=\"twtr\" style=\"width:90px\"><a href=\"https:\/\/twitter.com\/share\" class=\"twitter-share-button\" data-url=\"https:\/\/www.caritasne2.org.br\/site\/premio-rede-caritas-reconhece-mulheres-semeadoras-de-desenvolvimento\/\">&nbsp;<\/a><script>!function(d,s,id){var js,fjs=d.getElementsByTagName(s)[0],p=\/^http:\/.test(d.location)?'http':'https';if(!d.getElementById(id)){js=d.createElement(s);js.id=id;js.src=p+':\/\/platform.twitter.com\/widgets.js';fjs.parentNode.insertBefore(js,fjs);}}(document, 'script', 'twitter-wjs');<\/script><\/li><li class=\"gplus\" style=\"width:68px\"><div class=\"g-plusone\" data-size=\"medium\" data-href=\"https:\/\/www.caritasne2.org.br\/site\/premio-rede-caritas-reconhece-mulheres-semeadoras-de-desenvolvimento\/\"><\/div><\/li><li class=\"ssb_linkedin\" style=\"width:64px\"><script src=\"\/\/platform.linkedin.com\/in.js\" type=\"text\/javascript\">lang: en_US<\/script><script type=\"IN\/Share\" data-url=\"https:\/\/www.caritasne2.org.br\/site\/premio-rede-caritas-reconhece-mulheres-semeadoras-de-desenvolvimento\/\" data-counter=\"right\"><\/script><\/li><\/ul>","protected":false},"excerpt":{"rendered":"<p>Este ano, o dia Internacional da Mulher, para a Rede C\u00e1ritas, ser\u00e1 uma data para reconhecer e homenagear \u201cMulheres Semeadoras de Desenvolvimento\u201d. Uma cerim\u00f4nia que acontecer\u00e1 no dia 08 de mar\u00e7o, na Casina Pio IV (Vaticano), ser\u00e1 o momento de premiar duas experi\u00eancias de mulheres que trabalham com a\u00e7\u00f5es alternativas de enfrentamento da inseguran\u00e7a alimentar em suas comunidades. \u00a0\u201cA C\u00e1ritas reverencia as mulheres que t\u00eam [&hellip;]<\/p>\n<ul class=\"ssb_list_wrapper\"><li class=\"fb2\" style=\"width:135px\"><iframe src=\"\/\/www.facebook.com\/plugins\/like.php?href=https%3A%2F%2Fwww.caritasne2.org.br%2Fsite%2Fpremio-rede-caritas-reconhece-mulheres-semeadoras-de-desenvolvimento%2F&amp;layout=button_count&amp;action=like&amp;show_faces=false&amp;share=true&amp;width=135&amp;height=21&amp;appId=307091639398582\" scrolling=\"no\" frameborder=\"0\" style=\"border:none; overflow:hidden;  width:150px; height:21px;\" allowTransparency=\"true\"><\/iframe><\/li><li class=\"twtr\" style=\"width:90px\"><a href=\"https:\/\/twitter.com\/share\" class=\"twitter-share-button\" data-url=\"https:\/\/www.caritasne2.org.br\/site\/premio-rede-caritas-reconhece-mulheres-semeadoras-de-desenvolvimento\/\">&nbsp;<\/a><script>!function(d,s,id){var js,fjs=d.getElementsByTagName(s)[0],p=\/^http:\/.test(d.location)?'http':'https';if(!d.getElementById(id)){js=d.createElement(s);js.id=id;js.src=p+':\/\/platform.twitter.com\/widgets.js';fjs.parentNode.insertBefore(js,fjs);}}(document, 'script', 'twitter-wjs');<\/script><\/li><li class=\"gplus\" style=\"width:68px\"><div class=\"g-plusone\" data-size=\"medium\" data-href=\"https:\/\/www.caritasne2.org.br\/site\/premio-rede-caritas-reconhece-mulheres-semeadoras-de-desenvolvimento\/\"><\/div><\/li><li class=\"ssb_linkedin\" style=\"width:64px\"><script src=\"\/\/platform.linkedin.com\/in.js\" type=\"text\/javascript\">lang: en_US<\/script><script type=\"IN\/Share\" data-url=\"https:\/\/www.caritasne2.org.br\/site\/premio-rede-caritas-reconhece-mulheres-semeadoras-de-desenvolvimento\/\" data-counter=\"right\"><\/script><\/li><\/ul>","protected":false},"author":4,"featured_media":2386,"comment_status":"open","ping_status":"open","sticky":false,"template":"","format":"standard","meta":[],"categories":[20,462],"tags":[67,515,516,517],"_links":{"self":[{"href":"https:\/\/www.caritasne2.org.br\/site\/wp-json\/wp\/v2\/posts\/2382"}],"collection":[{"href":"https:\/\/www.caritasne2.org.br\/site\/wp-json\/wp\/v2\/posts"}],"about":[{"href":"https:\/\/www.caritasne2.org.br\/site\/wp-json\/wp\/v2\/types\/post"}],"author":[{"embeddable":true,"href":"https:\/\/www.caritasne2.org.br\/site\/wp-json\/wp\/v2\/users\/4"}],"replies":[{"embeddable":true,"href":"https:\/\/www.caritasne2.org.br\/site\/wp-json\/wp\/v2\/comments?post=2382"}],"version-history":[{"count":0,"href":"https:\/\/www.caritasne2.org.br\/site\/wp-json\/wp\/v2\/posts\/2382\/revisions"}],"wp:featuredmedia":[{"embeddable":true,"href":"https:\/\/www.caritasne2.org.br\/site\/wp-json\/"}],"wp:attachment":[{"href":"https:\/\/www.caritasne2.org.br\/site\/wp-json\/wp\/v2\/media?parent=2382"}],"wp:term":[{"taxonomy":"category","embeddable":true,"href":"https:\/\/www.caritasne2.org.br\/site\/wp-json\/wp\/v2\/categories?post=2382"},{"taxonomy":"post_tag","embeddable":true,"href":"https:\/\/www.caritasne2.org.br\/site\/wp-json\/wp\/v2\/tags?post=2382"}],"curies":[{"name":"wp","href":"https:\/\/api.w.org\/{rel}","templated":true}]}}