{"id":2376,"date":"2015-02-19T08:24:16","date_gmt":"2015-02-19T10:24:16","guid":{"rendered":"http:\/\/ne2.caritas.org.br.s174889.gridserver.com\/?p=2376"},"modified":"2017-07-11T15:20:41","modified_gmt":"2017-07-11T18:20:41","slug":"a-igreja-deve-ser-atuante-sem-medo-afirma-dom-leonardo-steiner-na-abertura-da-cf-2015","status":"publish","type":"post","link":"https:\/\/www.caritasne2.org.br\/site\/a-igreja-deve-ser-atuante-sem-medo-afirma-dom-leonardo-steiner-na-abertura-da-cf-2015\/","title":{"rendered":"&#8220;A Igreja deve ser atuante e sem medo&#8221;, afirma dom Leonardo Steiner na abertura da CF 2015"},"content":{"rendered":"<p style=\"text-align: justify;\">\u201cPor ser Igreja, todo batizado \u00e9 povo de Deus, est\u00e1 ali no meio da sociedade, no meio de todas as pessoas, ajudando na transforma\u00e7\u00e3o, pessoas que levam os valores do Evangelho, levam os valores do Reino&#8221;, disse o bispo auxiliar de Bras\u00edlia e secret\u00e1rio geral da Confer\u00eancia Nacional dos Bispos do Brasil (CNBB), dom Leonardo Steiner, durante a abertura da Campanha da Fraternidade 2015, ocorrida no dia 18, na sede da institui\u00e7\u00e3o, em Bras\u00edlia. Na ocasi\u00e3o, foi lida a mensagem do papa Francisco \u00e0 Igreja no Brasil por ocasi\u00e3o da CF 2015 e da Quaresma. Francisco faz uma reflex\u00e3o sobre o tema da Campanha, \u201cFraternidade: Igreja e sociedade\u201d, e o lema, \u201cEu vim para servir&#8221;.<\/p>\n<p style=\"text-align: justify;\">Em sua fala, dom Leonardo Steiner recordou que a CF 2015 resgata dois importantes documentos do Conc\u00edlio Ecum\u00eanico Vaticano II, encerrado h\u00e1 50 anos: a Constitui\u00e7\u00e3o Dogm\u00e1tica Lumen Gentium e a Constitui\u00e7\u00e3o Pastoral Gaudium et Spes.<\/p>\n<p style=\"text-align: justify;\">Outro aspecto ressaltado por dom Leonardo a respeito dos objetivos da CF 2015 \u00e9 a postura da Igreja e dos crist\u00e3os na sociedade como \u201cpresen\u00e7a viva de Jesus\u201d. Ele desejou que a iniciativa da CNBB ajude o povo brasileiro a ser uma \u201cIgreja atuante e sem medo, que d\u00e1 o rosto, d\u00e1 os valores, o que tem de melhor\u201d.<\/p>\n<p style=\"text-align: justify;\">O secret\u00e1rio geral da CNBB pediu, ainda, aos crist\u00e3os &#8220;atuantes e desejosos de transforma\u00e7\u00e3o&#8221; para se engajarem na Campanha pela Reforma Pol\u00edtica e Democr\u00e1tica. Informou que alguns bispos assumiram como a\u00e7\u00e3o concreta da CF 2015 o recolhimento de assinaturas para o Projeto de Lei de Iniciativa Popular pela Reforma Pol\u00edtica Democr\u00e1tica e Elei\u00e7\u00f5es Limpas.<\/p>\n<p style=\"text-align: justify;\">Na linha da promo\u00e7\u00e3o da pessoa, o ministro do Desenvolvimento Agr\u00e1rio, Patrus Ananias, recorreu ao tema para afirmar que o Estado deve estar \u00e0 servi\u00e7o da sociedade, contribuindo para a \u201cemancipa\u00e7\u00e3o das pessoas\u201d, a fim de que sejam \u201csujeitos de suas pr\u00f3prias vidas e hist\u00f3rias\u201d. Ao lembrar uma passagem do Evangelho de S\u00e3o Lucas, em que Jesus exorta os disc\u00edpulos para que o que governa \u201cseja como o servo\u201d, o ministro apresenta uma dimens\u00e3o da pol\u00edtica. \u201cEstas palavras de Jesus nos colocam em face das rela\u00e7\u00f5es humanas e, por conseguinte, da pol\u00edtica. Aqui a pol\u00edtica emerge como servi\u00e7o \u00e0s pessoas, \u00e0 sociedade, especialmente aos mais pobres, lembrando sempre a op\u00e7\u00e3o preferencial que a Igreja fez pelos pobres\u201d, ressaltou.<\/p>\n<p style=\"text-align: justify;\">Com desejos de uma campanha \u201cfrut\u00edfera, prof\u00e9tica e de muito an\u00fancio e promo\u00e7\u00e3o do di\u00e1logo e da Paz\u201d, a secret\u00e1ria executiva do Conselho Nacional de Igrejas Crist\u00e3s (Conic), pastora Romi Bencke, afirmou que a tem\u00e1tica proposta desafia as igrejas a adotarem uma \u201c\u00e9tica global de responsabilidades\u201d que fortale\u00e7a os direitos dos povos, privilegie a solidariedade internacional e supere os ego\u00edsmos confessionais e nacionais. \u201cLiberdade, direito, raz\u00e3o e dignidade humana fazem parte do nosso papel mission\u00e1rio e o tema deste ano nos ajuda a refletir sobre esse nosso papel enquanto igrejas e religi\u00f5es\u201d, disse.<\/p>\n<p style=\"text-align: justify;\">O presidente do Conselho Federal da Ordem dos Advogados do Brasil (OAB), Marcus Vin\u00edcios Furtado Coelho, destacou o refr\u00e3o do hino da CF 2015. \u201cA luta por dignidade, por justi\u00e7a e por igualdade \u00e9 o elo que deve nos unir\u201d, disse. Para ele a igualdade n\u00e3o se d\u00e1 apenas no tratamento formalmente igualit\u00e1rio de todos perante a lei, \u201cmas por uma igualdade concreta, que se visualiza na prote\u00e7\u00e3o do mais necessitado, no acolhimento do mais pobre, que s\u00e3o medidas necess\u00e1rias e urgentes para que possamos ter uma igualdade real, uma igualdade de fato\u201d.<\/p>\n<p style=\"text-align: justify;\">O advogado tamb\u00e9m falou sobre a iniciativa pela Reforma Pol\u00edtica Democr\u00e1tica. \u201cEsta coaliz\u00e3o, integrada por quase 100 entidades da sociedade, parte do pressuposto de que a reforma pol\u00edtica passa, necessariamente, por mudan\u00e7as nas regras eleitorais, sobretudo no tocante ao seu financiamento, por melhoria na representa\u00e7\u00e3o do povo nos postos pol\u00edticos, pelo fortalecimento da democracia participativa, por meio dos preceitos constitucionais do plebiscito, referendo e projeto de lei de iniciativa popular\u201d, informou.<\/p>\n<p style=\"text-align: justify;\"><strong>Mensagem do papa<\/strong><\/p>\n<p style=\"text-align: justify;\">Em mensagem enviada \u00e0 Igreja no Brasil, o papa Francisco recordou a Constitui\u00e7\u00e3o Lumen Gentium e afirmou que a Igreja, enquanto \u201c\u2018comunidade congregada por aqueles que, crendo, voltam o seu olhar a Jesus, autor da salva\u00e7\u00e3o e princ\u00edpio da unidade\u2019, n\u00e3o pode ser indiferente \u00e0s necessidades daqueles que est\u00e3o ao seu redor\u201d. Num recorte da Gaudium et Spes, salientou que \u201cas alegrias e as esperan\u00e7as, as tristezas e as ang\u00fastias dos homens de hoje, sobretudo dos pobres e de todos os que sofrem, s\u00e3o tamb\u00e9m as alegrias e as esperan\u00e7as, as tristezas e as ang\u00fastias dos disc\u00edpulos de Cristo\u201d.<\/p>\n<p style=\"text-align: justify;\">No per\u00edodo da Quaresma, o papa Francisco prop\u00f4s um exame de consci\u00eancia para que, a partir de sua Doutrina Social, a Igreja realize suas tarefas priorit\u00e1rias \u201cque contribuem para a dignifica\u00e7\u00e3o do ser humano e a trabalhar junto com os demais cidad\u00e3os e institui\u00e7\u00f5es para o bem do ser humano\u201d. Francisco tamb\u00e9m destacou a necessidade do envolvimento de todos os crist\u00e3os. \u201c\u00c9 preciso ajudar aqueles que s\u00e3o mais pobres e necessitados. Lembremo-nos que cada crist\u00e3o e cada comunidade s\u00e3o chamados a ser instrumentos de Deus ao servi\u00e7o da liberta\u00e7\u00e3o e promo\u00e7\u00e3o dos pobres, para que possam integra-se plenamente na sociedade, isto sup\u00f5e estar atentos, para ouvir o clamor do pobre e socorr\u00ea-los\u201d, escreveu.<\/p>\n<p style=\"text-align: justify;\">Fonte: Assessoria de Comunica\u00e7\u00e3o CNBB NE2<\/p>\n<ul class=\"ssb_list_wrapper\"><li class=\"fb2\" style=\"width:135px\"><iframe src=\"\/\/www.facebook.com\/plugins\/like.php?href=https%3A%2F%2Fwww.caritasne2.org.br%2Fsite%2Fa-igreja-deve-ser-atuante-sem-medo-afirma-dom-leonardo-steiner-na-abertura-da-cf-2015%2F&amp;layout=button_count&amp;action=like&amp;show_faces=false&amp;share=true&amp;width=135&amp;height=21&amp;appId=307091639398582\" scrolling=\"no\" frameborder=\"0\" style=\"border:none; overflow:hidden;  width:150px; height:21px;\" allowTransparency=\"true\"><\/iframe><\/li><li class=\"twtr\" style=\"width:90px\"><a href=\"https:\/\/twitter.com\/share\" class=\"twitter-share-button\" data-url=\"https:\/\/www.caritasne2.org.br\/site\/a-igreja-deve-ser-atuante-sem-medo-afirma-dom-leonardo-steiner-na-abertura-da-cf-2015\/\">&nbsp;<\/a><script>!function(d,s,id){var js,fjs=d.getElementsByTagName(s)[0],p=\/^http:\/.test(d.location)?'http':'https';if(!d.getElementById(id)){js=d.createElement(s);js.id=id;js.src=p+':\/\/platform.twitter.com\/widgets.js';fjs.parentNode.insertBefore(js,fjs);}}(document, 'script', 'twitter-wjs');<\/script><\/li><li class=\"gplus\" style=\"width:68px\"><div class=\"g-plusone\" data-size=\"medium\" data-href=\"https:\/\/www.caritasne2.org.br\/site\/a-igreja-deve-ser-atuante-sem-medo-afirma-dom-leonardo-steiner-na-abertura-da-cf-2015\/\"><\/div><\/li><li class=\"ssb_linkedin\" style=\"width:64px\"><script src=\"\/\/platform.linkedin.com\/in.js\" type=\"text\/javascript\">lang: en_US<\/script><script type=\"IN\/Share\" data-url=\"https:\/\/www.caritasne2.org.br\/site\/a-igreja-deve-ser-atuante-sem-medo-afirma-dom-leonardo-steiner-na-abertura-da-cf-2015\/\" data-counter=\"right\"><\/script><\/li><\/ul>","protected":false},"excerpt":{"rendered":"<p>\u201cPor ser Igreja, todo batizado \u00e9 povo de Deus, est\u00e1 ali no meio da sociedade, no meio de todas as pessoas, ajudando na transforma\u00e7\u00e3o, pessoas que levam os valores do Evangelho, levam os valores do Reino&#8221;, disse o bispo auxiliar de Bras\u00edlia e secret\u00e1rio geral da Confer\u00eancia Nacional dos Bispos do Brasil (CNBB), dom Leonardo Steiner, durante a abertura da Campanha da Fraternidade 2015, ocorrida [&hellip;]<\/p>\n<ul class=\"ssb_list_wrapper\"><li class=\"fb2\" style=\"width:135px\"><iframe src=\"\/\/www.facebook.com\/plugins\/like.php?href=https%3A%2F%2Fwww.caritasne2.org.br%2Fsite%2Fa-igreja-deve-ser-atuante-sem-medo-afirma-dom-leonardo-steiner-na-abertura-da-cf-2015%2F&amp;layout=button_count&amp;action=like&amp;show_faces=false&amp;share=true&amp;width=135&amp;height=21&amp;appId=307091639398582\" scrolling=\"no\" frameborder=\"0\" style=\"border:none; overflow:hidden;  width:150px; height:21px;\" allowTransparency=\"true\"><\/iframe><\/li><li class=\"twtr\" style=\"width:90px\"><a href=\"https:\/\/twitter.com\/share\" class=\"twitter-share-button\" data-url=\"https:\/\/www.caritasne2.org.br\/site\/a-igreja-deve-ser-atuante-sem-medo-afirma-dom-leonardo-steiner-na-abertura-da-cf-2015\/\">&nbsp;<\/a><script>!function(d,s,id){var js,fjs=d.getElementsByTagName(s)[0],p=\/^http:\/.test(d.location)?'http':'https';if(!d.getElementById(id)){js=d.createElement(s);js.id=id;js.src=p+':\/\/platform.twitter.com\/widgets.js';fjs.parentNode.insertBefore(js,fjs);}}(document, 'script', 'twitter-wjs');<\/script><\/li><li class=\"gplus\" style=\"width:68px\"><div class=\"g-plusone\" data-size=\"medium\" data-href=\"https:\/\/www.caritasne2.org.br\/site\/a-igreja-deve-ser-atuante-sem-medo-afirma-dom-leonardo-steiner-na-abertura-da-cf-2015\/\"><\/div><\/li><li class=\"ssb_linkedin\" style=\"width:64px\"><script src=\"\/\/platform.linkedin.com\/in.js\" type=\"text\/javascript\">lang: en_US<\/script><script type=\"IN\/Share\" data-url=\"https:\/\/www.caritasne2.org.br\/site\/a-igreja-deve-ser-atuante-sem-medo-afirma-dom-leonardo-steiner-na-abertura-da-cf-2015\/\" data-counter=\"right\"><\/script><\/li><\/ul>","protected":false},"author":4,"featured_media":2377,"comment_status":"open","ping_status":"open","sticky":false,"template":"","format":"standard","meta":[],"categories":[366,20],"tags":[514,67],"_links":{"self":[{"href":"https:\/\/www.caritasne2.org.br\/site\/wp-json\/wp\/v2\/posts\/2376"}],"collection":[{"href":"https:\/\/www.caritasne2.org.br\/site\/wp-json\/wp\/v2\/posts"}],"about":[{"href":"https:\/\/www.caritasne2.org.br\/site\/wp-json\/wp\/v2\/types\/post"}],"author":[{"embeddable":true,"href":"https:\/\/www.caritasne2.org.br\/site\/wp-json\/wp\/v2\/users\/4"}],"replies":[{"embeddable":true,"href":"https:\/\/www.caritasne2.org.br\/site\/wp-json\/wp\/v2\/comments?post=2376"}],"version-history":[{"count":0,"href":"https:\/\/www.caritasne2.org.br\/site\/wp-json\/wp\/v2\/posts\/2376\/revisions"}],"wp:featuredmedia":[{"embeddable":true,"href":"https:\/\/www.caritasne2.org.br\/site\/wp-json\/"}],"wp:attachment":[{"href":"https:\/\/www.caritasne2.org.br\/site\/wp-json\/wp\/v2\/media?parent=2376"}],"wp:term":[{"taxonomy":"category","embeddable":true,"href":"https:\/\/www.caritasne2.org.br\/site\/wp-json\/wp\/v2\/categories?post=2376"},{"taxonomy":"post_tag","embeddable":true,"href":"https:\/\/www.caritasne2.org.br\/site\/wp-json\/wp\/v2\/tags?post=2376"}],"curies":[{"name":"wp","href":"https:\/\/api.w.org\/{rel}","templated":true}]}}