{"id":2329,"date":"2015-04-08T11:30:01","date_gmt":"2015-04-08T14:30:01","guid":{"rendered":"http:\/\/ne2.caritas.org.br.s174889.gridserver.com\/?p=2329"},"modified":"2017-07-11T15:20:41","modified_gmt":"2017-07-11T18:20:41","slug":"prorrogacao-edital-de-selecao-no-0012015","status":"publish","type":"post","link":"https:\/\/www.caritasne2.org.br\/site\/prorrogacao-edital-de-selecao-no-0012015\/","title":{"rendered":"Prorroga\u00e7\u00e3o | Edital de Sele\u00e7\u00e3o n\u00ba 001\/2015"},"content":{"rendered":"<p style=\"text-align: center;\"><strong>\u00a0 \u00a0 \u00a0 \u00a0 \u00a0 \u00a0 \u00a0 \u00a0 \u00a0 \u00a0 \u00a0 \u00a0 \u00a0 \u00a0 \u00a0 \u00a0 \u00a0 \u00a0 \u00a0 \u00a0 \u00a0 \u00a0 \u00a0 \u00a0 \u00a0 \u00a0 \u00a0 \u00a0 \u00a0 \u00a0 \u00a0 \u00a0 \u00a0 \u00a0 \u00a0 \u00a0 \u00a0 \u00a0 \u00a0 \u00a0 \u00a0 \u00a0 \u00a0 \u00a0 \u00a0 \u00a0 \u00a0 \u00a0 \u00a0 \u00a0\u00a0<\/strong><\/p>\n<h5 style=\"text-align: center;\">COMUNICADO 001\/2015 \u2013 PRORROGA\u00c7\u00c3O<\/h5>\n<h5 style=\"text-align: center;\">EDITAL DE SELE\u00c7\u00c3O N\u00ba 001\/2015<\/h5>\n<p style=\"text-align: justify;\"><span style=\"text-align: justify;\">A C\u00e1ritas Brasileira Regional Nordeste 2, torna p\u00fablico, para conhecimento dos interessados, a PRORROGA\u00c7\u00c3O das inscri\u00e7\u00f5es para o PROCESSO SELETIVO SIMPLIFICADO para contrata\u00e7\u00e3o de um profissional para o cargo de Coordenador(a) Regional, que ir\u00e1 acompanhar as atividades do Programa de Economia Popular Solid\u00e1ria (EPS).<\/span><\/p>\n<p style=\"text-align: justify;\">\u00a0<strong>1 &#8211; Novo Cronograma:<\/strong><\/p>\n<p style=\"text-align: justify;\">a) At\u00e9 o dia 22\/02\/2015 | Envio de curr\u00edculos e carta de recomenda\u00e7\u00e3o para o e-mail: caritasne2@caritasne2.org.br ou entreg\u00e1-los na recep\u00e7\u00e3o da sede da C\u00e1ritas Brasileira Nordeste 2, na Rua Monte Castelo, n\u00ba 176, Boa Vista, Recife\/PE.<\/p>\n<p style=\"text-align: justify;\">b) Ap\u00f3s an\u00e1lise dos curr\u00edculos e cartas de recomenda\u00e7\u00f5es pela C\u00e1ritas Brasileira Nordeste 2, os candidatos que forem classificados para a segunda fase ser\u00e3o informados por telefone e\/ou email.<\/p>\n<p style=\"text-align: justify;\">c) 26\/02\/2015 | Realiza\u00e7\u00e3o das entrevistas, hor\u00e1rio a combinar.<\/p>\n<p style=\"text-align: justify;\">d) 27\/02\/2015 | Publica\u00e7\u00e3o do resultado.<\/p>\n<p style=\"text-align: justify;\"><span style=\"text-decoration: underline;\"><strong>2 \u2013 Resultado:<\/strong><\/span><\/p>\n<p style=\"text-align: justify;\">\u00a0a) O resultado final ser\u00e1 comunicado por meio de contato telef\u00f4nico e publicado no site da C\u00e1ritas Brasileira Regional Nordeste 2, (www.ne2.caritas.org.br), em 27\/02\/2015.<\/p>\n<p style=\"text-align: justify;\">b) b) Os demais itens do Edital 001\/2015 permanecem inalterados<\/p>\n<h5 style=\"text-align: justify;\">Clique <a title=\"Edital de Sele\u00e7\u00e3o 0012015\" href=\"http:\/\/ne2.caritas.org.br.s174889.gridserver.com\/wp-content\/uploads\/2015\/01\/Edital-Coordena\u00e7\u00e3o-EPS-_0012015.pdf\" target=\"_blank\">AQUI<\/a> para acessar o edital completo!<\/h5>\n<p><span style=\"text-decoration: underline; color: #ff0000;\"><strong>COMUNICADO<\/strong><\/span><\/p>\n<p><span style=\"color: #ff0000;\">Prezados (as),<\/span><\/p>\n<p><span style=\"color: #ff0000;\">Comunicamos que a Comiss\u00e3o respons\u00e1vel pelo processo seletivo do Edital 001\/2015, para a contrata\u00e7\u00e3o de profissional para o cargo de Coordenador\/a do Programa de Economia Popular Solid\u00e1ria da C\u00e1ritas Brasileira Regional NE2, <strong><em>postergar\u00e1 o resultado da sele\u00e7\u00e3o<\/em><\/strong><em> <strong>previsto para esta sexta-feira, 27\/02\/2015. <\/strong><\/em><strong>\u00a0<\/strong><\/span><\/p>\n<p><span style=\"color: #ff0000;\">Em breve, a C\u00e1ritas tornar\u00e1 p\u00fablico o nome do profissional selecionado.<\/span><\/p>\n<p style=\"text-align: center;\"><span style=\"color: #ff0000;\">Agradecemos pela compreens\u00e3o de todos\/as!<\/span><\/p>\n<p style=\"text-align: center;\"><span style=\"color: #ff0000;\">Equipe C\u00e1ritas Brasileira NE2.<\/span><\/p>\n<p><strong><span style=\"text-decoration: underline;\">RESULTADO\u00a0<\/span><\/strong><\/p>\n<p style=\"text-align: justify;\">Comunicamos que ap\u00f3s a conclus\u00e3o do processo seletivo para o cargo de Coordenador (a) Regional, que ir\u00e1 acompanhar as atividades do Programa de Economia Popular Solid\u00e1ria (EPS) da C\u00e1ritas Regional Nordeste 2, descrito no EDITAL DE SELE\u00c7\u00c3O N\u00ba 001\/2015, a Comiss\u00e3o de Sele\u00e7\u00e3o torna p\u00fablico o nome do CANDIDATO (A) SELECIONADO(A):<\/p>\n<ul>\n<li><strong>JOSELLE MOURA FERREIRA.<\/strong><\/li>\n<\/ul>\n<p><strong>\u00a0<\/strong><\/p>\n<p style=\"text-align: center;\"><strong>\u00a0Comiss\u00e3o de Sele\u00e7\u00e3o\u00a0<\/strong><\/p>\n<p>&nbsp;<\/p>\n<ul class=\"ssb_list_wrapper\"><li class=\"fb2\" style=\"width:135px\"><iframe src=\"\/\/www.facebook.com\/plugins\/like.php?href=https%3A%2F%2Fwww.caritasne2.org.br%2Fsite%2Fprorrogacao-edital-de-selecao-no-0012015%2F&amp;layout=button_count&amp;action=like&amp;show_faces=false&amp;share=true&amp;width=135&amp;height=21&amp;appId=307091639398582\" scrolling=\"no\" frameborder=\"0\" style=\"border:none; overflow:hidden;  width:150px; height:21px;\" allowTransparency=\"true\"><\/iframe><\/li><li class=\"twtr\" style=\"width:90px\"><a href=\"https:\/\/twitter.com\/share\" class=\"twitter-share-button\" data-url=\"https:\/\/www.caritasne2.org.br\/site\/prorrogacao-edital-de-selecao-no-0012015\/\">&nbsp;<\/a><script>!function(d,s,id){var js,fjs=d.getElementsByTagName(s)[0],p=\/^http:\/.test(d.location)?'http':'https';if(!d.getElementById(id)){js=d.createElement(s);js.id=id;js.src=p+':\/\/platform.twitter.com\/widgets.js';fjs.parentNode.insertBefore(js,fjs);}}(document, 'script', 'twitter-wjs');<\/script><\/li><li class=\"gplus\" style=\"width:68px\"><div class=\"g-plusone\" data-size=\"medium\" data-href=\"https:\/\/www.caritasne2.org.br\/site\/prorrogacao-edital-de-selecao-no-0012015\/\"><\/div><\/li><li class=\"ssb_linkedin\" style=\"width:64px\"><script src=\"\/\/platform.linkedin.com\/in.js\" type=\"text\/javascript\">lang: en_US<\/script><script type=\"IN\/Share\" data-url=\"https:\/\/www.caritasne2.org.br\/site\/prorrogacao-edital-de-selecao-no-0012015\/\" data-counter=\"right\"><\/script><\/li><\/ul>","protected":false},"excerpt":{"rendered":"<p>\u00a0 \u00a0 \u00a0 \u00a0 \u00a0 \u00a0 \u00a0 \u00a0 \u00a0 \u00a0 \u00a0 \u00a0 \u00a0 \u00a0 \u00a0 \u00a0 \u00a0 \u00a0 \u00a0 \u00a0 \u00a0 \u00a0 \u00a0 \u00a0 \u00a0 \u00a0 \u00a0 \u00a0 \u00a0 \u00a0 \u00a0 \u00a0 \u00a0 \u00a0 \u00a0 \u00a0 \u00a0 \u00a0 \u00a0 \u00a0 \u00a0 \u00a0 \u00a0 \u00a0 \u00a0 \u00a0 \u00a0 \u00a0 \u00a0 \u00a0\u00a0 COMUNICADO 001\/2015 \u2013 PRORROGA\u00c7\u00c3O EDITAL DE SELE\u00c7\u00c3O N\u00ba 001\/2015 A C\u00e1ritas Brasileira Regional Nordeste 2, [&hellip;]<\/p>\n<ul class=\"ssb_list_wrapper\"><li class=\"fb2\" style=\"width:135px\"><iframe src=\"\/\/www.facebook.com\/plugins\/like.php?href=https%3A%2F%2Fwww.caritasne2.org.br%2Fsite%2Fprorrogacao-edital-de-selecao-no-0012015%2F&amp;layout=button_count&amp;action=like&amp;show_faces=false&amp;share=true&amp;width=135&amp;height=21&amp;appId=307091639398582\" scrolling=\"no\" frameborder=\"0\" style=\"border:none; overflow:hidden;  width:150px; height:21px;\" allowTransparency=\"true\"><\/iframe><\/li><li class=\"twtr\" style=\"width:90px\"><a href=\"https:\/\/twitter.com\/share\" class=\"twitter-share-button\" data-url=\"https:\/\/www.caritasne2.org.br\/site\/prorrogacao-edital-de-selecao-no-0012015\/\">&nbsp;<\/a><script>!function(d,s,id){var js,fjs=d.getElementsByTagName(s)[0],p=\/^http:\/.test(d.location)?'http':'https';if(!d.getElementById(id)){js=d.createElement(s);js.id=id;js.src=p+':\/\/platform.twitter.com\/widgets.js';fjs.parentNode.insertBefore(js,fjs);}}(document, 'script', 'twitter-wjs');<\/script><\/li><li class=\"gplus\" style=\"width:68px\"><div class=\"g-plusone\" data-size=\"medium\" data-href=\"https:\/\/www.caritasne2.org.br\/site\/prorrogacao-edital-de-selecao-no-0012015\/\"><\/div><\/li><li class=\"ssb_linkedin\" style=\"width:64px\"><script src=\"\/\/platform.linkedin.com\/in.js\" type=\"text\/javascript\">lang: en_US<\/script><script type=\"IN\/Share\" data-url=\"https:\/\/www.caritasne2.org.br\/site\/prorrogacao-edital-de-selecao-no-0012015\/\" data-counter=\"right\"><\/script><\/li><\/ul>","protected":false},"author":4,"featured_media":2341,"comment_status":"open","ping_status":"open","sticky":false,"template":"","format":"standard","meta":[],"categories":[174,20],"tags":[522],"_links":{"self":[{"href":"https:\/\/www.caritasne2.org.br\/site\/wp-json\/wp\/v2\/posts\/2329"}],"collection":[{"href":"https:\/\/www.caritasne2.org.br\/site\/wp-json\/wp\/v2\/posts"}],"about":[{"href":"https:\/\/www.caritasne2.org.br\/site\/wp-json\/wp\/v2\/types\/post"}],"author":[{"embeddable":true,"href":"https:\/\/www.caritasne2.org.br\/site\/wp-json\/wp\/v2\/users\/4"}],"replies":[{"embeddable":true,"href":"https:\/\/www.caritasne2.org.br\/site\/wp-json\/wp\/v2\/comments?post=2329"}],"version-history":[{"count":0,"href":"https:\/\/www.caritasne2.org.br\/site\/wp-json\/wp\/v2\/posts\/2329\/revisions"}],"wp:featuredmedia":[{"embeddable":true,"href":"https:\/\/www.caritasne2.org.br\/site\/wp-json\/"}],"wp:attachment":[{"href":"https:\/\/www.caritasne2.org.br\/site\/wp-json\/wp\/v2\/media?parent=2329"}],"wp:term":[{"taxonomy":"category","embeddable":true,"href":"https:\/\/www.caritasne2.org.br\/site\/wp-json\/wp\/v2\/categories?post=2329"},{"taxonomy":"post_tag","embeddable":true,"href":"https:\/\/www.caritasne2.org.br\/site\/wp-json\/wp\/v2\/tags?post=2329"}],"curies":[{"name":"wp","href":"https:\/\/api.w.org\/{rel}","templated":true}]}}