{"id":2295,"date":"2015-01-26T17:57:32","date_gmt":"2015-01-26T19:57:32","guid":{"rendered":"http:\/\/ne2.caritas.org.br.s174889.gridserver.com\/?p=2295"},"modified":"2017-07-11T15:20:42","modified_gmt":"2017-07-11T18:20:42","slug":"san-reforma-agraria-experiencia-psan-estado-de-pernambuco","status":"publish","type":"post","link":"https:\/\/www.caritasne2.org.br\/site\/san-reforma-agraria-experiencia-psan-estado-de-pernambuco\/","title":{"rendered":"SAN e Reforma Agr\u00e1ria: a experi\u00eancia do PSAN no estado de Pernambuco"},"content":{"rendered":"<p style=\"text-align: justify;\">Nesta s\u00e9rie de reportagens especiais produzidas pela Assessoria de Comunica\u00e7\u00e3o (AssCom) da C\u00e1ritas Brasileira Regional NE2, conhe\u00e7a a import\u00e2ncia das a\u00e7\u00f5es para promo\u00e7\u00e3o de seguran\u00e7a alimentar e nutricional que est\u00e3o em desenvolvimento no estado de Pernambuco. Al\u00e9m disso, a s\u00e9rie tamb\u00e9m aborda os avan\u00e7os e desafios no contexto da reforma agr\u00e1ria, e qual o papel dos movimentos sociais neste cen\u00e1rio.<\/p>\n<p style=\"text-align: justify;\">A s\u00e9rie traz como pano de fundo a experi\u00eancia desenvolvida pela C\u00e1ritas Brasileira NE2, atrav\u00e9s do Projeto Seguran\u00e7a Alimentar Nutricional e Produtiva (PSAN\/PE), que j\u00e1 beneficiou diretamente cerca de 30 mil pessoas \u2013 em dois conv\u00eanios executados -, entre elas trabalhadores rurais de acampamentos, pr\u00e9-assentamentos e comunidades quilombolas, em diversos munic\u00edpios pernambucanos.<\/p>\n<h1 style=\"text-align: justify;\">Confira as reportagens abaixo:<\/h1>\n<p><span style=\"color: #000000;\"><strong><a title=\"PSAN\/PE estimula o desenvolvimento de sistemas coletivos de produ\u00e7\u00e3o \" href=\"http:\/\/ne2.caritas.org.br.s174889.gridserver.com\/2015\/01\/23\/psanpe-estimula-desenvolvimento-de-sistemas-coletivos-de-producao\/\" target=\"_blank\"><span style=\"color: #000000;\">PSAN\/PE estimula o desenvolvimento de sistemas coletivos de produ\u00e7\u00e3o\u00a0<\/span><\/a><\/strong><\/span><\/p>\n<p><span style=\"color: #000000;\"><strong><a title=\"As politicas p\u00fablicas de seguran\u00e7a alimentar e nutricional\" href=\"http:\/\/ne2.caritas.org.br.s174889.gridserver.com\/2015\/01\/23\/2256\/\" target=\"_blank\"><span style=\"color: #000000;\">As pol\u00edticas p\u00fablicas de seguran\u00e7a alimentar e nutricional\u00a0<\/span><\/a><\/strong><\/span><\/p>\n<p><a title=\"Consea\/PE: Trabalhando para assegurar o direito humano \u00e0 alimenta\u00e7\u00e3o adequada a toda popula\u00e7\u00e3o do Estado\" href=\"http:\/\/ne2.caritas.org.br.s174889.gridserver.com\/2015\/01\/23\/conseape-trabalhando-para-assegurar-direito-humano-a-alimentacao-adequada\/\" target=\"_blank\"><strong><span style=\"color: #000000;\">Consea\/PE: trabalhando para assegurar o direito humano \u00e0 alimenta\u00e7\u00e3o adequada a toda popula\u00e7\u00e3o do Estado<\/span><\/strong><\/a><\/p>\n<p><a title=\"Reforma Agr\u00e1ria: Terra para viver e trabalhar \" href=\"http:\/\/ne2.caritas.org.br.s174889.gridserver.com\/2015\/01\/26\/reforma-agraria-terra-para-viver-trabalhar\/\" target=\"_blank\"><span style=\"color: #000000;\"><strong>Reforma Agr\u00e1ria: Terra para viver e trabalhar\u00a0<\/strong><\/span><\/a><\/p>\n<p>&nbsp;<\/p>\n<address style=\"text-align: justify;\"><a title=\"As politicas p\u00fablicas de seguran\u00e7a alimentar e nutricional\" href=\"http:\/\/ne2.caritas.org.br.s174889.gridserver.com\/2015\/01\/23\/2256\/\" target=\"_blank\"><span style=\"color: #000000;\"><strong>\u00a0<\/strong><\/span><\/a><\/address>\n<ul class=\"ssb_list_wrapper\"><li class=\"fb2\" style=\"width:135px\"><iframe src=\"\/\/www.facebook.com\/plugins\/like.php?href=https%3A%2F%2Fwww.caritasne2.org.br%2Fsite%2Fsan-reforma-agraria-experiencia-psan-estado-de-pernambuco%2F&amp;layout=button_count&amp;action=like&amp;show_faces=false&amp;share=true&amp;width=135&amp;height=21&amp;appId=307091639398582\" scrolling=\"no\" frameborder=\"0\" style=\"border:none; overflow:hidden;  width:150px; height:21px;\" allowTransparency=\"true\"><\/iframe><\/li><li class=\"twtr\" style=\"width:90px\"><a href=\"https:\/\/twitter.com\/share\" class=\"twitter-share-button\" data-url=\"https:\/\/www.caritasne2.org.br\/site\/san-reforma-agraria-experiencia-psan-estado-de-pernambuco\/\">&nbsp;<\/a><script>!function(d,s,id){var js,fjs=d.getElementsByTagName(s)[0],p=\/^http:\/.test(d.location)?'http':'https';if(!d.getElementById(id)){js=d.createElement(s);js.id=id;js.src=p+':\/\/platform.twitter.com\/widgets.js';fjs.parentNode.insertBefore(js,fjs);}}(document, 'script', 'twitter-wjs');<\/script><\/li><li class=\"gplus\" style=\"width:68px\"><div class=\"g-plusone\" data-size=\"medium\" data-href=\"https:\/\/www.caritasne2.org.br\/site\/san-reforma-agraria-experiencia-psan-estado-de-pernambuco\/\"><\/div><\/li><li class=\"ssb_linkedin\" style=\"width:64px\"><script src=\"\/\/platform.linkedin.com\/in.js\" type=\"text\/javascript\">lang: en_US<\/script><script type=\"IN\/Share\" data-url=\"https:\/\/www.caritasne2.org.br\/site\/san-reforma-agraria-experiencia-psan-estado-de-pernambuco\/\" data-counter=\"right\"><\/script><\/li><\/ul>","protected":false},"excerpt":{"rendered":"<p>Nesta s\u00e9rie de reportagens especiais produzidas pela Assessoria de Comunica\u00e7\u00e3o (AssCom) da C\u00e1ritas Brasileira Regional NE2, conhe\u00e7a a import\u00e2ncia das a\u00e7\u00f5es para promo\u00e7\u00e3o de seguran\u00e7a alimentar e nutricional que est\u00e3o em desenvolvimento no estado de Pernambuco. Al\u00e9m disso, a s\u00e9rie tamb\u00e9m aborda os avan\u00e7os e desafios no contexto da reforma agr\u00e1ria, e qual o papel dos movimentos sociais neste cen\u00e1rio. A s\u00e9rie traz como pano [&hellip;]<\/p>\n<ul class=\"ssb_list_wrapper\"><li class=\"fb2\" style=\"width:135px\"><iframe src=\"\/\/www.facebook.com\/plugins\/like.php?href=https%3A%2F%2Fwww.caritasne2.org.br%2Fsite%2Fsan-reforma-agraria-experiencia-psan-estado-de-pernambuco%2F&amp;layout=button_count&amp;action=like&amp;show_faces=false&amp;share=true&amp;width=135&amp;height=21&amp;appId=307091639398582\" scrolling=\"no\" frameborder=\"0\" style=\"border:none; overflow:hidden;  width:150px; height:21px;\" allowTransparency=\"true\"><\/iframe><\/li><li class=\"twtr\" style=\"width:90px\"><a href=\"https:\/\/twitter.com\/share\" class=\"twitter-share-button\" data-url=\"https:\/\/www.caritasne2.org.br\/site\/san-reforma-agraria-experiencia-psan-estado-de-pernambuco\/\">&nbsp;<\/a><script>!function(d,s,id){var js,fjs=d.getElementsByTagName(s)[0],p=\/^http:\/.test(d.location)?'http':'https';if(!d.getElementById(id)){js=d.createElement(s);js.id=id;js.src=p+':\/\/platform.twitter.com\/widgets.js';fjs.parentNode.insertBefore(js,fjs);}}(document, 'script', 'twitter-wjs');<\/script><\/li><li class=\"gplus\" style=\"width:68px\"><div class=\"g-plusone\" data-size=\"medium\" data-href=\"https:\/\/www.caritasne2.org.br\/site\/san-reforma-agraria-experiencia-psan-estado-de-pernambuco\/\"><\/div><\/li><li class=\"ssb_linkedin\" style=\"width:64px\"><script src=\"\/\/platform.linkedin.com\/in.js\" type=\"text\/javascript\">lang: en_US<\/script><script type=\"IN\/Share\" data-url=\"https:\/\/www.caritasne2.org.br\/site\/san-reforma-agraria-experiencia-psan-estado-de-pernambuco\/\" data-counter=\"right\"><\/script><\/li><\/ul>","protected":false},"author":4,"featured_media":2311,"comment_status":"open","ping_status":"open","sticky":false,"template":"","format":"standard","meta":[],"categories":[20,503,505,492],"tags":[67,271,504,501,494],"_links":{"self":[{"href":"https:\/\/www.caritasne2.org.br\/site\/wp-json\/wp\/v2\/posts\/2295"}],"collection":[{"href":"https:\/\/www.caritasne2.org.br\/site\/wp-json\/wp\/v2\/posts"}],"about":[{"href":"https:\/\/www.caritasne2.org.br\/site\/wp-json\/wp\/v2\/types\/post"}],"author":[{"embeddable":true,"href":"https:\/\/www.caritasne2.org.br\/site\/wp-json\/wp\/v2\/users\/4"}],"replies":[{"embeddable":true,"href":"https:\/\/www.caritasne2.org.br\/site\/wp-json\/wp\/v2\/comments?post=2295"}],"version-history":[{"count":0,"href":"https:\/\/www.caritasne2.org.br\/site\/wp-json\/wp\/v2\/posts\/2295\/revisions"}],"wp:featuredmedia":[{"embeddable":true,"href":"https:\/\/www.caritasne2.org.br\/site\/wp-json\/"}],"wp:attachment":[{"href":"https:\/\/www.caritasne2.org.br\/site\/wp-json\/wp\/v2\/media?parent=2295"}],"wp:term":[{"taxonomy":"category","embeddable":true,"href":"https:\/\/www.caritasne2.org.br\/site\/wp-json\/wp\/v2\/categories?post=2295"},{"taxonomy":"post_tag","embeddable":true,"href":"https:\/\/www.caritasne2.org.br\/site\/wp-json\/wp\/v2\/tags?post=2295"}],"curies":[{"name":"wp","href":"https:\/\/api.w.org\/{rel}","templated":true}]}}