{"id":2243,"date":"2015-01-23T10:37:20","date_gmt":"2015-01-23T12:37:20","guid":{"rendered":"http:\/\/ne2.caritas.org.br.s174889.gridserver.com\/?p=2243"},"modified":"2017-07-11T15:21:00","modified_gmt":"2017-07-11T18:21:00","slug":"psanpe-estimula-desenvolvimento-de-sistemas-coletivos-de-producao","status":"publish","type":"post","link":"https:\/\/www.caritasne2.org.br\/site\/psanpe-estimula-desenvolvimento-de-sistemas-coletivos-de-producao\/","title":{"rendered":"PSAN\/PE estimula o desenvolvimento de sistemas coletivos de produ\u00e7\u00e3o"},"content":{"rendered":"<p style=\"text-align: center;\"><em>O Projeto trabalha a promo\u00e7\u00e3o da autonomia e seguran\u00e7a alimentar, nutricional e produtiva, atrav\u00e9s da organiza\u00e7\u00e3o, forma\u00e7\u00e3o e capacita\u00e7\u00e3o de 3 mil fam\u00edlias acampadas e pr\u00e9-assentadas no estado de Pernambuco<\/em><\/p>\n<p style=\"text-align: justify;\">A comunidade Varzinha dos Quilombolas est\u00e1 localizada no munic\u00edpio de Iguaracy, no sert\u00e3o de Pernambuco. Em 2010, ela foi reconhecida pela Funda\u00e7\u00e3o Palmares como territ\u00f3rio remanescente de quilombo. Antes do reconhecimento a comunidade chamava-se Varzinha dos Paulinos. Hoje moram cerca de 30 fam\u00edlias que nasceram e se criaram no local.<\/p>\n<p style=\"text-align: justify;\">Uma dessas fam\u00edlias \u00e9 a do agricultor Joaquim Manoel da Silva, que se orgulha em dizer que seus antepassados j\u00e1 ocupam essa regi\u00e3o h\u00e1 mais de 100 anos. No entanto, como ainda n\u00e3o h\u00e1, oficialmente o t\u00edtulo de propriedade da terra, os agricultores enfrentam uma s\u00e9rie de dificuldades para produzir e desenvolver projetos. Segundo Denis Venceslau, articulador do Projeto Seguran\u00e7a Alimentar, Nutricional e Produtiva \u2013 PSAN\/PE e respons\u00e1vel pelos acampamentos e pr\u00e9-assentamentos acompanhados pela Comiss\u00e3o Pastoral da Terra (CPT), em outubro de 2013, as fam\u00edlias conquistaram uma grande vit\u00f3ria na luta pela perman\u00eancia em suas terras tradicionalmente ocupadas.<\/p>\n<p style=\"text-align: justify;\">Foi publicada no Di\u00e1rio Oficial de Pernambuco, uma decis\u00e3o que julgou procedente o pedido de manuten\u00e7\u00e3o da posse da comunidade quilombola no local onde vivem, at\u00e9 que seja finalizado o processo de titula\u00e7\u00e3o da \u00e1rea pertencente ao quilombo. \u201cA luta por um peda\u00e7o de ch\u00e3o e a falta de reconhecimento n\u00e3o \u00e9 f\u00e1cil. A gente j\u00e1 sofreu muito\u201d, contou Joaquim, que teve sua comunidade beneficiada por um dos 300 projetos produtivos instalados pelo PSAN\/PE.<\/p>\n<p style=\"text-align: justify;\"><span style=\"text-decoration: underline;\"><strong>Iniciativa no processo de resist\u00eancia<\/strong><\/span><\/p>\n<p style=\"text-align: justify;\">A exemplo da fam\u00edlia de Joaquim, que vem resistindo no processo de\u00a0luta pela reforma agr\u00e1ria, a proposta do PSAN\/PE foi atender<a href=\"http:\/\/ne2.caritas.org.br.s174889.gridserver.com\/2015\/01\/23\/psanpe-estimula-desenvolvimento-de-sistemas-coletivos-de-producao\/oficina-de-san-30\/\" rel=\"attachment wp-att-2250\"><img decoding=\"async\" loading=\"lazy\" class=\"alignright size-medium wp-image-2250\" title=\"Oficina de SAN (30)\" src=\"http:\/\/ne2.caritas.org.br.s174889.gridserver.com\/wp-content\/uploads\/2015\/01\/Oficina-de-SAN-30-300x200.jpg\" alt=\"\" width=\"300\" height=\"200\" \/><\/a> 3 mil fam\u00edlias acampadas e pr\u00e9-assentadas, atingindo diretamente cerca de 15 mil pessoas em 35 munic\u00edpios da Regi\u00e3o Metropolitana do Recife, Zona da Mata, Agreste e Sert\u00e3o de Pernambuco.<\/p>\n<p style=\"text-align: justify;\">O objetivo principal foi estimular o desenvolvimento de sistemas coletivos\u00a0de produ\u00e7\u00e3o, atrav\u00e9s da organiza\u00e7\u00e3o, forma\u00e7\u00e3o e capacita\u00e7\u00e3o\u00a0dessas fam\u00edlias \u2013 e ao mesmo tempo trabalhar a promo\u00e7\u00e3o da autonomia\u00a0e seguran\u00e7a alimentar, nutricional e produtiva.<\/p>\n<p style=\"text-align: justify;\">Executado pela C\u00e1ritas Brasileira Regional NE2, as a\u00e7\u00f5es do PSAN\/PE foram desenvolvidas de forma articulada com quatro movimentos\u00a0sociais de defesa e luta pela reforma agr\u00e1ria no Estado: Movimento dos Trabalhadores Rurais Sem Terra (MST), Movimento de Liberta\u00e7\u00e3o dos Sem Terra (MLST), Comiss\u00e3o Pastoral da Terra (CPT) e Federa\u00e7\u00e3o dos Trabalhadores na Agricultura de Pernambuco (Fetape).<\/p>\n<p style=\"text-align: justify;\">Lan\u00e7ado em abril de 2010, o Projeto foi um conv\u00eanio com o Minist\u00e9rio\u00a0do Desenvolvimento Social e Combate \u00e0 Fome (MDS), atrav\u00e9s da\u00a0Secretaria Nacional de Seguran\u00e7a Alimentar e Nutricional (SESAN), e\u00a0o Governo do Estado de Pernambuco, por meio da Secretaria de Desenvolvimento\u00a0Social e Direitos Humanos (SEDSDH).<\/p>\n<p style=\"text-align: justify;\">O investimento de R$ 3 milh\u00f5es,\u00a0destinou-se \u00e0 compra de insumos, pequenos animais, equipamentos para composi\u00e7\u00e3o dos 300 projetos produtivos, al\u00e9m da realiza\u00e7\u00e3o de oficinas de forma\u00e7\u00e3o nas tem\u00e1ticas de g\u00eanero, seguran\u00e7a alimentar, nutricional e produtiva, e agroecologia. Cada projeto foi constitu\u00eddo por um grupo de 10 fam\u00edlias, que a partir de um consenso escolheram quais atividades pretendiam trabalhar coletivamente no grupo, levando em considera\u00e7\u00e3o as caracter\u00edsticas de cada regi\u00e3o.<\/p>\n<p style=\"text-align: justify;\">Entre as op\u00e7\u00f5es de organiza\u00e7\u00e3o de projetos familiares, os grupos poderiam\u00a0optar por cria\u00e7\u00f5es de pequenos animais, como por exemplo,\u00a0caprinocultura, ovinocultura, apicultura, piscicultura, suinocultura e\u00a0avicultura. Al\u00e9m da forma\u00e7\u00e3o de hortas comunit\u00e1rias e canteiros de\u00a0mudas.<\/p>\n<p style=\"text-align: justify;\">Cada fam\u00edlia recebeu tamb\u00e9m um filtro de barro e cada grupo familiar\u00a0um kit cozinha com utens\u00edlios \u2013 pratos, copos, talheres, panelas &#8211; para\u00a0o preparo dos alimentos nas \u00e1reas de acampamento e pr\u00e9-assentamento. \u00a0\u201cA gente aposta na uni\u00e3o do grupo para trabalhar e produzir juntos,\u00a0na expectativa que vai dar tudo certo\u201d, disse confiante o agricultor\u00a0Joaquim. A comunidade dele que j\u00e1 possu\u00eda uma horta comunit\u00e1ria,\u00a0tamb\u00e9m foi beneficiada atrav\u00e9s do PSAN\/PE com a cria\u00e7\u00e3o de ovelhas\u00a0e aves, sementes de milho e feij\u00e3o para montagem de um banco\u00a0comunit\u00e1rio de sementes, al\u00e9m de silos e os equipamentos necess\u00e1rios\u00a0para montagem de api\u00e1rios.<\/p>\n<p style=\"text-align: justify;\"><span style=\"text-decoration: underline;\"><strong>Produzir mais e melhor\u00a0<\/strong><\/span><\/p>\n<p style=\"text-align: justify;\">Antes de instalar os projetos produtivos a equipe t\u00e9cnica do PSAN\/PE\u00a0desenvolveu um trabalho para mapear as \u00e1reas de acampamentos e\u00a0pr\u00e9-assentamentos, bem como para tra\u00e7ar o perfil das fam\u00edlias benefici\u00e1rias.\u00a0Para isso foi aplicado um Diagn\u00f3stico R\u00e1pido Participativo\u00a0(DRP). Atrav\u00e9s dessa ferramenta foi poss\u00edvel indicar as atividades produtivas\u00a0mais adequadas a cada n\u00facleo familiar \u2013 composto por 10 fam\u00edlias\u00a0\u2013, e, assim, transmitir conhecimento sobre t\u00e9cnicas de manejo e prepara\u00e7\u00e3o adequada dos alimentos, pr\u00e1ticas alternativas de manejo e conserva\u00e7\u00e3o de sementes, plantas medicinais e criat\u00f3rios de pequenos animais. Al\u00e9m de oferecer apoio t\u00e9cnico, gerencial, organizacional aos grupos, como suporte as atividades produtivas e beneficiamento da produ\u00e7\u00e3o.<\/p>\n<blockquote>\n<p style=\"text-align: justify;\">Para o articulador do PSAN\/PE, Denis Venceslau, a iniciativa \u00e9 um modelo\u00a0de projeto para as \u00e1reas de acampamento e pr\u00e9-assentamento.\u00a0\u201cO PSAN\/PE deu uma grande contribui\u00e7\u00e3o para a perman\u00eancia das\u00a0fam\u00edlias acampadas e para o processo de luta pela terra\u201d. Denis ressalta\u00a0ainda que \u201co projeto trouxe para a mesa das fam\u00edlias a quest\u00e3o\u00a0da agroecologia e para o ro\u00e7ado o est\u00edmulo \u00e0 pr\u00e1tica agroecol\u00f3gica na\u00a0produ\u00e7\u00e3o\u201d, complementou.<\/p>\n<\/blockquote>\n<p style=\"text-align: justify;\">Com a\u00e7\u00f5es espec\u00edficas de inclus\u00e3o produtiva\u00a0e est\u00edmulo \u00e0 agricultura sustent\u00e1vel, as\u00a0a\u00e7\u00f5es do PSAN\/PE t\u00eam mudado\u00a0as realidades <a href=\"http:\/\/ne2.caritas.org.br.s174889.gridserver.com\/2015\/01\/23\/psanpe-estimula-desenvolvimento-de-sistemas-coletivos-de-producao\/maria-das-neves-personagem-da-materia-recebe-animais-e-assina-doc-de-recebimento-1\/\" rel=\"attachment wp-att-2246\"><br \/>\n<\/a><a href=\"http:\/\/ne2.caritas.org.br.s174889.gridserver.com\/2015\/01\/23\/psanpe-estimula-desenvolvimento-de-sistemas-coletivos-de-producao\/maria-das-neves-personagem-da-materia-recebe-animais-e-assina-doc-de-recebimento-1-3\/\" rel=\"attachment wp-att-2248\"><img decoding=\"async\" loading=\"lazy\" class=\"alignleft  wp-image-2248\" title=\"Maria das Neves personagem da materia recebe animais e assina doc de recebimento (1)\" src=\"http:\/\/ne2.caritas.org.br.s174889.gridserver.com\/wp-content\/uploads\/2015\/01\/Maria-das-Neves-personagem-da-materia-recebe-animais-e-assina-doc-de-recebimento-12-188x300.jpg\" alt=\"\" width=\"169\" height=\"270\" \/><\/a>de v\u00e1rias fam\u00edlias\u00a0da reforma agr\u00e1ria.\u00a0Gente como a agricultora\u00a0Maria das Neves Bezerra,\u00a0que est\u00e1 h\u00e1 13 anos, no\u00a0acampamento Angola\u00a0Nova, acompanhado pela\u00a0Federa\u00e7\u00e3o dos Trabalhadores\u00a0na Agricultura do\u00a0Estado de Pernambuco\u00a0(Fetape), no munic\u00edpio de Gravat\u00e1. \u201cNevinha\u201d, como \u00e9 conhecida por todos no acampamento, j\u00e1 participou das oficinas de forma\u00e7\u00e3o e foi beneficiada com a entrega de pequenos animais. O grupo que ela pertence optou pela cria\u00e7\u00e3o de ovelhas. Assim, cada fam\u00edlia recebeu duas ovelhas, sendo um macho reprodutor para cada grupo de 10 fam\u00edlias.<\/p>\n<p style=\"text-align: justify;\">As terras pleiteadas pelas fam\u00edlias do acampamento Angola Nova j\u00e1 foram\u00a0vistoriadas pelo Incra. Hoje os acampados aguardam pela libera\u00e7\u00e3o\u00a0e posse das terras. \u201cApesar da seca que estamos enfrentando, minha\u00a0expectativa \u00e9 a produ\u00e7\u00e3o, pois quero multiplicar os animais que recebi.\u00a0Quando a gente for para o assentamento j\u00e1 teremos os animais\u201d, disse\u00a0Maria das Neves.<\/p>\n<p style=\"text-align: justify;\">A\u00e7\u00e3o estrat\u00e9gica\u00a0De acordo com a superintendente Estadual das A\u00e7\u00f5es de Seguran\u00e7a\u00a0Alimentar e Nutricional \u2013 SUASAN, Mariana Suassuna, desde 2007, o\u00a0governo de Pernambuco priorizou a quest\u00e3o da seguran\u00e7a alimentar e\u00a0nutricional como uma a\u00e7\u00e3o estrat\u00e9gica do governo do Estado. O esfor\u00e7o\u00a0empregado em pautar a tem\u00e1tica culminou na elabora\u00e7\u00e3o do primeiro\u00a0Plano Estadual de Seguran\u00e7a Alimentar e Nutricional (2013-2015).<\/p>\n<p style=\"text-align: justify;\">Segundo Mariana Suassuna, o plano vai envolver todas as pol\u00edticas p\u00fablicas\u00a0que tratam do tema da seguran\u00e7a alimentar e nutricional. \u201cEnt\u00e3o,\u00a0o PSAN\/PE s\u00f3 tem a se fortalecer com a instala\u00e7\u00e3o desse plano e\u00a0com a intersetorialidade das pol\u00edticas\u201d, concluiu.<\/p>\n<p style=\"text-align: justify;\">Ainda segundo a superintendente, o PSAN\/PE \u00e9 o \u00fanico projeto e a\u00a0\u00fanica pol\u00edtica p\u00fablica que est\u00e1 presente nos acampamentos e pr\u00e9-assentamentos\u00a0de Pernambuco. \u201cO projeto permitiu uma maior aproxima\u00e7\u00e3o\u00a0com esse p\u00fablico t\u00e3o esquecido e carente de pol\u00edticas\u00a0p\u00fablicas. Ent\u00e3o, podemos consider\u00e1-lo como\u00a0uma a\u00e7\u00e3o important\u00edssima para Pernambuco\u00a0e essa a\u00e7\u00e3o deve continuar para que\u00a0possamos avan\u00e7ar ainda mais\u201d,\u00a0explicou Mariana.<\/p>\n<p style=\"text-align: justify;\">\n<p style=\"text-align: justify;\"><a href=\"http:\/\/ne2.caritas.org.br.s174889.gridserver.com\/2015\/01\/23\/psanpe-estimula-desenvolvimento-de-sistemas-coletivos-de-producao\/proj-apicultura-ac-mst-moxoto-mulheres\/\" rel=\"attachment wp-att-2245\"><img decoding=\"async\" loading=\"lazy\" class=\"aligncenter size-medium wp-image-2245\" title=\"Proj Apicultura Ac MST Moxot\u00f3 Mulheres\" src=\"http:\/\/ne2.caritas.org.br.s174889.gridserver.com\/wp-content\/uploads\/2015\/01\/Proj-Apicultura-Ac-MST-Moxot\u00f3-Mulheres-300x197.jpg\" alt=\"\" width=\"300\" height=\"197\" \/><\/a><\/p>\n<p style=\"text-align: justify;\">por Kilma Ferreira | Assessoria de Comunica\u00e7\u00e3o C\u00e1ritas Brasileira Regional NE2.<\/p>\n<p>&nbsp;<\/p>\n<ul class=\"ssb_list_wrapper\"><li class=\"fb2\" style=\"width:135px\"><iframe src=\"\/\/www.facebook.com\/plugins\/like.php?href=https%3A%2F%2Fwww.caritasne2.org.br%2Fsite%2Fpsanpe-estimula-desenvolvimento-de-sistemas-coletivos-de-producao%2F&amp;layout=button_count&amp;action=like&amp;show_faces=false&amp;share=true&amp;width=135&amp;height=21&amp;appId=307091639398582\" scrolling=\"no\" frameborder=\"0\" style=\"border:none; overflow:hidden;  width:150px; height:21px;\" allowTransparency=\"true\"><\/iframe><\/li><li class=\"twtr\" style=\"width:90px\"><a href=\"https:\/\/twitter.com\/share\" class=\"twitter-share-button\" data-url=\"https:\/\/www.caritasne2.org.br\/site\/psanpe-estimula-desenvolvimento-de-sistemas-coletivos-de-producao\/\">&nbsp;<\/a><script>!function(d,s,id){var js,fjs=d.getElementsByTagName(s)[0],p=\/^http:\/.test(d.location)?'http':'https';if(!d.getElementById(id)){js=d.createElement(s);js.id=id;js.src=p+':\/\/platform.twitter.com\/widgets.js';fjs.parentNode.insertBefore(js,fjs);}}(document, 'script', 'twitter-wjs');<\/script><\/li><li class=\"gplus\" style=\"width:68px\"><div class=\"g-plusone\" data-size=\"medium\" data-href=\"https:\/\/www.caritasne2.org.br\/site\/psanpe-estimula-desenvolvimento-de-sistemas-coletivos-de-producao\/\"><\/div><\/li><li class=\"ssb_linkedin\" style=\"width:64px\"><script src=\"\/\/platform.linkedin.com\/in.js\" type=\"text\/javascript\">lang: en_US<\/script><script type=\"IN\/Share\" data-url=\"https:\/\/www.caritasne2.org.br\/site\/psanpe-estimula-desenvolvimento-de-sistemas-coletivos-de-producao\/\" data-counter=\"right\"><\/script><\/li><\/ul>","protected":false},"excerpt":{"rendered":"<p>O Projeto trabalha a promo\u00e7\u00e3o da autonomia e seguran\u00e7a alimentar, nutricional e produtiva, atrav\u00e9s da organiza\u00e7\u00e3o, forma\u00e7\u00e3o e capacita\u00e7\u00e3o de 3 mil fam\u00edlias acampadas e pr\u00e9-assentadas no estado de Pernambuco A comunidade Varzinha dos Quilombolas est\u00e1 localizada no munic\u00edpio de Iguaracy, no sert\u00e3o de Pernambuco. Em 2010, ela foi reconhecida pela Funda\u00e7\u00e3o Palmares como territ\u00f3rio remanescente de quilombo. Antes do reconhecimento a comunidade chamava-se Varzinha [&hellip;]<\/p>\n<ul class=\"ssb_list_wrapper\"><li class=\"fb2\" style=\"width:135px\"><iframe src=\"\/\/www.facebook.com\/plugins\/like.php?href=https%3A%2F%2Fwww.caritasne2.org.br%2Fsite%2Fpsanpe-estimula-desenvolvimento-de-sistemas-coletivos-de-producao%2F&amp;layout=button_count&amp;action=like&amp;show_faces=false&amp;share=true&amp;width=135&amp;height=21&amp;appId=307091639398582\" scrolling=\"no\" frameborder=\"0\" style=\"border:none; overflow:hidden;  width:150px; height:21px;\" allowTransparency=\"true\"><\/iframe><\/li><li class=\"twtr\" style=\"width:90px\"><a href=\"https:\/\/twitter.com\/share\" class=\"twitter-share-button\" data-url=\"https:\/\/www.caritasne2.org.br\/site\/psanpe-estimula-desenvolvimento-de-sistemas-coletivos-de-producao\/\">&nbsp;<\/a><script>!function(d,s,id){var js,fjs=d.getElementsByTagName(s)[0],p=\/^http:\/.test(d.location)?'http':'https';if(!d.getElementById(id)){js=d.createElement(s);js.id=id;js.src=p+':\/\/platform.twitter.com\/widgets.js';fjs.parentNode.insertBefore(js,fjs);}}(document, 'script', 'twitter-wjs');<\/script><\/li><li class=\"gplus\" style=\"width:68px\"><div class=\"g-plusone\" data-size=\"medium\" data-href=\"https:\/\/www.caritasne2.org.br\/site\/psanpe-estimula-desenvolvimento-de-sistemas-coletivos-de-producao\/\"><\/div><\/li><li class=\"ssb_linkedin\" style=\"width:64px\"><script src=\"\/\/platform.linkedin.com\/in.js\" type=\"text\/javascript\">lang: en_US<\/script><script type=\"IN\/Share\" data-url=\"https:\/\/www.caritasne2.org.br\/site\/psanpe-estimula-desenvolvimento-de-sistemas-coletivos-de-producao\/\" data-counter=\"right\"><\/script><\/li><\/ul>","protected":false},"author":4,"featured_media":2244,"comment_status":"open","ping_status":"open","sticky":false,"template":"","format":"standard","meta":[],"categories":[20,492],"tags":[67,491,186,493,494],"_links":{"self":[{"href":"https:\/\/www.caritasne2.org.br\/site\/wp-json\/wp\/v2\/posts\/2243"}],"collection":[{"href":"https:\/\/www.caritasne2.org.br\/site\/wp-json\/wp\/v2\/posts"}],"about":[{"href":"https:\/\/www.caritasne2.org.br\/site\/wp-json\/wp\/v2\/types\/post"}],"author":[{"embeddable":true,"href":"https:\/\/www.caritasne2.org.br\/site\/wp-json\/wp\/v2\/users\/4"}],"replies":[{"embeddable":true,"href":"https:\/\/www.caritasne2.org.br\/site\/wp-json\/wp\/v2\/comments?post=2243"}],"version-history":[{"count":0,"href":"https:\/\/www.caritasne2.org.br\/site\/wp-json\/wp\/v2\/posts\/2243\/revisions"}],"wp:featuredmedia":[{"embeddable":true,"href":"https:\/\/www.caritasne2.org.br\/site\/wp-json\/"}],"wp:attachment":[{"href":"https:\/\/www.caritasne2.org.br\/site\/wp-json\/wp\/v2\/media?parent=2243"}],"wp:term":[{"taxonomy":"category","embeddable":true,"href":"https:\/\/www.caritasne2.org.br\/site\/wp-json\/wp\/v2\/categories?post=2243"},{"taxonomy":"post_tag","embeddable":true,"href":"https:\/\/www.caritasne2.org.br\/site\/wp-json\/wp\/v2\/tags?post=2243"}],"curies":[{"name":"wp","href":"https:\/\/api.w.org\/{rel}","templated":true}]}}