{"id":2218,"date":"2014-12-15T12:26:24","date_gmt":"2014-12-15T15:26:24","guid":{"rendered":"http:\/\/ne2.caritas.org.br.s174889.gridserver.com\/?p=2218"},"modified":"2017-07-11T15:21:00","modified_gmt":"2017-07-11T18:21:00","slug":"arquidiocese-de-olinda-recife-promove-natal-da-populacao-em-situacao-de-rua-nesta-segunda-feira","status":"publish","type":"post","link":"https:\/\/www.caritasne2.org.br\/site\/arquidiocese-de-olinda-recife-promove-natal-da-populacao-em-situacao-de-rua-nesta-segunda-feira\/","title":{"rendered":"Arquidiocese de Olinda e Recife promove Natal da popula\u00e7\u00e3o em situa\u00e7\u00e3o de rua nesta segunda-feira"},"content":{"rendered":"<p style=\"text-align: justify;\">Um dia para celebrar e marcar o encerramento das atividades da Pastoral do Povo de Rua da Arquidiocese de Olinda e Recife. Para isso, nada melhor do que se confraternizar com quem aqueles que s\u00e3o o alvo de todo o trabalho realizado pelo grupo. Pelo quinto ano consecutivo ser\u00e1 promovido o Natal da Popula\u00e7\u00e3o em Situa\u00e7\u00e3o de Rua. O evento ser\u00e1 nesta segunda-feira, 15.<\/p>\n<p style=\"text-align: justify;\">Ap\u00f3s tr\u00eas anos no claustro da Bas\u00edlica Nossa Senhora do Carmo no bairro de Santo Ant\u00f4nio, centro do Recife, o \u2018Natal\u2019 muda de local. Este ano ser\u00e1 no Cais da Alf\u00e2ndega no trecho entre a Ponte Maur\u00edcio de Nassau e o Shopping Pa\u00e7o Alf\u00e2ndega. As atividades come\u00e7am \u00e0s 14h e seguem at\u00e9 \u00e0s 19h30.<\/p>\n<p style=\"text-align: justify;\">Na programa\u00e7\u00e3o est\u00e3o previstas a\u00e7\u00f5es voltadas para a cidadania, sa\u00fade, cultura e espiritualidade. A primeira parte do evento contar\u00e1 com emiss\u00e3o de documentos (RG e CTPS), cadastramento no Bolsa Fam\u00edlia, exames de HIV, S\u00edfilis e Coleta para B.K. (para diagn\u00f3stico de Tuberculose), aferi\u00e7\u00e3o de press\u00e3o arterial e glicose, Escov\u00f3dromo e exame de preven\u00e7\u00e3o de c\u00e2ncer bucal e vacina\u00e7\u00e3o. Al\u00e9m de servi\u00e7os como corte de cabelo, higieniza\u00e7\u00e3o das unhas e lanche. Al\u00e9m de atividades l\u00fadicas, apresenta\u00e7\u00f5es culturais entre elas, Maracatu e de teatro. As crian\u00e7as ter\u00e3o uma aten\u00e7\u00e3o especial. Para elas haver\u00e1 atividades recreativas entre as 16h e 19h.<\/p>\n<p style=\"text-align: justify;\">O arcebispo metropolitano, Dom Fernando Saburido, participar\u00e1 \u00e0s 18h. O religioso far\u00e1 momento de ora\u00e7\u00e3o e espiritualidade<a href=\"http:\/\/ne2.caritas.org.br.s174889.gridserver.com\/2014\/12\/15\/arquidiocese-de-olinda-recife-promove-natal-da-populacao-em-situacao-de-rua-nesta-segunda-feira\/pascom-197\/\" rel=\"attachment wp-att-2220\"><img decoding=\"async\" loading=\"lazy\" class=\"alignright size-medium wp-image-2220\" title=\"Pascom-197\" src=\"http:\/\/ne2.caritas.org.br.s174889.gridserver.com\/wp-content\/uploads\/2014\/12\/Pascom-197-300x187.jpg\" alt=\"\" width=\"300\" height=\"187\" \/><\/a>. Logo ap\u00f3s, ser\u00e1 servido o jantar. Cerca de 800 kits de higiene pessoal ser\u00e1 entregue aos adultos e brinquedos para as crian\u00e7as.<\/p>\n<p style=\"text-align: justify;\">O Natal dos moradores de rua \u00e9 uma realiza\u00e7\u00e3o da Igreja, por meio da Comiss\u00e3o Arquidiocesana de Pastoral para o Servi\u00e7o da Caridade, da Justi\u00e7a e da Paz. Entretanto, o evento conta com o apoio de entidades governamentais e n\u00e3o governamentais.<\/p>\n<p style=\"text-align: justify;\">PROGRAMA\u00c7\u00c3O<\/p>\n<p style=\"text-align: justify;\">Servi\u00e7os (das 14h \u00e0s 17h)<\/p>\n<p style=\"text-align: justify;\">RG,CTPS, cadastramento bolsa fam\u00edlia, exames HIV, S\u00edfilis e Coleta para BK, aferi\u00e7\u00e3o de press\u00e3o, aferi\u00e7\u00e3o de glicose, Escov\u00f3dromo e exame preven\u00e7\u00e3o de c\u00e2ncer bucal, vacina\u00e7\u00e3o, atividades l\u00fadicas, apresenta\u00e7\u00f5es diversas, corte cabelo, higieniza\u00e7\u00e3o das unhas, lanche.<\/p>\n<p style=\"text-align: justify;\">Das 17h \u00e0s 19h30<\/p>\n<p style=\"text-align: justify;\">17h \u2013 Apresenta\u00e7\u00f5es (maracatu, teatro O Caminho)<\/p>\n<p style=\"text-align: justify;\">18h \u2013 Momento de Espiritualidade &#8211; Dom Fernando<\/p>\n<p style=\"text-align: justify;\">\u00a018h30 \u2013 Jantar e distribui\u00e7\u00e3o de presentes<\/p>\n<p><strong>por Assessoria de Comunica\u00e7\u00e3o AOR<\/strong><\/p>\n<div><strong><br \/>\n<\/strong><\/div>\n<ul class=\"ssb_list_wrapper\"><li class=\"fb2\" style=\"width:135px\"><iframe src=\"\/\/www.facebook.com\/plugins\/like.php?href=https%3A%2F%2Fwww.caritasne2.org.br%2Fsite%2Farquidiocese-de-olinda-recife-promove-natal-da-populacao-em-situacao-de-rua-nesta-segunda-feira%2F&amp;layout=button_count&amp;action=like&amp;show_faces=false&amp;share=true&amp;width=135&amp;height=21&amp;appId=307091639398582\" scrolling=\"no\" frameborder=\"0\" style=\"border:none; overflow:hidden;  width:150px; height:21px;\" allowTransparency=\"true\"><\/iframe><\/li><li class=\"twtr\" style=\"width:90px\"><a href=\"https:\/\/twitter.com\/share\" class=\"twitter-share-button\" data-url=\"https:\/\/www.caritasne2.org.br\/site\/arquidiocese-de-olinda-recife-promove-natal-da-populacao-em-situacao-de-rua-nesta-segunda-feira\/\">&nbsp;<\/a><script>!function(d,s,id){var js,fjs=d.getElementsByTagName(s)[0],p=\/^http:\/.test(d.location)?'http':'https';if(!d.getElementById(id)){js=d.createElement(s);js.id=id;js.src=p+':\/\/platform.twitter.com\/widgets.js';fjs.parentNode.insertBefore(js,fjs);}}(document, 'script', 'twitter-wjs');<\/script><\/li><li class=\"gplus\" style=\"width:68px\"><div class=\"g-plusone\" data-size=\"medium\" data-href=\"https:\/\/www.caritasne2.org.br\/site\/arquidiocese-de-olinda-recife-promove-natal-da-populacao-em-situacao-de-rua-nesta-segunda-feira\/\"><\/div><\/li><li class=\"ssb_linkedin\" style=\"width:64px\"><script src=\"\/\/platform.linkedin.com\/in.js\" type=\"text\/javascript\">lang: en_US<\/script><script type=\"IN\/Share\" data-url=\"https:\/\/www.caritasne2.org.br\/site\/arquidiocese-de-olinda-recife-promove-natal-da-populacao-em-situacao-de-rua-nesta-segunda-feira\/\" data-counter=\"right\"><\/script><\/li><\/ul>","protected":false},"excerpt":{"rendered":"<p>Um dia para celebrar e marcar o encerramento das atividades da Pastoral do Povo de Rua da Arquidiocese de Olinda e Recife. Para isso, nada melhor do que se confraternizar com quem aqueles que s\u00e3o o alvo de todo o trabalho realizado pelo grupo. Pelo quinto ano consecutivo ser\u00e1 promovido o Natal da Popula\u00e7\u00e3o em Situa\u00e7\u00e3o de Rua. O evento ser\u00e1 nesta segunda-feira, 15. Ap\u00f3s [&hellip;]<\/p>\n<ul class=\"ssb_list_wrapper\"><li class=\"fb2\" style=\"width:135px\"><iframe src=\"\/\/www.facebook.com\/plugins\/like.php?href=https%3A%2F%2Fwww.caritasne2.org.br%2Fsite%2Farquidiocese-de-olinda-recife-promove-natal-da-populacao-em-situacao-de-rua-nesta-segunda-feira%2F&amp;layout=button_count&amp;action=like&amp;show_faces=false&amp;share=true&amp;width=135&amp;height=21&amp;appId=307091639398582\" scrolling=\"no\" frameborder=\"0\" style=\"border:none; overflow:hidden;  width:150px; height:21px;\" allowTransparency=\"true\"><\/iframe><\/li><li class=\"twtr\" style=\"width:90px\"><a href=\"https:\/\/twitter.com\/share\" class=\"twitter-share-button\" data-url=\"https:\/\/www.caritasne2.org.br\/site\/arquidiocese-de-olinda-recife-promove-natal-da-populacao-em-situacao-de-rua-nesta-segunda-feira\/\">&nbsp;<\/a><script>!function(d,s,id){var js,fjs=d.getElementsByTagName(s)[0],p=\/^http:\/.test(d.location)?'http':'https';if(!d.getElementById(id)){js=d.createElement(s);js.id=id;js.src=p+':\/\/platform.twitter.com\/widgets.js';fjs.parentNode.insertBefore(js,fjs);}}(document, 'script', 'twitter-wjs');<\/script><\/li><li class=\"gplus\" style=\"width:68px\"><div class=\"g-plusone\" data-size=\"medium\" data-href=\"https:\/\/www.caritasne2.org.br\/site\/arquidiocese-de-olinda-recife-promove-natal-da-populacao-em-situacao-de-rua-nesta-segunda-feira\/\"><\/div><\/li><li class=\"ssb_linkedin\" style=\"width:64px\"><script src=\"\/\/platform.linkedin.com\/in.js\" type=\"text\/javascript\">lang: en_US<\/script><script type=\"IN\/Share\" data-url=\"https:\/\/www.caritasne2.org.br\/site\/arquidiocese-de-olinda-recife-promove-natal-da-populacao-em-situacao-de-rua-nesta-segunda-feira\/\" data-counter=\"right\"><\/script><\/li><\/ul>","protected":false},"author":4,"featured_media":2219,"comment_status":"open","ping_status":"open","sticky":false,"template":"","format":"standard","meta":[],"categories":[20],"tags":[486,67,487,488],"_links":{"self":[{"href":"https:\/\/www.caritasne2.org.br\/site\/wp-json\/wp\/v2\/posts\/2218"}],"collection":[{"href":"https:\/\/www.caritasne2.org.br\/site\/wp-json\/wp\/v2\/posts"}],"about":[{"href":"https:\/\/www.caritasne2.org.br\/site\/wp-json\/wp\/v2\/types\/post"}],"author":[{"embeddable":true,"href":"https:\/\/www.caritasne2.org.br\/site\/wp-json\/wp\/v2\/users\/4"}],"replies":[{"embeddable":true,"href":"https:\/\/www.caritasne2.org.br\/site\/wp-json\/wp\/v2\/comments?post=2218"}],"version-history":[{"count":0,"href":"https:\/\/www.caritasne2.org.br\/site\/wp-json\/wp\/v2\/posts\/2218\/revisions"}],"wp:featuredmedia":[{"embeddable":true,"href":"https:\/\/www.caritasne2.org.br\/site\/wp-json\/"}],"wp:attachment":[{"href":"https:\/\/www.caritasne2.org.br\/site\/wp-json\/wp\/v2\/media?parent=2218"}],"wp:term":[{"taxonomy":"category","embeddable":true,"href":"https:\/\/www.caritasne2.org.br\/site\/wp-json\/wp\/v2\/categories?post=2218"},{"taxonomy":"post_tag","embeddable":true,"href":"https:\/\/www.caritasne2.org.br\/site\/wp-json\/wp\/v2\/tags?post=2218"}],"curies":[{"name":"wp","href":"https:\/\/api.w.org\/{rel}","templated":true}]}}