{"id":2212,"date":"2014-11-30T16:48:01","date_gmt":"2014-11-30T18:48:01","guid":{"rendered":"http:\/\/ne2.caritas.org.br.s174889.gridserver.com\/?p=2212"},"modified":"2017-07-11T15:21:00","modified_gmt":"2017-07-11T18:21:00","slug":"oficina-da-caritas-na-3a-conaes-destaca-experiencia-de-economia-solidaria-haiti","status":"publish","type":"post","link":"https:\/\/www.caritasne2.org.br\/site\/oficina-da-caritas-na-3a-conaes-destaca-experiencia-de-economia-solidaria-haiti\/","title":{"rendered":"Oficina da C\u00e1ritas na 3\u00aa CONAES destaca experi\u00eancia de economia solid\u00e1ria no Haiti"},"content":{"rendered":"<p style=\"text-align: justify;\">Guiada pelo tema da Campanha Mundial: Uma Fam\u00edlia humana, p\u00e3o e justi\u00e7a para todas as pessoas, a C\u00e1ritas Brasileira proporcionou uma oficina autogestion\u00e1ria no segundo dia da 3\u00aa Confer\u00eancia Nacional de Economia Solid\u00e1ria (CONAES), realizada de 27 a 30 de novembro no Centro de Conven\u00e7\u00f5es Ulisses Guimar\u00e3es, em Bras\u00edlia\/DF.<\/p>\n<p style=\"text-align: justify;\">A oficina, que teve as falas mediadas por Jaime Conrado, da colegiada nacional da C\u00e1ritas, e Jos\u00e9 Magalh\u00e3es, assessor de emerg\u00eancias, proporcionou aos participantes, cerca de 40 pessoas, compartilhar das experi\u00eancias vividas no \u00faltimo ano pelos agentes C\u00e1ritas Isabel Forte e Erivan Camelo no Haiti, onde contribu\u00edram com comunidades agr\u00edcolas de J\u00e9r\u00e9mie, ap\u00f3s o terremoto de 2010, por meio de a\u00e7\u00f5es de economia solid\u00e1ria.<\/p>\n<p style=\"text-align: justify;\">Popula\u00e7\u00e3o com economia de base agr\u00edcola, em J\u00e9r\u00e9mie, a maioria das fam\u00edlias, s\u00e3o mantidas pelo trabalho das mulheres, segundo Erivan Camelo. \u201cElas s\u00e3o o motor da economia daquele lugar. Apesar de pouca infra-estrutura que possibilite uma larga comercializa\u00e7\u00e3o, a produ\u00e7\u00e3o \u00e9 farta\u201d, explicou o agente C\u00e1ritas. Erivan contou, ainda, que, al\u00e9m da articula\u00e7\u00e3o camponesa, a economia solid\u00e1ria possibilitou \u00e0quelas pessoas, o trabalho com artesanato e pintura, por exemplo, como mais uma fonte de renda.<\/p>\n<p style=\"text-align: justify;\">Segundo o relato dos agentes, o desenvolvimento humanit\u00e1rio, base da economia solid\u00e1ria, de comunidades haitianas foi poss\u00edvel por meio de mutir\u00f5es de solidariedade m\u00fatua, atividades comunit\u00e1rias para gera\u00e7\u00e3o de trabalho e renda e fundos rotativos. S\u00e3o 86 grupos de solidariedade m\u00fatua, com 2.150 pessoas envolvidas, 80% mulheres.<\/p>\n<p style=\"text-align: justify;\">Isabel Forte chama aten\u00e7\u00e3o para a imagem que o mundo tem daquele povo e destaca que a realidade no Haiti vai muito al\u00e9m do que chega at\u00e9 n\u00f3s pela m\u00eddia. \u201cPrecisamos debru\u00e7ar nosso olhar sobre as pessoas que vivem naquele pa\u00eds. \u00c9 uma popula\u00e7\u00e3o de 10 milh\u00f5es de habitantes que tem muito o que mostrar\u201d, garante.<\/p>\n<p style=\"text-align: justify;\">\u00a0Por Doroty Amaral :: Assessora de Comunica\u00e7\u00e3o da C\u00e1ritas Brasileira<\/p>\n<ul class=\"ssb_list_wrapper\"><li class=\"fb2\" style=\"width:135px\"><iframe src=\"\/\/www.facebook.com\/plugins\/like.php?href=https%3A%2F%2Fwww.caritasne2.org.br%2Fsite%2Foficina-da-caritas-na-3a-conaes-destaca-experiencia-de-economia-solidaria-haiti%2F&amp;layout=button_count&amp;action=like&amp;show_faces=false&amp;share=true&amp;width=135&amp;height=21&amp;appId=307091639398582\" scrolling=\"no\" frameborder=\"0\" style=\"border:none; overflow:hidden;  width:150px; height:21px;\" allowTransparency=\"true\"><\/iframe><\/li><li class=\"twtr\" style=\"width:90px\"><a href=\"https:\/\/twitter.com\/share\" class=\"twitter-share-button\" data-url=\"https:\/\/www.caritasne2.org.br\/site\/oficina-da-caritas-na-3a-conaes-destaca-experiencia-de-economia-solidaria-haiti\/\">&nbsp;<\/a><script>!function(d,s,id){var js,fjs=d.getElementsByTagName(s)[0],p=\/^http:\/.test(d.location)?'http':'https';if(!d.getElementById(id)){js=d.createElement(s);js.id=id;js.src=p+':\/\/platform.twitter.com\/widgets.js';fjs.parentNode.insertBefore(js,fjs);}}(document, 'script', 'twitter-wjs');<\/script><\/li><li class=\"gplus\" style=\"width:68px\"><div class=\"g-plusone\" data-size=\"medium\" data-href=\"https:\/\/www.caritasne2.org.br\/site\/oficina-da-caritas-na-3a-conaes-destaca-experiencia-de-economia-solidaria-haiti\/\"><\/div><\/li><li class=\"ssb_linkedin\" style=\"width:64px\"><script src=\"\/\/platform.linkedin.com\/in.js\" type=\"text\/javascript\">lang: en_US<\/script><script type=\"IN\/Share\" data-url=\"https:\/\/www.caritasne2.org.br\/site\/oficina-da-caritas-na-3a-conaes-destaca-experiencia-de-economia-solidaria-haiti\/\" data-counter=\"right\"><\/script><\/li><\/ul>","protected":false},"excerpt":{"rendered":"<p>Guiada pelo tema da Campanha Mundial: Uma Fam\u00edlia humana, p\u00e3o e justi\u00e7a para todas as pessoas, a C\u00e1ritas Brasileira proporcionou uma oficina autogestion\u00e1ria no segundo dia da 3\u00aa Confer\u00eancia Nacional de Economia Solid\u00e1ria (CONAES), realizada de 27 a 30 de novembro no Centro de Conven\u00e7\u00f5es Ulisses Guimar\u00e3es, em Bras\u00edlia\/DF. A oficina, que teve as falas mediadas por Jaime Conrado, da colegiada nacional da C\u00e1ritas, e [&hellip;]<\/p>\n<ul class=\"ssb_list_wrapper\"><li class=\"fb2\" style=\"width:135px\"><iframe src=\"\/\/www.facebook.com\/plugins\/like.php?href=https%3A%2F%2Fwww.caritasne2.org.br%2Fsite%2Foficina-da-caritas-na-3a-conaes-destaca-experiencia-de-economia-solidaria-haiti%2F&amp;layout=button_count&amp;action=like&amp;show_faces=false&amp;share=true&amp;width=135&amp;height=21&amp;appId=307091639398582\" scrolling=\"no\" frameborder=\"0\" style=\"border:none; overflow:hidden;  width:150px; height:21px;\" allowTransparency=\"true\"><\/iframe><\/li><li class=\"twtr\" style=\"width:90px\"><a href=\"https:\/\/twitter.com\/share\" class=\"twitter-share-button\" data-url=\"https:\/\/www.caritasne2.org.br\/site\/oficina-da-caritas-na-3a-conaes-destaca-experiencia-de-economia-solidaria-haiti\/\">&nbsp;<\/a><script>!function(d,s,id){var js,fjs=d.getElementsByTagName(s)[0],p=\/^http:\/.test(d.location)?'http':'https';if(!d.getElementById(id)){js=d.createElement(s);js.id=id;js.src=p+':\/\/platform.twitter.com\/widgets.js';fjs.parentNode.insertBefore(js,fjs);}}(document, 'script', 'twitter-wjs');<\/script><\/li><li class=\"gplus\" style=\"width:68px\"><div class=\"g-plusone\" data-size=\"medium\" data-href=\"https:\/\/www.caritasne2.org.br\/site\/oficina-da-caritas-na-3a-conaes-destaca-experiencia-de-economia-solidaria-haiti\/\"><\/div><\/li><li class=\"ssb_linkedin\" style=\"width:64px\"><script src=\"\/\/platform.linkedin.com\/in.js\" type=\"text\/javascript\">lang: en_US<\/script><script type=\"IN\/Share\" data-url=\"https:\/\/www.caritasne2.org.br\/site\/oficina-da-caritas-na-3a-conaes-destaca-experiencia-de-economia-solidaria-haiti\/\" data-counter=\"right\"><\/script><\/li><\/ul>","protected":false},"author":4,"featured_media":2213,"comment_status":"open","ping_status":"open","sticky":false,"template":"","format":"standard","meta":[],"categories":[20,466],"tags":[67,245],"_links":{"self":[{"href":"https:\/\/www.caritasne2.org.br\/site\/wp-json\/wp\/v2\/posts\/2212"}],"collection":[{"href":"https:\/\/www.caritasne2.org.br\/site\/wp-json\/wp\/v2\/posts"}],"about":[{"href":"https:\/\/www.caritasne2.org.br\/site\/wp-json\/wp\/v2\/types\/post"}],"author":[{"embeddable":true,"href":"https:\/\/www.caritasne2.org.br\/site\/wp-json\/wp\/v2\/users\/4"}],"replies":[{"embeddable":true,"href":"https:\/\/www.caritasne2.org.br\/site\/wp-json\/wp\/v2\/comments?post=2212"}],"version-history":[{"count":0,"href":"https:\/\/www.caritasne2.org.br\/site\/wp-json\/wp\/v2\/posts\/2212\/revisions"}],"wp:featuredmedia":[{"embeddable":true,"href":"https:\/\/www.caritasne2.org.br\/site\/wp-json\/"}],"wp:attachment":[{"href":"https:\/\/www.caritasne2.org.br\/site\/wp-json\/wp\/v2\/media?parent=2212"}],"wp:term":[{"taxonomy":"category","embeddable":true,"href":"https:\/\/www.caritasne2.org.br\/site\/wp-json\/wp\/v2\/categories?post=2212"},{"taxonomy":"post_tag","embeddable":true,"href":"https:\/\/www.caritasne2.org.br\/site\/wp-json\/wp\/v2\/tags?post=2212"}],"curies":[{"name":"wp","href":"https:\/\/api.w.org\/{rel}","templated":true}]}}