{"id":2209,"date":"2014-12-03T16:47:03","date_gmt":"2014-12-03T18:47:03","guid":{"rendered":"http:\/\/ne2.caritas.org.br.s174889.gridserver.com\/?p=2209"},"modified":"2017-07-11T15:21:00","modified_gmt":"2017-07-11T18:21:00","slug":"diretoria-coordenacoes-colegiadas-bispos-referenciais-da-caritas-brasileira-reunem-se-em-brasilia","status":"publish","type":"post","link":"https:\/\/www.caritasne2.org.br\/site\/diretoria-coordenacoes-colegiadas-bispos-referenciais-da-caritas-brasileira-reunem-se-em-brasilia\/","title":{"rendered":"Diretoria, coordena\u00e7\u00f5es colegiadas e bispos referenciais da C\u00e1ritas Brasileira re\u00fanem-se em Bras\u00edlia"},"content":{"rendered":"<p style=\"text-align: justify;\">O m\u00eas de dezembro na C\u00e1ritas Brasileira teve in\u00edcio com a presen\u00e7a de bispos referenciais e Conselho Nacional reunidos no secretariado Nacional, em Bras\u00edlia\/DF, nos dias 1\u00b0, 02 e 03.<\/p>\n<p style=\"text-align: justify;\">Durante o primeiro dia de atividades, membros de colegiadas regionais e nacional e bispos referenciais da C\u00e1ritas, de v\u00e1rias partes do pa\u00eds, realizaram trabalhos em grupo, plen\u00e1ria, apresenta\u00e7\u00e3o da Campanha Mundial e uma celebra\u00e7\u00e3o eucar\u00edstica, encerrando com di\u00e1logo conjuntural.<\/p>\n<p style=\"text-align: justify;\">Uma reuni\u00e3o da diretoria com coordena\u00e7\u00f5es colegiadas e bispos referenciais, durante a manh\u00e3, abriu o dia de atividades. Uma celebra\u00e7\u00e3o eucar\u00edstica foi comandada por Dom Fl\u00e1vio Giovenale, presidente da C\u00e1ritas Brasileira, ao final da tarde da segunda-feira, dia 1\u00b0, na capela do Instituto B\u00edblico de Bras\u00edlia. \u00c0 noite, os participantes do dia de trabalhos fizeram uma an\u00e1lise coletiva da conjuntura nacional p\u00f3s-elei\u00e7\u00f5es. O momento foi assessorado por Luiz Cl\u00e1udio Mandela, da colegiada nacional da C\u00e1ritas, Ricarte Almeida, secret\u00e1rio regional da C\u00e1ritas Maranh\u00e3o e Daniel Saidel, membro da Comiss\u00e3o Brasileira de Justi\u00e7a e F\u00e9 da CNBB.<\/p>\n<p style=\"text-align: justify;\">Responsabilidade da m\u00eddia, financiamento de campanhas, processo eleitoral, manifesta\u00e7\u00f5es de \u00f3dio, corrup\u00e7\u00e3o e divis\u00e3o de classes hist\u00f3rica no pa\u00eds foram algumas das abordagens do debate.<\/p>\n<p style=\"text-align: justify;\">Na ter\u00e7a-feira (02), o dia come\u00e7ou com uma reflex\u00e3o do depoimento do Papa Francisco, que aconteceu no encontro com representantes das C\u00e1ritas do mundo, onde ele diz que \u201ca C\u00e1ritas \u00e9 a car\u00edcia da Igreja a seu povo, a car\u00edcia da m\u00e3e Igreja a seus filhos, a ternura, a proximidade, a busca da verdade.\u201d Ao longo do dia a programa\u00e7\u00e3o foi marcada por discuss\u00f5es e trabalhos em grupo, com a mem\u00f3ria das a\u00e7\u00f5es do segundo semestre e levantamento de prioridades para 2015.<\/p>\n<p style=\"text-align: justify;\">Para encerrar os tr\u00eas dias de trabalho coletivo, na quarta-feira (03), houve apresenta\u00e7\u00e3o dos inter-regionais, apresenta\u00e7\u00e3o de indicativos para o pr\u00f3ximo ano, al\u00e9m da defini\u00e7\u00e3o de conte\u00fado e metodologia da pr\u00f3xima Assembleia Nacional.<\/p>\n<p style=\"text-align: justify;\">Por Doroty Amaral :: Assessora de Comunica\u00e7\u00e3o da C\u00e1ritas Brasileira<\/p>\n<ul class=\"ssb_list_wrapper\"><li class=\"fb2\" style=\"width:135px\"><iframe src=\"\/\/www.facebook.com\/plugins\/like.php?href=https%3A%2F%2Fwww.caritasne2.org.br%2Fsite%2Fdiretoria-coordenacoes-colegiadas-bispos-referenciais-da-caritas-brasileira-reunem-se-em-brasilia%2F&amp;layout=button_count&amp;action=like&amp;show_faces=false&amp;share=true&amp;width=135&amp;height=21&amp;appId=307091639398582\" scrolling=\"no\" frameborder=\"0\" style=\"border:none; overflow:hidden;  width:150px; height:21px;\" allowTransparency=\"true\"><\/iframe><\/li><li class=\"twtr\" style=\"width:90px\"><a href=\"https:\/\/twitter.com\/share\" class=\"twitter-share-button\" data-url=\"https:\/\/www.caritasne2.org.br\/site\/diretoria-coordenacoes-colegiadas-bispos-referenciais-da-caritas-brasileira-reunem-se-em-brasilia\/\">&nbsp;<\/a><script>!function(d,s,id){var js,fjs=d.getElementsByTagName(s)[0],p=\/^http:\/.test(d.location)?'http':'https';if(!d.getElementById(id)){js=d.createElement(s);js.id=id;js.src=p+':\/\/platform.twitter.com\/widgets.js';fjs.parentNode.insertBefore(js,fjs);}}(document, 'script', 'twitter-wjs');<\/script><\/li><li class=\"gplus\" style=\"width:68px\"><div class=\"g-plusone\" data-size=\"medium\" data-href=\"https:\/\/www.caritasne2.org.br\/site\/diretoria-coordenacoes-colegiadas-bispos-referenciais-da-caritas-brasileira-reunem-se-em-brasilia\/\"><\/div><\/li><li class=\"ssb_linkedin\" style=\"width:64px\"><script src=\"\/\/platform.linkedin.com\/in.js\" type=\"text\/javascript\">lang: en_US<\/script><script type=\"IN\/Share\" data-url=\"https:\/\/www.caritasne2.org.br\/site\/diretoria-coordenacoes-colegiadas-bispos-referenciais-da-caritas-brasileira-reunem-se-em-brasilia\/\" data-counter=\"right\"><\/script><\/li><\/ul>","protected":false},"excerpt":{"rendered":"<p>O m\u00eas de dezembro na C\u00e1ritas Brasileira teve in\u00edcio com a presen\u00e7a de bispos referenciais e Conselho Nacional reunidos no secretariado Nacional, em Bras\u00edlia\/DF, nos dias 1\u00b0, 02 e 03. Durante o primeiro dia de atividades, membros de colegiadas regionais e nacional e bispos referenciais da C\u00e1ritas, de v\u00e1rias partes do pa\u00eds, realizaram trabalhos em grupo, plen\u00e1ria, apresenta\u00e7\u00e3o da Campanha Mundial e uma celebra\u00e7\u00e3o eucar\u00edstica, [&hellip;]<\/p>\n<ul class=\"ssb_list_wrapper\"><li class=\"fb2\" style=\"width:135px\"><iframe src=\"\/\/www.facebook.com\/plugins\/like.php?href=https%3A%2F%2Fwww.caritasne2.org.br%2Fsite%2Fdiretoria-coordenacoes-colegiadas-bispos-referenciais-da-caritas-brasileira-reunem-se-em-brasilia%2F&amp;layout=button_count&amp;action=like&amp;show_faces=false&amp;share=true&amp;width=135&amp;height=21&amp;appId=307091639398582\" scrolling=\"no\" frameborder=\"0\" style=\"border:none; overflow:hidden;  width:150px; height:21px;\" allowTransparency=\"true\"><\/iframe><\/li><li class=\"twtr\" style=\"width:90px\"><a href=\"https:\/\/twitter.com\/share\" class=\"twitter-share-button\" data-url=\"https:\/\/www.caritasne2.org.br\/site\/diretoria-coordenacoes-colegiadas-bispos-referenciais-da-caritas-brasileira-reunem-se-em-brasilia\/\">&nbsp;<\/a><script>!function(d,s,id){var js,fjs=d.getElementsByTagName(s)[0],p=\/^http:\/.test(d.location)?'http':'https';if(!d.getElementById(id)){js=d.createElement(s);js.id=id;js.src=p+':\/\/platform.twitter.com\/widgets.js';fjs.parentNode.insertBefore(js,fjs);}}(document, 'script', 'twitter-wjs');<\/script><\/li><li class=\"gplus\" style=\"width:68px\"><div class=\"g-plusone\" data-size=\"medium\" data-href=\"https:\/\/www.caritasne2.org.br\/site\/diretoria-coordenacoes-colegiadas-bispos-referenciais-da-caritas-brasileira-reunem-se-em-brasilia\/\"><\/div><\/li><li class=\"ssb_linkedin\" style=\"width:64px\"><script src=\"\/\/platform.linkedin.com\/in.js\" type=\"text\/javascript\">lang: en_US<\/script><script type=\"IN\/Share\" data-url=\"https:\/\/www.caritasne2.org.br\/site\/diretoria-coordenacoes-colegiadas-bispos-referenciais-da-caritas-brasileira-reunem-se-em-brasilia\/\" data-counter=\"right\"><\/script><\/li><\/ul>","protected":false},"author":4,"featured_media":2210,"comment_status":"open","ping_status":"open","sticky":false,"template":"","format":"standard","meta":[],"categories":[20,466],"tags":[67],"_links":{"self":[{"href":"https:\/\/www.caritasne2.org.br\/site\/wp-json\/wp\/v2\/posts\/2209"}],"collection":[{"href":"https:\/\/www.caritasne2.org.br\/site\/wp-json\/wp\/v2\/posts"}],"about":[{"href":"https:\/\/www.caritasne2.org.br\/site\/wp-json\/wp\/v2\/types\/post"}],"author":[{"embeddable":true,"href":"https:\/\/www.caritasne2.org.br\/site\/wp-json\/wp\/v2\/users\/4"}],"replies":[{"embeddable":true,"href":"https:\/\/www.caritasne2.org.br\/site\/wp-json\/wp\/v2\/comments?post=2209"}],"version-history":[{"count":0,"href":"https:\/\/www.caritasne2.org.br\/site\/wp-json\/wp\/v2\/posts\/2209\/revisions"}],"wp:featuredmedia":[{"embeddable":true,"href":"https:\/\/www.caritasne2.org.br\/site\/wp-json\/"}],"wp:attachment":[{"href":"https:\/\/www.caritasne2.org.br\/site\/wp-json\/wp\/v2\/media?parent=2209"}],"wp:term":[{"taxonomy":"category","embeddable":true,"href":"https:\/\/www.caritasne2.org.br\/site\/wp-json\/wp\/v2\/categories?post=2209"},{"taxonomy":"post_tag","embeddable":true,"href":"https:\/\/www.caritasne2.org.br\/site\/wp-json\/wp\/v2\/tags?post=2209"}],"curies":[{"name":"wp","href":"https:\/\/api.w.org\/{rel}","templated":true}]}}