{"id":2197,"date":"2014-11-18T16:42:41","date_gmt":"2014-11-18T19:42:41","guid":{"rendered":"http:\/\/ne2.caritas.org.br.s174889.gridserver.com\/?p=2197"},"modified":"2017-07-11T15:21:00","modified_gmt":"2017-07-11T18:21:00","slug":"leia-carta-da-jornada-povos-de-pernambuco-diversidade-territorio-soberania-alimentar","status":"publish","type":"post","link":"https:\/\/www.caritasne2.org.br\/site\/leia-carta-da-jornada-povos-de-pernambuco-diversidade-territorio-soberania-alimentar\/","title":{"rendered":"Leia Carta da Jornada Povos de Pernambuco: diversidade, territ\u00f3rio e soberania alimentar"},"content":{"rendered":"<div id=\"rt-content-top\">\n<div style=\"text-align: justify;\">Com o tema \u201cPovos de Pernambuco \u2013 Diversidade, Territ\u00f3rio e Soberania Alimentar\u201d, a Jornada do Ano Internacional da Agricultura Familiar, Camponesa e Ind\u00edgena de Pernambuco reuniu na Universidade Federal Rural de Pernambuco, em Recife\/PE, nos dias 15 e 16 de outubro de 2014, aproximadamente 200 agricultores e agricultoras familiares e camponeses e camponesas, povos de terreiro, estudantes, professores e professoras, t\u00e9cnicos e t\u00e9cnicas, representantes, assessores e assessoras dos movimentos sociais e gestores p\u00fablicos, vindos de v\u00e1rias regi\u00f5es de Pernambuco. Com a Jornada criamos um espa\u00e7o de socializa\u00e7\u00e3o, troca de conhecimentos, integra\u00e7\u00e3o e articula\u00e7\u00e3o entre o saber t\u00e9cnico-cient\u00edfico e os saberes populares. Leia a carta pol\u00edtica completa do evento clicando abaixo!<\/div>\n<\/div>\n<p><a title=\"Carta da Jornada Povos de Pernambuco\" href=\"http:\/\/ne2.caritas.org.br.s174889.gridserver.com\/wp-content\/uploads\/2014\/12\/Carta-da-Jornada-do-AIAFCI-2014-Povos-de-Pernambuco1.pdf\">Carta da Jornada Povos de Pernambuco<\/a><\/p>\n<p>&nbsp;<\/p>\n<ul class=\"ssb_list_wrapper\"><li class=\"fb2\" style=\"width:135px\"><iframe src=\"\/\/www.facebook.com\/plugins\/like.php?href=https%3A%2F%2Fwww.caritasne2.org.br%2Fsite%2Fleia-carta-da-jornada-povos-de-pernambuco-diversidade-territorio-soberania-alimentar%2F&amp;layout=button_count&amp;action=like&amp;show_faces=false&amp;share=true&amp;width=135&amp;height=21&amp;appId=307091639398582\" scrolling=\"no\" frameborder=\"0\" style=\"border:none; overflow:hidden;  width:150px; height:21px;\" allowTransparency=\"true\"><\/iframe><\/li><li class=\"twtr\" style=\"width:90px\"><a href=\"https:\/\/twitter.com\/share\" class=\"twitter-share-button\" data-url=\"https:\/\/www.caritasne2.org.br\/site\/leia-carta-da-jornada-povos-de-pernambuco-diversidade-territorio-soberania-alimentar\/\">&nbsp;<\/a><script>!function(d,s,id){var js,fjs=d.getElementsByTagName(s)[0],p=\/^http:\/.test(d.location)?'http':'https';if(!d.getElementById(id)){js=d.createElement(s);js.id=id;js.src=p+':\/\/platform.twitter.com\/widgets.js';fjs.parentNode.insertBefore(js,fjs);}}(document, 'script', 'twitter-wjs');<\/script><\/li><li class=\"gplus\" style=\"width:68px\"><div class=\"g-plusone\" data-size=\"medium\" data-href=\"https:\/\/www.caritasne2.org.br\/site\/leia-carta-da-jornada-povos-de-pernambuco-diversidade-territorio-soberania-alimentar\/\"><\/div><\/li><li class=\"ssb_linkedin\" style=\"width:64px\"><script src=\"\/\/platform.linkedin.com\/in.js\" type=\"text\/javascript\">lang: en_US<\/script><script type=\"IN\/Share\" data-url=\"https:\/\/www.caritasne2.org.br\/site\/leia-carta-da-jornada-povos-de-pernambuco-diversidade-territorio-soberania-alimentar\/\" data-counter=\"right\"><\/script><\/li><\/ul>","protected":false},"excerpt":{"rendered":"<p>Com o tema \u201cPovos de Pernambuco \u2013 Diversidade, Territ\u00f3rio e Soberania Alimentar\u201d, a Jornada do Ano Internacional da Agricultura Familiar, Camponesa e Ind\u00edgena de Pernambuco reuniu na Universidade Federal Rural de Pernambuco, em Recife\/PE, nos dias 15 e 16 de outubro de 2014, aproximadamente 200 agricultores e agricultoras familiares e camponeses e camponesas, povos de terreiro, estudantes, professores e professoras, t\u00e9cnicos e t\u00e9cnicas, representantes, assessores [&hellip;]<\/p>\n<ul class=\"ssb_list_wrapper\"><li class=\"fb2\" style=\"width:135px\"><iframe src=\"\/\/www.facebook.com\/plugins\/like.php?href=https%3A%2F%2Fwww.caritasne2.org.br%2Fsite%2Fleia-carta-da-jornada-povos-de-pernambuco-diversidade-territorio-soberania-alimentar%2F&amp;layout=button_count&amp;action=like&amp;show_faces=false&amp;share=true&amp;width=135&amp;height=21&amp;appId=307091639398582\" scrolling=\"no\" frameborder=\"0\" style=\"border:none; overflow:hidden;  width:150px; height:21px;\" allowTransparency=\"true\"><\/iframe><\/li><li class=\"twtr\" style=\"width:90px\"><a href=\"https:\/\/twitter.com\/share\" class=\"twitter-share-button\" data-url=\"https:\/\/www.caritasne2.org.br\/site\/leia-carta-da-jornada-povos-de-pernambuco-diversidade-territorio-soberania-alimentar\/\">&nbsp;<\/a><script>!function(d,s,id){var js,fjs=d.getElementsByTagName(s)[0],p=\/^http:\/.test(d.location)?'http':'https';if(!d.getElementById(id)){js=d.createElement(s);js.id=id;js.src=p+':\/\/platform.twitter.com\/widgets.js';fjs.parentNode.insertBefore(js,fjs);}}(document, 'script', 'twitter-wjs');<\/script><\/li><li class=\"gplus\" style=\"width:68px\"><div class=\"g-plusone\" data-size=\"medium\" data-href=\"https:\/\/www.caritasne2.org.br\/site\/leia-carta-da-jornada-povos-de-pernambuco-diversidade-territorio-soberania-alimentar\/\"><\/div><\/li><li class=\"ssb_linkedin\" style=\"width:64px\"><script src=\"\/\/platform.linkedin.com\/in.js\" type=\"text\/javascript\">lang: en_US<\/script><script type=\"IN\/Share\" data-url=\"https:\/\/www.caritasne2.org.br\/site\/leia-carta-da-jornada-povos-de-pernambuco-diversidade-territorio-soberania-alimentar\/\" data-counter=\"right\"><\/script><\/li><\/ul>","protected":false},"author":4,"featured_media":2198,"comment_status":"open","ping_status":"open","sticky":false,"template":"","format":"standard","meta":[],"categories":[20],"tags":[483,67,484],"_links":{"self":[{"href":"https:\/\/www.caritasne2.org.br\/site\/wp-json\/wp\/v2\/posts\/2197"}],"collection":[{"href":"https:\/\/www.caritasne2.org.br\/site\/wp-json\/wp\/v2\/posts"}],"about":[{"href":"https:\/\/www.caritasne2.org.br\/site\/wp-json\/wp\/v2\/types\/post"}],"author":[{"embeddable":true,"href":"https:\/\/www.caritasne2.org.br\/site\/wp-json\/wp\/v2\/users\/4"}],"replies":[{"embeddable":true,"href":"https:\/\/www.caritasne2.org.br\/site\/wp-json\/wp\/v2\/comments?post=2197"}],"version-history":[{"count":0,"href":"https:\/\/www.caritasne2.org.br\/site\/wp-json\/wp\/v2\/posts\/2197\/revisions"}],"wp:featuredmedia":[{"embeddable":true,"href":"https:\/\/www.caritasne2.org.br\/site\/wp-json\/"}],"wp:attachment":[{"href":"https:\/\/www.caritasne2.org.br\/site\/wp-json\/wp\/v2\/media?parent=2197"}],"wp:term":[{"taxonomy":"category","embeddable":true,"href":"https:\/\/www.caritasne2.org.br\/site\/wp-json\/wp\/v2\/categories?post=2197"},{"taxonomy":"post_tag","embeddable":true,"href":"https:\/\/www.caritasne2.org.br\/site\/wp-json\/wp\/v2\/tags?post=2197"}],"curies":[{"name":"wp","href":"https:\/\/api.w.org\/{rel}","templated":true}]}}