{"id":2193,"date":"2014-12-02T11:52:06","date_gmt":"2014-12-02T13:52:06","guid":{"rendered":"http:\/\/ne2.caritas.org.br.s174889.gridserver.com\/?p=2193"},"modified":"2017-07-11T15:21:00","modified_gmt":"2017-07-11T18:21:00","slug":"escola-fe-politica-encerra-5o-modulo-formativo-na-paraiba","status":"publish","type":"post","link":"https:\/\/www.caritasne2.org.br\/site\/escola-fe-politica-encerra-5o-modulo-formativo-na-paraiba\/","title":{"rendered":"Escola F\u00e9 e Pol\u00edtica encerra 5\u00ba m\u00f3dulo formativo na Para\u00edba"},"content":{"rendered":"<p style=\"text-align: justify;\">Com o tema \u201cDesenvolvimento no Nordeste, Reforma Agr\u00e1ria, Agroecologia e Economia Solid\u00e1ria\u201d, o 5\u00aa m\u00f3dulo de forma\u00e7\u00e3o da Escola Regional F\u00e9 e Pol\u00edtica Pe. Humberto Plummen reuniu cerca de 45 pessoas representantes dos quatros estados do Regional Nordeste 2 (AL, PE, PB e RN). A atividade aconteceu nos dias 14, 15 e 16 de novembro, na Casa Maria Pia, em Cabedelo (PB).<\/p>\n<p style=\"text-align: justify;\">De acordo com os organizadores, esta foi a \u00faltima atividade realizada, este ano, pela escola regional, que completou 10 anos de exist\u00eancia \u00e0 servi\u00e7o da transforma\u00e7\u00e3o social e com a for\u00e7a viva do Evangelho de Cristo Jesus.<\/p>\n<p style=\"text-align: justify;\">Com entusiasmo e muita anima\u00e7\u00e3o os participantes estudaram o tema proposto, e contaram com a assessoria de Pl\u00e1cido Junior, da Comiss\u00e3o Pastoral da Terra (CPT). Na ocasi\u00e3o, o debate foi norteado pela carta do papa Francisco direcionada aos movimentos sociais, apontando com clareza e firmeza o discurso do Pont\u00edfice diante das mazelas da sociedade em seu estilo de desenvolvimento excludente.<\/p>\n<p style=\"text-align: justify;\">A \u00faltima etapa da Escola Regional F\u00e9 e Pol\u00edtica acontecer\u00e1 em fevereiro de 2015, onde os alunos e alunas concluir\u00e3o o sexto m\u00f3dulo desse processo formativo. A expectativa \u00e9 que com a conclus\u00e3o, todos e todas estejam aptos para atuarem de forma qualificada nas diversas pastorais e servi\u00e7os que o Nordeste 2 oferece \u00e0 sociedade.<\/p>\n<p>Por Marcos Bezerra | agente C\u00e1ritas NE2 e coordenador do Setor Pastoral Social da CNBB NE2<\/p>\n<p>&nbsp;<\/p>\n<ul class=\"ssb_list_wrapper\"><li class=\"fb2\" style=\"width:135px\"><iframe src=\"\/\/www.facebook.com\/plugins\/like.php?href=https%3A%2F%2Fwww.caritasne2.org.br%2Fsite%2Fescola-fe-politica-encerra-5o-modulo-formativo-na-paraiba%2F&amp;layout=button_count&amp;action=like&amp;show_faces=false&amp;share=true&amp;width=135&amp;height=21&amp;appId=307091639398582\" scrolling=\"no\" frameborder=\"0\" style=\"border:none; overflow:hidden;  width:150px; height:21px;\" allowTransparency=\"true\"><\/iframe><\/li><li class=\"twtr\" style=\"width:90px\"><a href=\"https:\/\/twitter.com\/share\" class=\"twitter-share-button\" data-url=\"https:\/\/www.caritasne2.org.br\/site\/escola-fe-politica-encerra-5o-modulo-formativo-na-paraiba\/\">&nbsp;<\/a><script>!function(d,s,id){var js,fjs=d.getElementsByTagName(s)[0],p=\/^http:\/.test(d.location)?'http':'https';if(!d.getElementById(id)){js=d.createElement(s);js.id=id;js.src=p+':\/\/platform.twitter.com\/widgets.js';fjs.parentNode.insertBefore(js,fjs);}}(document, 'script', 'twitter-wjs');<\/script><\/li><li class=\"gplus\" style=\"width:68px\"><div class=\"g-plusone\" data-size=\"medium\" data-href=\"https:\/\/www.caritasne2.org.br\/site\/escola-fe-politica-encerra-5o-modulo-formativo-na-paraiba\/\"><\/div><\/li><li class=\"ssb_linkedin\" style=\"width:64px\"><script src=\"\/\/platform.linkedin.com\/in.js\" type=\"text\/javascript\">lang: en_US<\/script><script type=\"IN\/Share\" data-url=\"https:\/\/www.caritasne2.org.br\/site\/escola-fe-politica-encerra-5o-modulo-formativo-na-paraiba\/\" data-counter=\"right\"><\/script><\/li><\/ul>","protected":false},"excerpt":{"rendered":"<p>Com o tema \u201cDesenvolvimento no Nordeste, Reforma Agr\u00e1ria, Agroecologia e Economia Solid\u00e1ria\u201d, o 5\u00aa m\u00f3dulo de forma\u00e7\u00e3o da Escola Regional F\u00e9 e Pol\u00edtica Pe. Humberto Plummen reuniu cerca de 45 pessoas representantes dos quatros estados do Regional Nordeste 2 (AL, PE, PB e RN). A atividade aconteceu nos dias 14, 15 e 16 de novembro, na Casa Maria Pia, em Cabedelo (PB). De acordo com [&hellip;]<\/p>\n<ul class=\"ssb_list_wrapper\"><li class=\"fb2\" style=\"width:135px\"><iframe src=\"\/\/www.facebook.com\/plugins\/like.php?href=https%3A%2F%2Fwww.caritasne2.org.br%2Fsite%2Fescola-fe-politica-encerra-5o-modulo-formativo-na-paraiba%2F&amp;layout=button_count&amp;action=like&amp;show_faces=false&amp;share=true&amp;width=135&amp;height=21&amp;appId=307091639398582\" scrolling=\"no\" frameborder=\"0\" style=\"border:none; overflow:hidden;  width:150px; height:21px;\" allowTransparency=\"true\"><\/iframe><\/li><li class=\"twtr\" style=\"width:90px\"><a href=\"https:\/\/twitter.com\/share\" class=\"twitter-share-button\" data-url=\"https:\/\/www.caritasne2.org.br\/site\/escola-fe-politica-encerra-5o-modulo-formativo-na-paraiba\/\">&nbsp;<\/a><script>!function(d,s,id){var js,fjs=d.getElementsByTagName(s)[0],p=\/^http:\/.test(d.location)?'http':'https';if(!d.getElementById(id)){js=d.createElement(s);js.id=id;js.src=p+':\/\/platform.twitter.com\/widgets.js';fjs.parentNode.insertBefore(js,fjs);}}(document, 'script', 'twitter-wjs');<\/script><\/li><li class=\"gplus\" style=\"width:68px\"><div class=\"g-plusone\" data-size=\"medium\" data-href=\"https:\/\/www.caritasne2.org.br\/site\/escola-fe-politica-encerra-5o-modulo-formativo-na-paraiba\/\"><\/div><\/li><li class=\"ssb_linkedin\" style=\"width:64px\"><script src=\"\/\/platform.linkedin.com\/in.js\" type=\"text\/javascript\">lang: en_US<\/script><script type=\"IN\/Share\" data-url=\"https:\/\/www.caritasne2.org.br\/site\/escola-fe-politica-encerra-5o-modulo-formativo-na-paraiba\/\" data-counter=\"right\"><\/script><\/li><\/ul>","protected":false},"author":4,"featured_media":2202,"comment_status":"open","ping_status":"open","sticky":false,"template":"","format":"standard","meta":[],"categories":[482,20],"tags":[67,385],"_links":{"self":[{"href":"https:\/\/www.caritasne2.org.br\/site\/wp-json\/wp\/v2\/posts\/2193"}],"collection":[{"href":"https:\/\/www.caritasne2.org.br\/site\/wp-json\/wp\/v2\/posts"}],"about":[{"href":"https:\/\/www.caritasne2.org.br\/site\/wp-json\/wp\/v2\/types\/post"}],"author":[{"embeddable":true,"href":"https:\/\/www.caritasne2.org.br\/site\/wp-json\/wp\/v2\/users\/4"}],"replies":[{"embeddable":true,"href":"https:\/\/www.caritasne2.org.br\/site\/wp-json\/wp\/v2\/comments?post=2193"}],"version-history":[{"count":0,"href":"https:\/\/www.caritasne2.org.br\/site\/wp-json\/wp\/v2\/posts\/2193\/revisions"}],"wp:featuredmedia":[{"embeddable":true,"href":"https:\/\/www.caritasne2.org.br\/site\/wp-json\/"}],"wp:attachment":[{"href":"https:\/\/www.caritasne2.org.br\/site\/wp-json\/wp\/v2\/media?parent=2193"}],"wp:term":[{"taxonomy":"category","embeddable":true,"href":"https:\/\/www.caritasne2.org.br\/site\/wp-json\/wp\/v2\/categories?post=2193"},{"taxonomy":"post_tag","embeddable":true,"href":"https:\/\/www.caritasne2.org.br\/site\/wp-json\/wp\/v2\/tags?post=2193"}],"curies":[{"name":"wp","href":"https:\/\/api.w.org\/{rel}","templated":true}]}}