{"id":2185,"date":"2014-11-19T14:42:36","date_gmt":"2014-11-19T16:42:36","guid":{"rendered":"http:\/\/ne2.caritas.org.br.s174889.gridserver.com\/?p=2185"},"modified":"2017-07-11T15:21:00","modified_gmt":"2017-07-11T18:21:00","slug":"regional-nordeste-2-celebra-20-anos-lancando-campanha-mundial","status":"publish","type":"post","link":"https:\/\/www.caritasne2.org.br\/site\/regional-nordeste-2-celebra-20-anos-lancando-campanha-mundial\/","title":{"rendered":"Regional Nordeste 2 celebra 20 anos lan\u00e7ando Campanha Mundial"},"content":{"rendered":"<p style=\"text-align: justify;\">Este ano, o Regional NE2 completou 20 anos, e como tema &#8220;20 Anos de Solidariedade Transformando Vidas&#8221;, celebrou nos dias 14 e 15 de novembro, em Recife este momento hist\u00f3rico e festivo.<\/p>\n<p style=\"text-align: justify;\">O Regional Nordeste 2, \u00e9 composto pelo estados do Rio Grande do Norte, Para\u00edba, Pernambuco e Alagoas e possui 16 Entidades Membro.<\/p>\n<p style=\"text-align: justify;\">As atividades come\u00e7aram na sexta-feira (14) com a chegada das Entidades Membros, e uma recep\u00e7\u00e3o de boas-vidas. Como abertura das Comemora\u00e7\u00f5es dos 20 anos, um espa\u00e7o para exposi\u00e7\u00e3o fotogr\u00e1fica e comercializa\u00e7\u00e3o dos produtos da Economia Popular Solid\u00e1ria foi montada para receber os participantes, em seguida uma m\u00edstica em mem\u00f3ria dos que contribu\u00edram com a hist\u00f3ria dos 20 anos, emocionou a todos por lembrar de nomes importantes que passaram pelo Regional NE2.<\/p>\n<p style=\"text-align: justify;\">Para iniciar as comemora\u00e7\u00f5es uma mesa de abertura foi composta pela diretora executiva nacional da C\u00e1ritas Brasileira, Maria Cristina dos Anjos, Bispo em\u00e9rito da Diocese de Palmares, Dom Genival Saraiva, \u00c2ngelo Zanr\u00e9, Secret\u00e1rio da C\u00e1ritas NE2, Kilza Maria, representante do Conselho das Entidades Membros, Dom Eraldo, Bispo referencial da C\u00e1ritas NE2, do munic\u00edpio de Patos e o Secret\u00e1rio da Agricultura e Reforma Agr\u00e1ria do estado de Pernambuco, Aldo Santos.<\/p>\n<p style=\"text-align: justify;\">\u00a0&#8220;Ser C\u00e1ritas \u00e9 ser um amor em movimento, \u00e9 ir ao encontro do outro, \u00e9 nos doar. A C\u00e1ritas Brasileira Regional Nordeste 2 cumpriu isso. Que voc\u00eas continuem construindo essa hist\u00f3ria bonita e que, portanto, possamos celebrar muitas vezes esse anivers\u00e1rio.&#8221; declarou Maria Cristina , diretora executiva nacional da C\u00e1ritas.<\/p>\n<p style=\"text-align: justify;\">\u00a0Como ponto alto da noite o lan\u00e7amento da Campanha Mundial,P\u00e3o e Justi\u00e7a para todas as pessoas,feito por Marcelo Lemos, assessor nacional<a href=\"http:\/\/ne2.caritas.org.br.s174889.gridserver.com\/2014\/11\/19\/regional-nordeste-2-celebra-20-anos-lancando-campanha-mundial\/imagem-lancamento-da-campanha-2-copia\/\" rel=\"attachment wp-att-2188\"><img decoding=\"async\" loading=\"lazy\" class=\"alignright size-medium wp-image-2188\" title=\"Imagem lan\u00e7amento da campanha 2 - Copia\" src=\"http:\/\/ne2.caritas.org.br.s174889.gridserver.com\/wp-content\/uploads\/2014\/11\/Imagem-lan\u00e7amento-da-campanha-2-Copia-300x200.jpg\" alt=\"\" width=\"300\" height=\"200\" \/><\/a> de forma\u00e7\u00e3o, e respons\u00e1vel pelo acompanhamento da Campanha Mundial apresentou que em 20 anos de solidariedade a C\u00e1ritas vem transformando muitas vidas.<\/p>\n<p style=\"text-align: justify;\">\u00a0&#8221; A mudan\u00e7a come\u00e7a em n\u00f3s. E esta hist\u00f3ria foi escrita por v\u00e1rias m\u00e3os. E a C\u00e1ritas tem ajudado e muito para que outros tamb\u00e9m percebam esta mudan\u00e7a em suas vidas.&#8221;, afirmou Marcelo.<\/p>\n<p style=\"text-align: justify;\">\u00a0Como ponto alto do primeiro dia a mesa de di\u00e1logos mediada pela secret\u00e1ria Executiva da C\u00e1ritas Diocesana de Pesqueira,Neilda Pereira, trouxe como convidadas a economista e soci\u00f3loga prof.\u00aa T\u00e2nia Bacellar,e Membro do Conselho Nacional e Estadual de Seguran\u00e7a Alimentar e Nutricional (Consea),prof.\u00aa S\u00f4nia Lucena, que debateram a fome e inseguran\u00e7a alimentar para uma alimenta\u00e7\u00e3o adequada e saud\u00e1vel com enfoque no nordeste.<\/p>\n<p style=\"text-align: justify;\">Um coquetel encerrou o primeiro dia de comemora\u00e7\u00e3o dos 20 anos.<\/p>\n<p style=\"text-align: justify;\">Para o segundo dia uma celebra\u00e7\u00e3o eucar\u00edstica ministrada por Dom Eraldo, Bispo referencial da C\u00e1ritas NE2,iniciou a programa\u00e7\u00e3o fazendo reflex\u00e3o sobre a perseveran\u00e7a na ora\u00e7\u00e3o, e nos objetivos ao longo da vida. Dando continuidade com a programa\u00e7\u00e3o uma mesa de experi\u00eancias apresentada pelas entidades membros, abordou diversos temas como Gest\u00e3o de riscos e emerg\u00eancias; Catadores de materiais recicl\u00e1veis; Inf\u00e2ncia, adolesc\u00eancia e juventude; Conviv\u00eancia Com o Semi\u00e1rido;Seguran\u00e7a Alimentar e Nutricional e Economia Popular Solid\u00e1ria.<\/p>\n<p style=\"text-align: justify;\">Entre as experi\u00eancias apresentadas, a C\u00e1ritas Diocesana de Pesqueira trouxe um pouco das experi\u00eancias realizadas em Conviv\u00eancia com Semi\u00e1rido. J\u00e1 o Regional NE2, lan\u00e7ou o v\u00eddeo &#8220;Promovendo a Autonomia Alimentar das Fam\u00edlias Acampadas e Pr\u00e9-assentadas&#8221;, que retrata a experi\u00eancia do Projeto Seguran\u00e7a Alimentar, Nutricional e Produtiva (PSAN-PE); Os agentes C\u00e1ritas do Rio Grande do Norte apresentaram experi\u00eancias nas \u00e1reas da juventude, bem com o trabalho que vem sendo desenvolvido para articular grupos de catadores e catadoras de materiais recicl\u00e1veis, e implementar a quest\u00e3o da coleta seletiva na regi\u00e3o.<\/p>\n<p style=\"text-align: justify;\">Ao final uma celebra\u00e7\u00e3o de envio, seguido de almo\u00e7o encerrou as comemora\u00e7\u00f5es.<\/p>\n<p style=\"text-align: justify;\">Por Thaysa Sobral, Comunicadora Popular Diocese de Caruaru<\/p>\n<p style=\"text-align: justify;\">N\u00facleo de Comunica\u00e7\u00e3o C\u00e1ritas Diocesana de Pesqueira<\/p>\n<p style=\"text-align: justify;\">Foto: Cidicleiton Zumba<\/p>\n<div style=\"text-align: justify;\"><\/div>\n<ul class=\"ssb_list_wrapper\"><li class=\"fb2\" style=\"width:135px\"><iframe src=\"\/\/www.facebook.com\/plugins\/like.php?href=https%3A%2F%2Fwww.caritasne2.org.br%2Fsite%2Fregional-nordeste-2-celebra-20-anos-lancando-campanha-mundial%2F&amp;layout=button_count&amp;action=like&amp;show_faces=false&amp;share=true&amp;width=135&amp;height=21&amp;appId=307091639398582\" scrolling=\"no\" frameborder=\"0\" style=\"border:none; overflow:hidden;  width:150px; height:21px;\" allowTransparency=\"true\"><\/iframe><\/li><li class=\"twtr\" style=\"width:90px\"><a href=\"https:\/\/twitter.com\/share\" class=\"twitter-share-button\" data-url=\"https:\/\/www.caritasne2.org.br\/site\/regional-nordeste-2-celebra-20-anos-lancando-campanha-mundial\/\">&nbsp;<\/a><script>!function(d,s,id){var js,fjs=d.getElementsByTagName(s)[0],p=\/^http:\/.test(d.location)?'http':'https';if(!d.getElementById(id)){js=d.createElement(s);js.id=id;js.src=p+':\/\/platform.twitter.com\/widgets.js';fjs.parentNode.insertBefore(js,fjs);}}(document, 'script', 'twitter-wjs');<\/script><\/li><li class=\"gplus\" style=\"width:68px\"><div class=\"g-plusone\" data-size=\"medium\" data-href=\"https:\/\/www.caritasne2.org.br\/site\/regional-nordeste-2-celebra-20-anos-lancando-campanha-mundial\/\"><\/div><\/li><li class=\"ssb_linkedin\" style=\"width:64px\"><script src=\"\/\/platform.linkedin.com\/in.js\" type=\"text\/javascript\">lang: en_US<\/script><script type=\"IN\/Share\" data-url=\"https:\/\/www.caritasne2.org.br\/site\/regional-nordeste-2-celebra-20-anos-lancando-campanha-mundial\/\" data-counter=\"right\"><\/script><\/li><\/ul>","protected":false},"excerpt":{"rendered":"<p>Este ano, o Regional NE2 completou 20 anos, e como tema &#8220;20 Anos de Solidariedade Transformando Vidas&#8221;, celebrou nos dias 14 e 15 de novembro, em Recife este momento hist\u00f3rico e festivo. O Regional Nordeste 2, \u00e9 composto pelo estados do Rio Grande do Norte, Para\u00edba, Pernambuco e Alagoas e possui 16 Entidades Membro. As atividades come\u00e7aram na sexta-feira (14) com a chegada das Entidades [&hellip;]<\/p>\n<ul class=\"ssb_list_wrapper\"><li class=\"fb2\" style=\"width:135px\"><iframe src=\"\/\/www.facebook.com\/plugins\/like.php?href=https%3A%2F%2Fwww.caritasne2.org.br%2Fsite%2Fregional-nordeste-2-celebra-20-anos-lancando-campanha-mundial%2F&amp;layout=button_count&amp;action=like&amp;show_faces=false&amp;share=true&amp;width=135&amp;height=21&amp;appId=307091639398582\" scrolling=\"no\" frameborder=\"0\" style=\"border:none; overflow:hidden;  width:150px; height:21px;\" allowTransparency=\"true\"><\/iframe><\/li><li class=\"twtr\" style=\"width:90px\"><a href=\"https:\/\/twitter.com\/share\" class=\"twitter-share-button\" data-url=\"https:\/\/www.caritasne2.org.br\/site\/regional-nordeste-2-celebra-20-anos-lancando-campanha-mundial\/\">&nbsp;<\/a><script>!function(d,s,id){var js,fjs=d.getElementsByTagName(s)[0],p=\/^http:\/.test(d.location)?'http':'https';if(!d.getElementById(id)){js=d.createElement(s);js.id=id;js.src=p+':\/\/platform.twitter.com\/widgets.js';fjs.parentNode.insertBefore(js,fjs);}}(document, 'script', 'twitter-wjs');<\/script><\/li><li class=\"gplus\" style=\"width:68px\"><div class=\"g-plusone\" data-size=\"medium\" data-href=\"https:\/\/www.caritasne2.org.br\/site\/regional-nordeste-2-celebra-20-anos-lancando-campanha-mundial\/\"><\/div><\/li><li class=\"ssb_linkedin\" style=\"width:64px\"><script src=\"\/\/platform.linkedin.com\/in.js\" type=\"text\/javascript\">lang: en_US<\/script><script type=\"IN\/Share\" data-url=\"https:\/\/www.caritasne2.org.br\/site\/regional-nordeste-2-celebra-20-anos-lancando-campanha-mundial\/\" data-counter=\"right\"><\/script><\/li><\/ul>","protected":false},"author":4,"featured_media":2187,"comment_status":"open","ping_status":"open","sticky":false,"template":"","format":"standard","meta":[],"categories":[477,20],"tags":[309,478,67],"_links":{"self":[{"href":"https:\/\/www.caritasne2.org.br\/site\/wp-json\/wp\/v2\/posts\/2185"}],"collection":[{"href":"https:\/\/www.caritasne2.org.br\/site\/wp-json\/wp\/v2\/posts"}],"about":[{"href":"https:\/\/www.caritasne2.org.br\/site\/wp-json\/wp\/v2\/types\/post"}],"author":[{"embeddable":true,"href":"https:\/\/www.caritasne2.org.br\/site\/wp-json\/wp\/v2\/users\/4"}],"replies":[{"embeddable":true,"href":"https:\/\/www.caritasne2.org.br\/site\/wp-json\/wp\/v2\/comments?post=2185"}],"version-history":[{"count":0,"href":"https:\/\/www.caritasne2.org.br\/site\/wp-json\/wp\/v2\/posts\/2185\/revisions"}],"wp:featuredmedia":[{"embeddable":true,"href":"https:\/\/www.caritasne2.org.br\/site\/wp-json\/"}],"wp:attachment":[{"href":"https:\/\/www.caritasne2.org.br\/site\/wp-json\/wp\/v2\/media?parent=2185"}],"wp:term":[{"taxonomy":"category","embeddable":true,"href":"https:\/\/www.caritasne2.org.br\/site\/wp-json\/wp\/v2\/categories?post=2185"},{"taxonomy":"post_tag","embeddable":true,"href":"https:\/\/www.caritasne2.org.br\/site\/wp-json\/wp\/v2\/tags?post=2185"}],"curies":[{"name":"wp","href":"https:\/\/api.w.org\/{rel}","templated":true}]}}