{"id":2177,"date":"2014-11-15T23:35:24","date_gmt":"2014-11-16T01:35:24","guid":{"rendered":"http:\/\/ne2.caritas.org.br.s174889.gridserver.com\/?p=2177"},"modified":"2017-07-11T15:21:00","modified_gmt":"2017-07-11T18:21:00","slug":"agentes-caritas-refletem-trajetoria-em-20-anos-de-atuacao","status":"publish","type":"post","link":"https:\/\/www.caritasne2.org.br\/site\/agentes-caritas-refletem-trajetoria-em-20-anos-de-atuacao\/","title":{"rendered":"Agentes C\u00e1ritas refletem trajet\u00f3ria em 20 anos de atua\u00e7\u00e3o"},"content":{"rendered":"<p style=\"text-align: justify;\">Uma celebra\u00e7\u00e3o que reuniu homens e mulheres de quatro estados nordestinos, al\u00e9m de convidados de outros lugares. Se por um lado, as particularidades culturais e hist\u00f3ricas distinguem o povo alagoano, paraibano, pernambucano e potiguar, por outro, as realidades sociais os unem em torno de um objetivo comum: refletir sobre a hist\u00f3ria da C\u00e1ritas Brasileira Regional Nordeste 2, que v\u00eam transformando vidas h\u00e1 20 anos com a\u00e7\u00f5es de solidariedade.<\/p>\n<p style=\"text-align: justify;\">E com o prop\u00f3sito de recordar o passado e pensar este novo tempo, o Cult Hotel, em Recife (PE) recebeu, nos dias 14 e 15, agentes C\u00e1ritas e parceiros. Uma m\u00edstica reuniu os protagonistas desta hist\u00f3ria, provocando-os a olharem para o passado e reconhecerem todos e todas que contribu\u00edram para que o Regional Nordeste 2 fosse a refer\u00eancia que \u00e9 atualmente. A luz de cada vela colocada na piscina do hotel representou cada personagem desse caminho.<\/p>\n<p style=\"text-align: justify;\">Na mesa de abertura, estiveram presentes a diretora executiva do Secretariado Nacional, Maria Cristina dos Anjos; o bispo Dom Genivaldo Saraiva, representando a Confer\u00eancia Nacional dos Bispos do Brasil (Regional NE 2); o secret\u00e1rio regional da C\u00e1ritas Brasileira Nordeste 2, Angelo Zanr\u00e9; o bispo de refer\u00eancia do Regional Nordeste 2, Dom Eraldo Bispo; a conselheira do Regional Nordeste 2, Kilza Gomes; e o secret\u00e1rio de Agricultura e Reforma Agr\u00e1ria de Pernambuco, Aldo Santos.<\/p>\n<p style=\"text-align: justify;\">Durante a mesa, foram apresentados v\u00e1rios motivos pelos quais s\u00e3o creditados a conquista de completar duas d\u00e9cadas de trabalho social. O agente C\u00e1ritas foi definido por Cristina como um amor em movimento, que vai ao encontro do outro e que se doa. Segundo ela, o Regional Nordeste 2 chega aos 20 anos, porque soube cumprir isso. \u201cQue voc\u00eas continuem construindo essa hist\u00f3ria bonita hist\u00f3ria, para que a gente possa celebrar esse anivers\u00e1rio muitas vezes\u201d, desejou a diretora.<\/p>\n<p style=\"text-align: justify;\">Angelo Zanr\u00e9, por sua vez, acredita que s\u00e3o os sonhos que fazem o trabalho impulsionar. &#8220;Quero enfatizar duas coisas que refletem bem essa hist\u00f3ria. A primeira \u00e9 que uma institui\u00e7\u00e3o s\u00f3 cresce quando ela sonha, pois s\u00e3o os sonhos quem d\u00e3o sentido \u00e0 nossa caminhada. E a segunda diz respeito \u00e0 mem\u00f3ria, que \u00e9 fazer a lembran\u00e7a do passado e, ao mesmo tempo, caminhar com alegria e seriedade para o futuro&#8221;, pontuou o secret\u00e1rio.<\/p>\n<p style=\"text-align: justify;\">A programa\u00e7\u00e3o do primeiro dia contou, ainda, com o lan\u00e7amento da Campanha Mundial \u201cUma fam\u00edlia humana, p\u00e3o e justi\u00e7a para todas as <a href=\"http:\/\/ne2.caritas.org.br.s174889.gridserver.com\/2014\/11\/18\/agentes-caritas-refletem-trajetoria-em-20-anos-de-atuacao\/imagem-2-2\/\" rel=\"attachment wp-att-2180\"><img decoding=\"async\" loading=\"lazy\" class=\"alignleft size-medium wp-image-2180\" title=\"Imagem 2\" src=\"http:\/\/ne2.caritas.org.br.s174889.gridserver.com\/wp-content\/uploads\/2014\/11\/Imagem-21-300x199.jpg\" alt=\"\" width=\"300\" height=\"199\" \/><\/a>pessoas\u201d, que ser\u00e1 apresentada pelo assessor nacional da C\u00e1ritas Brasileira, Marcelo Lemos. Em seguida, foi realizada uma mesa de di\u00e1logos que discutiu a quest\u00e3o da fome e da pobreza com um olhar voltado para a regi\u00e3o Nordeste com a doutrora em economia p\u00fablica, T\u00e2nia Barcelar, e com a S\u00f4nia Lucena, membro do Conselho Nacional e do Estadual de Seguran\u00e7a Alimentar e Nutricional (Consea).<\/p>\n<p style=\"text-align: justify;\">por Lidiane Santos | Comunicadora Popular P1+2 (C\u00e1ritas Regional NE2)<\/p>\n<p style=\"text-align: justify;\">Foto: Cidicleiton Zumba<\/p>\n<p>&nbsp;<\/p>\n<ul class=\"ssb_list_wrapper\"><li class=\"fb2\" style=\"width:135px\"><iframe src=\"\/\/www.facebook.com\/plugins\/like.php?href=https%3A%2F%2Fwww.caritasne2.org.br%2Fsite%2Fagentes-caritas-refletem-trajetoria-em-20-anos-de-atuacao%2F&amp;layout=button_count&amp;action=like&amp;show_faces=false&amp;share=true&amp;width=135&amp;height=21&amp;appId=307091639398582\" scrolling=\"no\" frameborder=\"0\" style=\"border:none; overflow:hidden;  width:150px; height:21px;\" allowTransparency=\"true\"><\/iframe><\/li><li class=\"twtr\" style=\"width:90px\"><a href=\"https:\/\/twitter.com\/share\" class=\"twitter-share-button\" data-url=\"https:\/\/www.caritasne2.org.br\/site\/agentes-caritas-refletem-trajetoria-em-20-anos-de-atuacao\/\">&nbsp;<\/a><script>!function(d,s,id){var js,fjs=d.getElementsByTagName(s)[0],p=\/^http:\/.test(d.location)?'http':'https';if(!d.getElementById(id)){js=d.createElement(s);js.id=id;js.src=p+':\/\/platform.twitter.com\/widgets.js';fjs.parentNode.insertBefore(js,fjs);}}(document, 'script', 'twitter-wjs');<\/script><\/li><li class=\"gplus\" style=\"width:68px\"><div class=\"g-plusone\" data-size=\"medium\" data-href=\"https:\/\/www.caritasne2.org.br\/site\/agentes-caritas-refletem-trajetoria-em-20-anos-de-atuacao\/\"><\/div><\/li><li class=\"ssb_linkedin\" style=\"width:64px\"><script src=\"\/\/platform.linkedin.com\/in.js\" type=\"text\/javascript\">lang: en_US<\/script><script type=\"IN\/Share\" data-url=\"https:\/\/www.caritasne2.org.br\/site\/agentes-caritas-refletem-trajetoria-em-20-anos-de-atuacao\/\" data-counter=\"right\"><\/script><\/li><\/ul>","protected":false},"excerpt":{"rendered":"<p>Uma celebra\u00e7\u00e3o que reuniu homens e mulheres de quatro estados nordestinos, al\u00e9m de convidados de outros lugares. Se por um lado, as particularidades culturais e hist\u00f3ricas distinguem o povo alagoano, paraibano, pernambucano e potiguar, por outro, as realidades sociais os unem em torno de um objetivo comum: refletir sobre a hist\u00f3ria da C\u00e1ritas Brasileira Regional Nordeste 2, que v\u00eam transformando vidas h\u00e1 20 anos com [&hellip;]<\/p>\n<ul class=\"ssb_list_wrapper\"><li class=\"fb2\" style=\"width:135px\"><iframe src=\"\/\/www.facebook.com\/plugins\/like.php?href=https%3A%2F%2Fwww.caritasne2.org.br%2Fsite%2Fagentes-caritas-refletem-trajetoria-em-20-anos-de-atuacao%2F&amp;layout=button_count&amp;action=like&amp;show_faces=false&amp;share=true&amp;width=135&amp;height=21&amp;appId=307091639398582\" scrolling=\"no\" frameborder=\"0\" style=\"border:none; overflow:hidden;  width:150px; height:21px;\" allowTransparency=\"true\"><\/iframe><\/li><li class=\"twtr\" style=\"width:90px\"><a href=\"https:\/\/twitter.com\/share\" class=\"twitter-share-button\" data-url=\"https:\/\/www.caritasne2.org.br\/site\/agentes-caritas-refletem-trajetoria-em-20-anos-de-atuacao\/\">&nbsp;<\/a><script>!function(d,s,id){var js,fjs=d.getElementsByTagName(s)[0],p=\/^http:\/.test(d.location)?'http':'https';if(!d.getElementById(id)){js=d.createElement(s);js.id=id;js.src=p+':\/\/platform.twitter.com\/widgets.js';fjs.parentNode.insertBefore(js,fjs);}}(document, 'script', 'twitter-wjs');<\/script><\/li><li class=\"gplus\" style=\"width:68px\"><div class=\"g-plusone\" data-size=\"medium\" data-href=\"https:\/\/www.caritasne2.org.br\/site\/agentes-caritas-refletem-trajetoria-em-20-anos-de-atuacao\/\"><\/div><\/li><li class=\"ssb_linkedin\" style=\"width:64px\"><script src=\"\/\/platform.linkedin.com\/in.js\" type=\"text\/javascript\">lang: en_US<\/script><script type=\"IN\/Share\" data-url=\"https:\/\/www.caritasne2.org.br\/site\/agentes-caritas-refletem-trajetoria-em-20-anos-de-atuacao\/\" data-counter=\"right\"><\/script><\/li><\/ul>","protected":false},"author":4,"featured_media":2178,"comment_status":"open","ping_status":"open","sticky":false,"template":"","format":"standard","meta":[],"categories":[477,20],"tags":[478,67],"_links":{"self":[{"href":"https:\/\/www.caritasne2.org.br\/site\/wp-json\/wp\/v2\/posts\/2177"}],"collection":[{"href":"https:\/\/www.caritasne2.org.br\/site\/wp-json\/wp\/v2\/posts"}],"about":[{"href":"https:\/\/www.caritasne2.org.br\/site\/wp-json\/wp\/v2\/types\/post"}],"author":[{"embeddable":true,"href":"https:\/\/www.caritasne2.org.br\/site\/wp-json\/wp\/v2\/users\/4"}],"replies":[{"embeddable":true,"href":"https:\/\/www.caritasne2.org.br\/site\/wp-json\/wp\/v2\/comments?post=2177"}],"version-history":[{"count":0,"href":"https:\/\/www.caritasne2.org.br\/site\/wp-json\/wp\/v2\/posts\/2177\/revisions"}],"wp:featuredmedia":[{"embeddable":true,"href":"https:\/\/www.caritasne2.org.br\/site\/wp-json\/"}],"wp:attachment":[{"href":"https:\/\/www.caritasne2.org.br\/site\/wp-json\/wp\/v2\/media?parent=2177"}],"wp:term":[{"taxonomy":"category","embeddable":true,"href":"https:\/\/www.caritasne2.org.br\/site\/wp-json\/wp\/v2\/categories?post=2177"},{"taxonomy":"post_tag","embeddable":true,"href":"https:\/\/www.caritasne2.org.br\/site\/wp-json\/wp\/v2\/tags?post=2177"}],"curies":[{"name":"wp","href":"https:\/\/api.w.org\/{rel}","templated":true}]}}