{"id":2171,"date":"2014-11-15T00:01:07","date_gmt":"2014-11-15T02:01:07","guid":{"rendered":"http:\/\/ne2.caritas.org.br.s174889.gridserver.com\/?p=2171"},"modified":"2017-07-11T15:21:00","modified_gmt":"2017-07-11T18:21:00","slug":"regional-nordeste-2-realiza-debater-pobreza-brasil","status":"publish","type":"post","link":"https:\/\/www.caritasne2.org.br\/site\/regional-nordeste-2-realiza-debater-pobreza-brasil\/","title":{"rendered":"Regional Nordeste 2 realiza debate sobre pobreza no Brasil"},"content":{"rendered":"<p style=\"text-align: justify;\">Para comemorar seu anivers\u00e1rio de 20 anos, a C\u00e1ritas Brasileira NE2 e Confer\u00eancia Nacional dos Bispos do Brasil (CNBB) Regional NE2 lan\u00e7aram, em n\u00edvel regional, a Campanha Mundial contra a fome, a pobreza e as desigualdades. Com o tema \u201cUma fam\u00edlia humana, p\u00e3o e justi\u00e7a para todas as pessoas\u201d, o coquetel de lan\u00e7amento ocorreu ontem, dia (14), no Cult Hotel no bairro de Boa Viagem, em Recife (PE).<\/p>\n<p style=\"text-align: justify;\">A campanha faz parte de uma mobiliza\u00e7\u00e3o mundial da Caritas Internationalis que articulou as 164 organiza\u00e7\u00f5es membro para esse grande movimento em favor da vida, dos direitos humanos e da justi\u00e7a social.<\/p>\n<p style=\"text-align: justify;\">Com a campanha, que vai at\u00e9 2015, a C\u00e1ritas pretende sensibilizar e mobilizar a sociedade sobre a realidade da fome, da mis\u00e9ria e das desigualdades no mundo e no Brasil. A alimenta\u00e7\u00e3o adequada e de qualidade \u00e9 um direito humano e, por isso, deve ser garantida a todos os cidad\u00e3os e cidad\u00e3s de forma igualit\u00e1ria.<\/p>\n<p style=\"text-align: justify;\">O Papa Francisco gravou um v\u00eddeo com uma mensagem de cinco minutos em apoio \u00e0 campanha. \u201cN\u00e3o se pode tolerar mais o fato de se lan\u00e7ar comida no lixo, quando h\u00e1 pessoas que passam fome. Isto \u00e9 desigualdade social\u201d, disse o Papa em sua Exorta\u00e7\u00e3o Apost\u00f3lica Evangelii Gaudium.<\/p>\n<p style=\"text-align: justify;\">Participaram do lan\u00e7amento dom Genival Saraiva, bispo em\u00e9rito da Diocese de Palmares; dom Eraldo Bispo, da Diocese de Patos e bispo referencial do Regional; \u00c2ngelo Zanr\u00e9, secret\u00e1rio da C\u00e1ritas NE2; Maria Cristina dos Anjos, diretora executiva nacional da C\u00e1ritas Brasileira; e Aldo Santos, secret\u00e1rio de Agricultura e Reforma Agr\u00e1ria. Na ocasi\u00e3o, houve uma mesa de di\u00e1logos com a participa\u00e7\u00e3o de T\u00e2nia Bacelar, economista e soci\u00f3loga, doutora em economia p\u00fablica e professora da Universidade Federal de Pernambuco (UFPE), que falou sobre a quest\u00e3o da fome e pobreza com um olhar voltado para a regi\u00e3o Nordeste, e S\u00f4nia Lucena, membro do Conselho Nacional e Estadual de Seguran\u00e7a Alimentar e Nutricional (Consea), que abordou o contexto da fome e da inseguran\u00e7a alimentar no Estado.<\/p>\n<p style=\"text-align: justify;\">Al\u00e9m do lan\u00e7amento da Campanha Mundial, a programa\u00e7\u00e3o do evento, que celebra os 20 anos da C\u00e1ritas Brasileira NE2, contemplou tamb\u00e9m uma mesa de apresenta\u00e7\u00e3o com experi\u00eancias desenvolvidas pela institui\u00e7\u00e3o, ao longo dessas duas d\u00e9cadas de trabalhos realizados em gest\u00e3o de riscos e emerg\u00eancias; catadores\/as de materiais recicl\u00e1veis; inf\u00e2ncia, adolesc\u00eancia e juventude; conviv\u00eancia com o Semi\u00e1rido; seguran\u00e7a alimentar e nutricional e economia popular solid\u00e1ria.<\/p>\n<p>Por Kilma Ferreira :: Assessora de Comunica\u00e7\u00e3o da C\u00e1ritas Brasileira Regional NE2<\/p>\n<p>Foto: Cidicleiton Zumba<\/p>\n<ul class=\"ssb_list_wrapper\"><li class=\"fb2\" style=\"width:135px\"><iframe src=\"\/\/www.facebook.com\/plugins\/like.php?href=https%3A%2F%2Fwww.caritasne2.org.br%2Fsite%2Fregional-nordeste-2-realiza-debater-pobreza-brasil%2F&amp;layout=button_count&amp;action=like&amp;show_faces=false&amp;share=true&amp;width=135&amp;height=21&amp;appId=307091639398582\" scrolling=\"no\" frameborder=\"0\" style=\"border:none; overflow:hidden;  width:150px; height:21px;\" allowTransparency=\"true\"><\/iframe><\/li><li class=\"twtr\" style=\"width:90px\"><a href=\"https:\/\/twitter.com\/share\" class=\"twitter-share-button\" data-url=\"https:\/\/www.caritasne2.org.br\/site\/regional-nordeste-2-realiza-debater-pobreza-brasil\/\">&nbsp;<\/a><script>!function(d,s,id){var js,fjs=d.getElementsByTagName(s)[0],p=\/^http:\/.test(d.location)?'http':'https';if(!d.getElementById(id)){js=d.createElement(s);js.id=id;js.src=p+':\/\/platform.twitter.com\/widgets.js';fjs.parentNode.insertBefore(js,fjs);}}(document, 'script', 'twitter-wjs');<\/script><\/li><li class=\"gplus\" style=\"width:68px\"><div class=\"g-plusone\" data-size=\"medium\" data-href=\"https:\/\/www.caritasne2.org.br\/site\/regional-nordeste-2-realiza-debater-pobreza-brasil\/\"><\/div><\/li><li class=\"ssb_linkedin\" style=\"width:64px\"><script src=\"\/\/platform.linkedin.com\/in.js\" type=\"text\/javascript\">lang: en_US<\/script><script type=\"IN\/Share\" data-url=\"https:\/\/www.caritasne2.org.br\/site\/regional-nordeste-2-realiza-debater-pobreza-brasil\/\" data-counter=\"right\"><\/script><\/li><\/ul>","protected":false},"excerpt":{"rendered":"<p>Para comemorar seu anivers\u00e1rio de 20 anos, a C\u00e1ritas Brasileira NE2 e Confer\u00eancia Nacional dos Bispos do Brasil (CNBB) Regional NE2 lan\u00e7aram, em n\u00edvel regional, a Campanha Mundial contra a fome, a pobreza e as desigualdades. Com o tema \u201cUma fam\u00edlia humana, p\u00e3o e justi\u00e7a para todas as pessoas\u201d, o coquetel de lan\u00e7amento ocorreu ontem, dia (14), no Cult Hotel no bairro de Boa Viagem, [&hellip;]<\/p>\n<ul class=\"ssb_list_wrapper\"><li class=\"fb2\" style=\"width:135px\"><iframe src=\"\/\/www.facebook.com\/plugins\/like.php?href=https%3A%2F%2Fwww.caritasne2.org.br%2Fsite%2Fregional-nordeste-2-realiza-debater-pobreza-brasil%2F&amp;layout=button_count&amp;action=like&amp;show_faces=false&amp;share=true&amp;width=135&amp;height=21&amp;appId=307091639398582\" scrolling=\"no\" frameborder=\"0\" style=\"border:none; overflow:hidden;  width:150px; height:21px;\" allowTransparency=\"true\"><\/iframe><\/li><li class=\"twtr\" style=\"width:90px\"><a href=\"https:\/\/twitter.com\/share\" class=\"twitter-share-button\" data-url=\"https:\/\/www.caritasne2.org.br\/site\/regional-nordeste-2-realiza-debater-pobreza-brasil\/\">&nbsp;<\/a><script>!function(d,s,id){var js,fjs=d.getElementsByTagName(s)[0],p=\/^http:\/.test(d.location)?'http':'https';if(!d.getElementById(id)){js=d.createElement(s);js.id=id;js.src=p+':\/\/platform.twitter.com\/widgets.js';fjs.parentNode.insertBefore(js,fjs);}}(document, 'script', 'twitter-wjs');<\/script><\/li><li class=\"gplus\" style=\"width:68px\"><div class=\"g-plusone\" data-size=\"medium\" data-href=\"https:\/\/www.caritasne2.org.br\/site\/regional-nordeste-2-realiza-debater-pobreza-brasil\/\"><\/div><\/li><li class=\"ssb_linkedin\" style=\"width:64px\"><script src=\"\/\/platform.linkedin.com\/in.js\" type=\"text\/javascript\">lang: en_US<\/script><script type=\"IN\/Share\" data-url=\"https:\/\/www.caritasne2.org.br\/site\/regional-nordeste-2-realiza-debater-pobreza-brasil\/\" data-counter=\"right\"><\/script><\/li><\/ul>","protected":false},"author":4,"featured_media":2172,"comment_status":"open","ping_status":"open","sticky":false,"template":"","format":"standard","meta":[],"categories":[477,20],"tags":[309,478,67,470],"_links":{"self":[{"href":"https:\/\/www.caritasne2.org.br\/site\/wp-json\/wp\/v2\/posts\/2171"}],"collection":[{"href":"https:\/\/www.caritasne2.org.br\/site\/wp-json\/wp\/v2\/posts"}],"about":[{"href":"https:\/\/www.caritasne2.org.br\/site\/wp-json\/wp\/v2\/types\/post"}],"author":[{"embeddable":true,"href":"https:\/\/www.caritasne2.org.br\/site\/wp-json\/wp\/v2\/users\/4"}],"replies":[{"embeddable":true,"href":"https:\/\/www.caritasne2.org.br\/site\/wp-json\/wp\/v2\/comments?post=2171"}],"version-history":[{"count":0,"href":"https:\/\/www.caritasne2.org.br\/site\/wp-json\/wp\/v2\/posts\/2171\/revisions"}],"wp:featuredmedia":[{"embeddable":true,"href":"https:\/\/www.caritasne2.org.br\/site\/wp-json\/"}],"wp:attachment":[{"href":"https:\/\/www.caritasne2.org.br\/site\/wp-json\/wp\/v2\/media?parent=2171"}],"wp:term":[{"taxonomy":"category","embeddable":true,"href":"https:\/\/www.caritasne2.org.br\/site\/wp-json\/wp\/v2\/categories?post=2171"},{"taxonomy":"post_tag","embeddable":true,"href":"https:\/\/www.caritasne2.org.br\/site\/wp-json\/wp\/v2\/tags?post=2171"}],"curies":[{"name":"wp","href":"https:\/\/api.w.org\/{rel}","templated":true}]}}