{"id":2159,"date":"2014-11-10T00:19:49","date_gmt":"2014-11-10T02:19:49","guid":{"rendered":"http:\/\/ne2.caritas.org.br.s174889.gridserver.com\/?p=2159"},"modified":"2017-07-11T15:21:00","modified_gmt":"2017-07-11T18:21:00","slug":"caritas-ne2-solidariedade-transforma-vidas-ha-20-anos","status":"publish","type":"post","link":"https:\/\/www.caritasne2.org.br\/site\/caritas-ne2-solidariedade-transforma-vidas-ha-20-anos\/","title":{"rendered":"C\u00e1ritas NE2: Solidariedade que transforma vidas h\u00e1 20 anos"},"content":{"rendered":"<p style=\"text-align: center;\">\u00a0<em><span style=\"text-align: justify;\">C\u00e1ritas Regional NE2, re\u00fane entidades membro, e organiza\u00e7\u00f5es parceiras para celebrar 20 anos de solidariedade vividos em toda a Rede C\u00e1ritas\u00a0<\/span><\/em><\/p>\n<p style=\"text-align: center;\">\n<p style=\"text-align: justify;\">As primeiras articula\u00e7\u00f5es da C\u00e1ritas Brasileira no Regional NE2 ocorreram na dad\u00e9cada de 60 nas cidades de Natal e Recife, mas em mar\u00e7o de 1994 \u00e9 que oficialmente as atividades do escrit\u00f3rio regional come\u00e7aram a funcionar em Recife (PE). Passados 20 anos, o primeiro articulador regional que, atualmente exerce a fun\u00e7\u00e3o de secret\u00e1rio executivo da C\u00e1ritas Regional NE2, \u00c2ngelo Zanr\u00e9, celebra os 20 anos de hist\u00f3ria da institui\u00e7\u00e3o, fazendo um resgate das a\u00e7\u00f5es solid\u00e1rias ocorridas ao longo do tempo .<\/p>\n<blockquote>\n<p style=\"text-align: justify;\">\u201cNormalmente n\u00e3o estamos acostumados a valorizar o que fazemos, e, em 20 anos h\u00e1 muito trabalho, luta, hist\u00f3rias e experi\u00eancias de vida com centenas de protagonistas. Resgatar estas mem\u00f3rias \u00e9 registrar essas conquistas, dando o significado que elas merecem\u201d, declarou \u00c2ngelo.<\/p>\n<\/blockquote>\n<p style=\"text-align: justify;\">Entidades membro, organiza\u00e7\u00f5es parceiras, Conselhos, representantes da Confer\u00eancia Nacional dos Bispos do Brasil (CNBB \u2013 NE2), Secretariado Nacional da C\u00e1ritas Brasileira, al\u00e9m de convidados especiais estar\u00e3o reunidos nos pr\u00f3ximos dias 14 e 15 de novembro, em Recife com o objetivo de celebrar os 20 anos de atua\u00e7\u00e3o da C\u00e1ritas Regional NE2 nos quatro Estados: Alagoas, Pernambuco, Para\u00edba e Rio Grande do Norte.<\/p>\n<p style=\"text-align: justify;\">\u00a0Como destaque desse momento de celebra\u00e7\u00e3o ser\u00e1 realizado o lan\u00e7amento regional da Campanha Mundial \u201cUma fam\u00edlia humana, p\u00e3o e justi\u00e7a para todas as pessoas\u201d. Na ocasi\u00e3o, para refletir sobre o tema da fome e da pobreza, com um olhar voltado para regi\u00e3o Nordeste, foram convidadas as professoras da Universidade Federal de Pernambuco (UFPE), T\u00e2nia Bacelar e S\u00f4nia Lucena. A programa\u00e7\u00e3o ainda contar\u00e1 com exposi\u00e7\u00e3o fotogr\u00e1fica, mesa de di\u00e1logos com apresenta\u00e7\u00e3o e partilhas de experi\u00eancias solid\u00e1rias do Regional NE2.<\/p>\n<blockquote>\n<p style=\"text-align: justify;\">\u00a0\u201c20 anos tem um significado especial, porque eles est\u00e3o inseridos na Campanha Mundial promovida pela Caritas Internacional que trabalha o tema, Uma Fam\u00edlia Humana, que traz a quest\u00e3o da fome, pobreza e desigualdade social , um tema que se encaixa perfeitamente em todo trabalho que a rede C\u00e1ritas desenvolve. Onde iremos refletir com um olhar atento para nossas a\u00e7\u00f5es dentro do Regional NE 2.\u201d finalizou Ang\u00ealo Zanr\u00e9.<\/p>\n<\/blockquote>\n<p style=\"text-align: justify;\"><span style=\"text-decoration: underline;\"><strong>Servi\u00e7o:\u00a0<\/strong><\/span><\/p>\n<p style=\"text-align: justify;\">Celebra\u00e7\u00e3o dos 20 Anos do Regional NE2<\/p>\n<p style=\"text-align: justify;\">Local : Cult Hotel\/ Av. Conselheiro Aguiar,755,Boa Viagem \/ Recife.<\/p>\n<p style=\"text-align: justify;\">Data: 14 e 15 de novembro de 2104<\/p>\n<p style=\"text-align: justify;\">Hor\u00e1rio: a partir das 19h<\/p>\n<p style=\"text-align: justify;\">por Fabiana Franscelino &#8211; N\u00facleo de Comunica\u00e7\u00e3o \u00a0C\u00e1ritas Diocesana de Pesqueira | Regional Nordeste 2<\/p>\n<ul class=\"ssb_list_wrapper\"><li class=\"fb2\" style=\"width:135px\"><iframe src=\"\/\/www.facebook.com\/plugins\/like.php?href=https%3A%2F%2Fwww.caritasne2.org.br%2Fsite%2Fcaritas-ne2-solidariedade-transforma-vidas-ha-20-anos%2F&amp;layout=button_count&amp;action=like&amp;show_faces=false&amp;share=true&amp;width=135&amp;height=21&amp;appId=307091639398582\" scrolling=\"no\" frameborder=\"0\" style=\"border:none; overflow:hidden;  width:150px; height:21px;\" allowTransparency=\"true\"><\/iframe><\/li><li class=\"twtr\" style=\"width:90px\"><a href=\"https:\/\/twitter.com\/share\" class=\"twitter-share-button\" data-url=\"https:\/\/www.caritasne2.org.br\/site\/caritas-ne2-solidariedade-transforma-vidas-ha-20-anos\/\">&nbsp;<\/a><script>!function(d,s,id){var js,fjs=d.getElementsByTagName(s)[0],p=\/^http:\/.test(d.location)?'http':'https';if(!d.getElementById(id)){js=d.createElement(s);js.id=id;js.src=p+':\/\/platform.twitter.com\/widgets.js';fjs.parentNode.insertBefore(js,fjs);}}(document, 'script', 'twitter-wjs');<\/script><\/li><li class=\"gplus\" style=\"width:68px\"><div class=\"g-plusone\" data-size=\"medium\" data-href=\"https:\/\/www.caritasne2.org.br\/site\/caritas-ne2-solidariedade-transforma-vidas-ha-20-anos\/\"><\/div><\/li><li class=\"ssb_linkedin\" style=\"width:64px\"><script src=\"\/\/platform.linkedin.com\/in.js\" type=\"text\/javascript\">lang: en_US<\/script><script type=\"IN\/Share\" data-url=\"https:\/\/www.caritasne2.org.br\/site\/caritas-ne2-solidariedade-transforma-vidas-ha-20-anos\/\" data-counter=\"right\"><\/script><\/li><\/ul>","protected":false},"excerpt":{"rendered":"<p>\u00a0C\u00e1ritas Regional NE2, re\u00fane entidades membro, e organiza\u00e7\u00f5es parceiras para celebrar 20 anos de solidariedade vividos em toda a Rede C\u00e1ritas\u00a0 As primeiras articula\u00e7\u00f5es da C\u00e1ritas Brasileira no Regional NE2 ocorreram na dad\u00e9cada de 60 nas cidades de Natal e Recife, mas em mar\u00e7o de 1994 \u00e9 que oficialmente as atividades do escrit\u00f3rio regional come\u00e7aram a funcionar em Recife (PE). Passados 20 anos, o primeiro [&hellip;]<\/p>\n<ul class=\"ssb_list_wrapper\"><li class=\"fb2\" style=\"width:135px\"><iframe src=\"\/\/www.facebook.com\/plugins\/like.php?href=https%3A%2F%2Fwww.caritasne2.org.br%2Fsite%2Fcaritas-ne2-solidariedade-transforma-vidas-ha-20-anos%2F&amp;layout=button_count&amp;action=like&amp;show_faces=false&amp;share=true&amp;width=135&amp;height=21&amp;appId=307091639398582\" scrolling=\"no\" frameborder=\"0\" style=\"border:none; overflow:hidden;  width:150px; height:21px;\" allowTransparency=\"true\"><\/iframe><\/li><li class=\"twtr\" style=\"width:90px\"><a href=\"https:\/\/twitter.com\/share\" class=\"twitter-share-button\" data-url=\"https:\/\/www.caritasne2.org.br\/site\/caritas-ne2-solidariedade-transforma-vidas-ha-20-anos\/\">&nbsp;<\/a><script>!function(d,s,id){var js,fjs=d.getElementsByTagName(s)[0],p=\/^http:\/.test(d.location)?'http':'https';if(!d.getElementById(id)){js=d.createElement(s);js.id=id;js.src=p+':\/\/platform.twitter.com\/widgets.js';fjs.parentNode.insertBefore(js,fjs);}}(document, 'script', 'twitter-wjs');<\/script><\/li><li class=\"gplus\" style=\"width:68px\"><div class=\"g-plusone\" data-size=\"medium\" data-href=\"https:\/\/www.caritasne2.org.br\/site\/caritas-ne2-solidariedade-transforma-vidas-ha-20-anos\/\"><\/div><\/li><li class=\"ssb_linkedin\" style=\"width:64px\"><script src=\"\/\/platform.linkedin.com\/in.js\" type=\"text\/javascript\">lang: en_US<\/script><script type=\"IN\/Share\" data-url=\"https:\/\/www.caritasne2.org.br\/site\/caritas-ne2-solidariedade-transforma-vidas-ha-20-anos\/\" data-counter=\"right\"><\/script><\/li><\/ul>","protected":false},"author":4,"featured_media":2160,"comment_status":"open","ping_status":"open","sticky":false,"template":"","format":"standard","meta":[],"categories":[477,20,466],"tags":[419,478,67],"_links":{"self":[{"href":"https:\/\/www.caritasne2.org.br\/site\/wp-json\/wp\/v2\/posts\/2159"}],"collection":[{"href":"https:\/\/www.caritasne2.org.br\/site\/wp-json\/wp\/v2\/posts"}],"about":[{"href":"https:\/\/www.caritasne2.org.br\/site\/wp-json\/wp\/v2\/types\/post"}],"author":[{"embeddable":true,"href":"https:\/\/www.caritasne2.org.br\/site\/wp-json\/wp\/v2\/users\/4"}],"replies":[{"embeddable":true,"href":"https:\/\/www.caritasne2.org.br\/site\/wp-json\/wp\/v2\/comments?post=2159"}],"version-history":[{"count":0,"href":"https:\/\/www.caritasne2.org.br\/site\/wp-json\/wp\/v2\/posts\/2159\/revisions"}],"wp:featuredmedia":[{"embeddable":true,"href":"https:\/\/www.caritasne2.org.br\/site\/wp-json\/"}],"wp:attachment":[{"href":"https:\/\/www.caritasne2.org.br\/site\/wp-json\/wp\/v2\/media?parent=2159"}],"wp:term":[{"taxonomy":"category","embeddable":true,"href":"https:\/\/www.caritasne2.org.br\/site\/wp-json\/wp\/v2\/categories?post=2159"},{"taxonomy":"post_tag","embeddable":true,"href":"https:\/\/www.caritasne2.org.br\/site\/wp-json\/wp\/v2\/tags?post=2159"}],"curies":[{"name":"wp","href":"https:\/\/api.w.org\/{rel}","templated":true}]}}