{"id":2140,"date":"2014-10-18T20:39:19","date_gmt":"2014-10-18T23:39:19","guid":{"rendered":"http:\/\/ne2.caritas.org.br.s174889.gridserver.com\/?p=2140"},"modified":"2017-07-11T15:21:00","modified_gmt":"2017-07-11T18:21:00","slug":"carta-aberta-ao-povo-brasileiro","status":"publish","type":"post","link":"https:\/\/www.caritasne2.org.br\/site\/carta-aberta-ao-povo-brasileiro\/","title":{"rendered":"CARTA ABERTA ao povo brasileiro"},"content":{"rendered":"<p style=\"text-align: center;\"><strong>DEMOCRACIA SE CONSTR\u00d3I COM RESPEITO E LIBERDADE<\/strong><\/p>\n<p style=\"text-align: justify;\">\n<p style=\"text-align: justify;\">O Brasil vive um momento importante da sua hist\u00f3ria pol\u00edtica com o segundo turno das elei\u00e7\u00f5es presidenciais. A C\u00e1ritas Brasileira \u00e9 um organismo da Confer\u00eancia Nacional dos Bispos do Brasil (CNBB), de abrang\u00eancia nacional, possui 183 Entidades Membro, que atuam em todo territ\u00f3rio nacional em defesa dos Direitos Humanos, pelo fortalecimento e amplia\u00e7\u00e3o da Economia Popular Solid\u00e1ria, da conviv\u00eancia com os biomas, em especial o Semi\u00e1rido, da Agroecologia e pela constru\u00e7\u00e3o de pol\u00edticas p\u00fablicas capazes de promover um desenvolvimento mais justo e sustent\u00e1vel.<\/p>\n<p style=\"text-align: justify;\">Ap\u00f3s o resultado das elei\u00e7\u00f5es, em seu primeiro turno, uma onda de preconceito em rela\u00e7\u00e3o \u00e0 popula\u00e7\u00e3o nordestina e nortista se alastrou pelas redes sociais. Tendo inclusive como um dos seus principais porta-voz o ex-presidente da rep\u00fablica Fernando Henrique Cardoso \u2013 FHC, ao afirmar em entrevista, que a candidata Dilma recebeu votos de pessoas desinformadas e dos grot\u00f5es do nosso pa\u00eds.<\/p>\n<p style=\"text-align: justify;\">Diante disso, a C\u00e1ritas, vem de p\u00fablico, repudiar tais manifesta\u00e7\u00f5es, afirmando que elas fortalecem o preconceito, a xenofobia e o racismo. Assim como acreditamos que em nada tais coment\u00e1rios podem contribuir para o avan\u00e7o da democracia, da paz e dos direitos igualit\u00e1rios para popula\u00e7\u00e3o brasileira. A realidade do norte e do nordeste do Brasil tem mudado muito, em especial, no semi\u00e1rido brasileiro, nos \u00faltimos 30 anos, gra\u00e7as \u00e0 organiza\u00e7\u00e3o da sociedade civil que v\u00eam cotidianamente construindo pol\u00edticas p\u00fablicas, fazendo com que sindicatos, movimentos populares, pastorais sociais, comunidades eclesiais de base, organiza\u00e7\u00f5es n\u00e3o governamentais, participem efetivamente da constru\u00e7\u00e3o de uma na\u00e7\u00e3o do povo brasileiro.<\/p>\n<p style=\"text-align: justify;\">A autonomia sobre o seu voto, passa pelo crescimento e evolu\u00e7\u00e3o de uma popula\u00e7\u00e3o consciente de seu papel construtor de uma nova sociedade. O posicionamento eleitoral das popula\u00e7\u00f5es do Norte e Nordeste n\u00e3o se baseia na ignor\u00e2ncia e na desinforma\u00e7\u00e3o. Mas na emancipa\u00e7\u00e3o de popula\u00e7\u00f5es, historicamente marginalizadas por governos conservadores, e que aos poucos v\u00e3o se livrando das correntes do coronelismo e das aristocracias que determinaram os processos eleitorais nacionais e especialmente nestas regi\u00f5es.<\/p>\n<p style=\"text-align: justify;\">Ao longo desses 12 anos de gest\u00e3o petista, a C\u00e1ritas sempre demonstrou autonomia em seu posicionamento contr\u00e1rio ao modelo de desenvolvimento apoiado pelo Estado Brasileiro, que tem incentivado os monocultivos e provocado grandes impactos ambientais, que n\u00e3o prioriza o reconhecimento dos direitos territoriais das comunidades tradicionais e a reforma agr\u00e1ria e que coloca a economia do pa\u00eds dependente da exporta\u00e7\u00e3o de poucas commodities agr\u00edcolas e minerais. Seguiremos sempre cr\u00edticos, mobilizados e fortalecendo as lutas populares, mas n\u00e3o podemos negar os avan\u00e7os e as conquistas que as popula\u00e7\u00f5es empobrecidas garantiram a partir do acesso \u00e0s pol\u00edticas p\u00fablicas de \u00e1gua, produ\u00e7\u00e3o de alimentos, educa\u00e7\u00e3o contextualizada, agroecologia, economia solid\u00e1ria, entre outras.<\/p>\n<p style=\"text-align: justify;\">Essa popula\u00e7\u00e3o, tendo assegurados seus direitos b\u00e1sicos, cresce em consci\u00eancia pol\u00edtica, e capacidade de organiza\u00e7\u00e3o. As popula\u00e7\u00f5es nordestinas e nortistas n\u00e3o s\u00e3o desinformadas, muito pelo contr\u00e1rio. Apesar da vis\u00e3o xen\u00f3foba que sobrevive nos pensamentos colonizadores, queremos afirmar que no Norte e Nordeste do Brasil vive um povo que produz saber, cultura, arte e riquezas que somados aos talentos e capacidades do Sul e Sudeste, faz do Brasil uma grande pot\u00eancia capaz de gerar vida e solidariedade.<\/p>\n<p>&nbsp;<\/p>\n<p style=\"text-align: center;\">Dire\u00e7\u00e3o Nacional da C\u00e1ritas Brasileira<\/p>\n<ul class=\"ssb_list_wrapper\"><li class=\"fb2\" style=\"width:135px\"><iframe src=\"\/\/www.facebook.com\/plugins\/like.php?href=https%3A%2F%2Fwww.caritasne2.org.br%2Fsite%2Fcarta-aberta-ao-povo-brasileiro%2F&amp;layout=button_count&amp;action=like&amp;show_faces=false&amp;share=true&amp;width=135&amp;height=21&amp;appId=307091639398582\" scrolling=\"no\" frameborder=\"0\" style=\"border:none; overflow:hidden;  width:150px; height:21px;\" allowTransparency=\"true\"><\/iframe><\/li><li class=\"twtr\" style=\"width:90px\"><a href=\"https:\/\/twitter.com\/share\" class=\"twitter-share-button\" data-url=\"https:\/\/www.caritasne2.org.br\/site\/carta-aberta-ao-povo-brasileiro\/\">&nbsp;<\/a><script>!function(d,s,id){var js,fjs=d.getElementsByTagName(s)[0],p=\/^http:\/.test(d.location)?'http':'https';if(!d.getElementById(id)){js=d.createElement(s);js.id=id;js.src=p+':\/\/platform.twitter.com\/widgets.js';fjs.parentNode.insertBefore(js,fjs);}}(document, 'script', 'twitter-wjs');<\/script><\/li><li class=\"gplus\" style=\"width:68px\"><div class=\"g-plusone\" data-size=\"medium\" data-href=\"https:\/\/www.caritasne2.org.br\/site\/carta-aberta-ao-povo-brasileiro\/\"><\/div><\/li><li class=\"ssb_linkedin\" style=\"width:64px\"><script src=\"\/\/platform.linkedin.com\/in.js\" type=\"text\/javascript\">lang: en_US<\/script><script type=\"IN\/Share\" data-url=\"https:\/\/www.caritasne2.org.br\/site\/carta-aberta-ao-povo-brasileiro\/\" data-counter=\"right\"><\/script><\/li><\/ul>","protected":false},"excerpt":{"rendered":"<p>DEMOCRACIA SE CONSTR\u00d3I COM RESPEITO E LIBERDADE O Brasil vive um momento importante da sua hist\u00f3ria pol\u00edtica com o segundo turno das elei\u00e7\u00f5es presidenciais. A C\u00e1ritas Brasileira \u00e9 um organismo da Confer\u00eancia Nacional dos Bispos do Brasil (CNBB), de abrang\u00eancia nacional, possui 183 Entidades Membro, que atuam em todo territ\u00f3rio nacional em defesa dos Direitos Humanos, pelo fortalecimento e amplia\u00e7\u00e3o da Economia Popular Solid\u00e1ria, da [&hellip;]<\/p>\n<ul class=\"ssb_list_wrapper\"><li class=\"fb2\" style=\"width:135px\"><iframe src=\"\/\/www.facebook.com\/plugins\/like.php?href=https%3A%2F%2Fwww.caritasne2.org.br%2Fsite%2Fcarta-aberta-ao-povo-brasileiro%2F&amp;layout=button_count&amp;action=like&amp;show_faces=false&amp;share=true&amp;width=135&amp;height=21&amp;appId=307091639398582\" scrolling=\"no\" frameborder=\"0\" style=\"border:none; overflow:hidden;  width:150px; height:21px;\" allowTransparency=\"true\"><\/iframe><\/li><li class=\"twtr\" style=\"width:90px\"><a href=\"https:\/\/twitter.com\/share\" class=\"twitter-share-button\" data-url=\"https:\/\/www.caritasne2.org.br\/site\/carta-aberta-ao-povo-brasileiro\/\">&nbsp;<\/a><script>!function(d,s,id){var js,fjs=d.getElementsByTagName(s)[0],p=\/^http:\/.test(d.location)?'http':'https';if(!d.getElementById(id)){js=d.createElement(s);js.id=id;js.src=p+':\/\/platform.twitter.com\/widgets.js';fjs.parentNode.insertBefore(js,fjs);}}(document, 'script', 'twitter-wjs');<\/script><\/li><li class=\"gplus\" style=\"width:68px\"><div class=\"g-plusone\" data-size=\"medium\" data-href=\"https:\/\/www.caritasne2.org.br\/site\/carta-aberta-ao-povo-brasileiro\/\"><\/div><\/li><li class=\"ssb_linkedin\" style=\"width:64px\"><script src=\"\/\/platform.linkedin.com\/in.js\" type=\"text\/javascript\">lang: en_US<\/script><script type=\"IN\/Share\" data-url=\"https:\/\/www.caritasne2.org.br\/site\/carta-aberta-ao-povo-brasileiro\/\" data-counter=\"right\"><\/script><\/li><\/ul>","protected":false},"author":4,"featured_media":2142,"comment_status":"open","ping_status":"open","sticky":false,"template":"","format":"standard","meta":[],"categories":[472,20],"tags":[473,474,67,475],"_links":{"self":[{"href":"https:\/\/www.caritasne2.org.br\/site\/wp-json\/wp\/v2\/posts\/2140"}],"collection":[{"href":"https:\/\/www.caritasne2.org.br\/site\/wp-json\/wp\/v2\/posts"}],"about":[{"href":"https:\/\/www.caritasne2.org.br\/site\/wp-json\/wp\/v2\/types\/post"}],"author":[{"embeddable":true,"href":"https:\/\/www.caritasne2.org.br\/site\/wp-json\/wp\/v2\/users\/4"}],"replies":[{"embeddable":true,"href":"https:\/\/www.caritasne2.org.br\/site\/wp-json\/wp\/v2\/comments?post=2140"}],"version-history":[{"count":0,"href":"https:\/\/www.caritasne2.org.br\/site\/wp-json\/wp\/v2\/posts\/2140\/revisions"}],"wp:featuredmedia":[{"embeddable":true,"href":"https:\/\/www.caritasne2.org.br\/site\/wp-json\/"}],"wp:attachment":[{"href":"https:\/\/www.caritasne2.org.br\/site\/wp-json\/wp\/v2\/media?parent=2140"}],"wp:term":[{"taxonomy":"category","embeddable":true,"href":"https:\/\/www.caritasne2.org.br\/site\/wp-json\/wp\/v2\/categories?post=2140"},{"taxonomy":"post_tag","embeddable":true,"href":"https:\/\/www.caritasne2.org.br\/site\/wp-json\/wp\/v2\/tags?post=2140"}],"curies":[{"name":"wp","href":"https:\/\/api.w.org\/{rel}","templated":true}]}}