{"id":2136,"date":"2014-10-16T23:30:30","date_gmt":"2014-10-17T02:30:30","guid":{"rendered":"http:\/\/ne2.caritas.org.br.s174889.gridserver.com\/?p=2136"},"modified":"2017-07-11T15:21:01","modified_gmt":"2017-07-11T18:21:01","slug":"dia-de-aprofundamento-das-tematicas-seminario-internacional-mulheres","status":"publish","type":"post","link":"https:\/\/www.caritasne2.org.br\/site\/dia-de-aprofundamento-das-tematicas-seminario-internacional-mulheres\/","title":{"rendered":"Dia de aprofundamento das tem\u00e1ticas no Semin\u00e1rio Internacional Mulheres"},"content":{"rendered":"<p style=\"text-align: justify;\">O primeiro col\u00f3quio do dia, com tema Cultura, Religi\u00f5es e Desigualdades de G\u00eanero trouxe subs\u00eddios para o aprofundamento e identifica\u00e7\u00e3o das quest\u00f5es ligadas \u00e0s desigualdades desde a sua raiz. Com conte\u00fado orientado por Hulda Stadtler e Andrea Sanchez, o p\u00fablico presente no segundo dia do Semin\u00e1rio Internacional p\u00f4de trocar informa\u00e7\u00f5es, na perspectiva da organiza\u00e7\u00e3o para a constru\u00e7\u00e3o de mudan\u00e7as.<\/p>\n<p style=\"text-align: justify;\">Para Andrea Sanchez, a programa\u00e7\u00e3o desenvolvida no evento, atrav\u00e9s dos col\u00f3quios e mini plen\u00e1rias, dialoga com a proposta de aprofundamento da tem\u00e1tica geral, inserida no momento da C\u00e1ritas, onde a fam\u00edlia humana \u00e9 convocada a se unificar por um fim: a erradica\u00e7\u00e3o das fomes, a de alimento e a de justi\u00e7a.<\/p>\n<p style=\"text-align: justify;\">Apontadas como culpadas pelas pr\u00f3prias viola\u00e7\u00f5es a que s\u00e3o submetidas, algumas mulheres participantes reconhecem que o \u00fanico meio de contrapor tudo isso \u00e9 o feminismo radical e a organiza\u00e7\u00e3o coletiva, uma vez que essas mulheres s\u00e3o responsabilizadas por perpetuarem as pr\u00e1ticas que alimentam o machismo, por caber a elas o papel de educadoras das crian\u00e7as.<\/p>\n<p style=\"text-align: justify;\">Durante toda a tarde, o p\u00fablico foi dividido em mini plen\u00e1rias tem\u00e1ticas. Os resultados foram apresentados numa din\u00e2mica no espa\u00e7o externo do Centro Culural de Bras\u00edlia, onde as discuss\u00f5es foram compartilhadas no grupo maior.<\/p>\n<p style=\"text-align: justify;\">A programa\u00e7\u00e3o do Semin\u00e1rio Internacional Mulheres, Fome, Pobreza, Explora\u00e7\u00e3o e Tr\u00e1fico Humano continua nesta sexta-feira (17), com a explana\u00e7\u00e3o e compartilhamento de di\u00e1logos, que culminar\u00e3o na constru\u00e7\u00e3o de uma Carta do evento, documento oficial que objetiva a efetiva\u00e7\u00e3o de pol\u00edticas p\u00fablicas para a mulher.<\/p>\n<p>&nbsp;<\/p>\n<p>Por Doroty Amaral :: Assessora de Imprensa da C\u00e1ritas Brasileira<\/p>\n<ul class=\"ssb_list_wrapper\"><li class=\"fb2\" style=\"width:135px\"><iframe src=\"\/\/www.facebook.com\/plugins\/like.php?href=https%3A%2F%2Fwww.caritasne2.org.br%2Fsite%2Fdia-de-aprofundamento-das-tematicas-seminario-internacional-mulheres%2F&amp;layout=button_count&amp;action=like&amp;show_faces=false&amp;share=true&amp;width=135&amp;height=21&amp;appId=307091639398582\" scrolling=\"no\" frameborder=\"0\" style=\"border:none; overflow:hidden;  width:150px; height:21px;\" allowTransparency=\"true\"><\/iframe><\/li><li class=\"twtr\" style=\"width:90px\"><a href=\"https:\/\/twitter.com\/share\" class=\"twitter-share-button\" data-url=\"https:\/\/www.caritasne2.org.br\/site\/dia-de-aprofundamento-das-tematicas-seminario-internacional-mulheres\/\">&nbsp;<\/a><script>!function(d,s,id){var js,fjs=d.getElementsByTagName(s)[0],p=\/^http:\/.test(d.location)?'http':'https';if(!d.getElementById(id)){js=d.createElement(s);js.id=id;js.src=p+':\/\/platform.twitter.com\/widgets.js';fjs.parentNode.insertBefore(js,fjs);}}(document, 'script', 'twitter-wjs');<\/script><\/li><li class=\"gplus\" style=\"width:68px\"><div class=\"g-plusone\" data-size=\"medium\" data-href=\"https:\/\/www.caritasne2.org.br\/site\/dia-de-aprofundamento-das-tematicas-seminario-internacional-mulheres\/\"><\/div><\/li><li class=\"ssb_linkedin\" style=\"width:64px\"><script src=\"\/\/platform.linkedin.com\/in.js\" type=\"text\/javascript\">lang: en_US<\/script><script type=\"IN\/Share\" data-url=\"https:\/\/www.caritasne2.org.br\/site\/dia-de-aprofundamento-das-tematicas-seminario-internacional-mulheres\/\" data-counter=\"right\"><\/script><\/li><\/ul>","protected":false},"excerpt":{"rendered":"<p>O primeiro col\u00f3quio do dia, com tema Cultura, Religi\u00f5es e Desigualdades de G\u00eanero trouxe subs\u00eddios para o aprofundamento e identifica\u00e7\u00e3o das quest\u00f5es ligadas \u00e0s desigualdades desde a sua raiz. Com conte\u00fado orientado por Hulda Stadtler e Andrea Sanchez, o p\u00fablico presente no segundo dia do Semin\u00e1rio Internacional p\u00f4de trocar informa\u00e7\u00f5es, na perspectiva da organiza\u00e7\u00e3o para a constru\u00e7\u00e3o de mudan\u00e7as. Para Andrea Sanchez, a programa\u00e7\u00e3o desenvolvida [&hellip;]<\/p>\n<ul class=\"ssb_list_wrapper\"><li class=\"fb2\" style=\"width:135px\"><iframe src=\"\/\/www.facebook.com\/plugins\/like.php?href=https%3A%2F%2Fwww.caritasne2.org.br%2Fsite%2Fdia-de-aprofundamento-das-tematicas-seminario-internacional-mulheres%2F&amp;layout=button_count&amp;action=like&amp;show_faces=false&amp;share=true&amp;width=135&amp;height=21&amp;appId=307091639398582\" scrolling=\"no\" frameborder=\"0\" style=\"border:none; overflow:hidden;  width:150px; height:21px;\" allowTransparency=\"true\"><\/iframe><\/li><li class=\"twtr\" style=\"width:90px\"><a href=\"https:\/\/twitter.com\/share\" class=\"twitter-share-button\" data-url=\"https:\/\/www.caritasne2.org.br\/site\/dia-de-aprofundamento-das-tematicas-seminario-internacional-mulheres\/\">&nbsp;<\/a><script>!function(d,s,id){var js,fjs=d.getElementsByTagName(s)[0],p=\/^http:\/.test(d.location)?'http':'https';if(!d.getElementById(id)){js=d.createElement(s);js.id=id;js.src=p+':\/\/platform.twitter.com\/widgets.js';fjs.parentNode.insertBefore(js,fjs);}}(document, 'script', 'twitter-wjs');<\/script><\/li><li class=\"gplus\" style=\"width:68px\"><div class=\"g-plusone\" data-size=\"medium\" data-href=\"https:\/\/www.caritasne2.org.br\/site\/dia-de-aprofundamento-das-tematicas-seminario-internacional-mulheres\/\"><\/div><\/li><li class=\"ssb_linkedin\" style=\"width:64px\"><script src=\"\/\/platform.linkedin.com\/in.js\" type=\"text\/javascript\">lang: en_US<\/script><script type=\"IN\/Share\" data-url=\"https:\/\/www.caritasne2.org.br\/site\/dia-de-aprofundamento-das-tematicas-seminario-internacional-mulheres\/\" data-counter=\"right\"><\/script><\/li><\/ul>","protected":false},"author":4,"featured_media":2137,"comment_status":"open","ping_status":"open","sticky":false,"template":"","format":"standard","meta":[],"categories":[20,466],"tags":[67,463],"_links":{"self":[{"href":"https:\/\/www.caritasne2.org.br\/site\/wp-json\/wp\/v2\/posts\/2136"}],"collection":[{"href":"https:\/\/www.caritasne2.org.br\/site\/wp-json\/wp\/v2\/posts"}],"about":[{"href":"https:\/\/www.caritasne2.org.br\/site\/wp-json\/wp\/v2\/types\/post"}],"author":[{"embeddable":true,"href":"https:\/\/www.caritasne2.org.br\/site\/wp-json\/wp\/v2\/users\/4"}],"replies":[{"embeddable":true,"href":"https:\/\/www.caritasne2.org.br\/site\/wp-json\/wp\/v2\/comments?post=2136"}],"version-history":[{"count":0,"href":"https:\/\/www.caritasne2.org.br\/site\/wp-json\/wp\/v2\/posts\/2136\/revisions"}],"wp:featuredmedia":[{"embeddable":true,"href":"https:\/\/www.caritasne2.org.br\/site\/wp-json\/"}],"wp:attachment":[{"href":"https:\/\/www.caritasne2.org.br\/site\/wp-json\/wp\/v2\/media?parent=2136"}],"wp:term":[{"taxonomy":"category","embeddable":true,"href":"https:\/\/www.caritasne2.org.br\/site\/wp-json\/wp\/v2\/categories?post=2136"},{"taxonomy":"post_tag","embeddable":true,"href":"https:\/\/www.caritasne2.org.br\/site\/wp-json\/wp\/v2\/tags?post=2136"}],"curies":[{"name":"wp","href":"https:\/\/api.w.org\/{rel}","templated":true}]}}