{"id":2132,"date":"2014-10-16T23:11:42","date_gmt":"2014-10-17T02:11:42","guid":{"rendered":"http:\/\/ne2.caritas.org.br.s174889.gridserver.com\/?p=2132"},"modified":"2017-07-11T15:21:33","modified_gmt":"2017-07-11T18:21:33","slug":"seminario-internacional-mulheres-tem-dia-intenso-de-reflexoes-debates","status":"publish","type":"post","link":"https:\/\/www.caritasne2.org.br\/site\/seminario-internacional-mulheres-tem-dia-intenso-de-reflexoes-debates\/","title":{"rendered":"Semin\u00e1rio Internacional Mulheres tem dia intenso de reflex\u00f5es e debates"},"content":{"rendered":"<p style=\"text-align: justify;\">\u201cN\u00e3o mexe comigo, que eu n\u00e3o ando s\u00f3, eu n\u00e3o ando s\u00f3, eu n\u00e3o s\u00f3\u2026\u201d Foi com um chamado ao fortalecimento das mulheres em grupo, utilizando versos conhecidos na voz de Maria Bet\u00e2nia, que teve in\u00edcio o Semin\u00e1rio Internacional Mulheres, com um momento de m\u00edstica e acolhida, no Centro Cultural de Bras\u00edlia, na manh\u00e3 desta quarta-feira, 15 de outubro.<\/p>\n<p style=\"text-align: justify;\">Participantes, mulheres e homens, de v\u00e1rias partes do Brasil e de outros pa\u00edses, como Espanha e Fran\u00e7a, partilharam experi\u00eancias de luta em pequenos grupos e, posteriormente, com todas as pessoas no audit\u00f3rio.<\/p>\n<p style=\"text-align: justify;\">Tiveram destaque as lutas das mulheres negras, pescadoras, camponesas, ciganas, catadoras, nordestinas, empobrecidas, em situa\u00e7\u00e3o de prostitui\u00e7\u00e3o, educadoras, entre tantas outras em situa\u00e7\u00e3o de invisibilidade social.<\/p>\n<p style=\"text-align: justify;\">A programa\u00e7\u00e3o da tarde teve in\u00edcio com uma mesa formada com representa\u00e7\u00f5es da C\u00e1ritas Brasileira (Anadete Gon\u00e7alves), C\u00e1ritas Espanha (Francisco Cristobal), CNBB (dom Leonardo Ulrich), Secretaria Nacional de pol\u00edticas para Mulher (dra. Lourdes Maria Bndeira) e Secretaria Nacional de Seguran\u00e7a Alimentar e Nutricional (Arnoldo Anacleto de Campos).<\/p>\n<p style=\"text-align: justify;\">Para a vice-presidente da C\u00e1ritas Brasileira, Anadete Gon\u00e7alves, \u201cn\u00e3o \u00e9 mais poss\u00edvel suportar a viol\u00eancia gritante sofrida pelas mulheres. Esse quadro somente poder\u00e1 ser mudado com a discuss\u00e3o de pol\u00edticas p\u00fablicas concretas para a constru\u00e7\u00e3o de um cen\u00e1rio diferente, de direitos e respeito do universo feminino\u201d.<\/p>\n<p style=\"text-align: justify;\">Na sequ\u00eancia, aconteceu o col\u00f3quio de abertura com o Tema Mulheres e o Cen\u00e1rio da Invisibilidade da Fome, Pobreza, Explora\u00e7\u00e3o e Tr\u00e1fico Humano, com as professoras Maria L\u00facia Leal e M\u00e1rcia Maria de Oliveira.<\/p>\n<p style=\"text-align: justify;\">Maria L\u00facia, p\u00f3s-doutora pelo Programa P\u00f3s-colonialismos e Cidadania Global do Centro de Estudos Sociais da Faculdade de Economia da Universidade de Coimbra\/Portugal, a pobreza no pa\u00eds tem o rosto da mulher negra. \u201cAs rela\u00e7\u00f5es dentro das fam\u00edlias alimentam as condi\u00e7\u00f5es inferiores as quais as mulheres s\u00e3o submetidas. Viol\u00eancia, sexo for\u00e7ado, obriga\u00e7\u00f5es com trabalhos dom\u00e9sticos, cuidados com enfermos, idosos e crian\u00e7as como fun\u00e7\u00f5es n\u00e3o remuneradas, perpetuam essa realidade\u201d, afirma a doutora, que destaca que 93% do trabalho dom\u00e9stico no Brasil \u00e9 de ocupa\u00e7\u00e3o feminina.<\/p>\n<p style=\"text-align: justify;\">Para M\u00e1rcia Maria, que falou sobre o cen\u00e1rio mundial do tr\u00e1fico e explora\u00e7\u00e3o sexual, h\u00e1 uma feminiza\u00e7\u00e3o da migra\u00e7\u00e3o, principalmente para a Europa. \u201cA ind\u00fastria internacional do sexo \u00e9 que mais cresce no mundo. No recorte do continente europeu, essa ind\u00fastria tem como principal fonte na Am\u00e9rica Latina, as mulheres brasileiras, que s\u00e3o levadas, estrategicamente, com outras promessas de trabalho, sendo depois inserida nesse mercado\u201d. M\u00e1rcia Maria \u00e9 doutora em Sociedade e Cultura na Amaz\u00f4nia.<\/p>\n<p style=\"text-align: justify;\">A pesquisadora apresentou um curta-metragem de produ\u00e7\u00e3o cearense, \u201cVida Maria\u201d, que retrata como as informa\u00e7\u00f5es de inferioriza\u00e7\u00e3o do universo e trabalhos executados pelas mulheres, passam dentro das fam\u00edlias, de m\u00e3e para filha, gera\u00e7\u00e3o a gera\u00e7\u00e3o.<\/p>\n<p style=\"text-align: justify;\">O p\u00fablico participou do debate trazendo quest\u00f5es relacionadas \u00e0 discuss\u00e3o de tantos agrupamentos sociais de representa\u00e7\u00e3o feminina, como as mulheres presas e as de baixo \u00edndice de escolaridade. Tamb\u00e9m foi sugerida a produ\u00e7\u00e3o de uma carta do evento, um documento oficial do Semin\u00e1rio, que deve ser direcionada \u00e0 Presid\u00eancia da Rep\u00fablica, para a concretiza\u00e7\u00e3o das discuss\u00f5es em pol\u00edticas p\u00fablicas sociais.<\/p>\n<p style=\"text-align: justify;\">Um momento cultural encerrou o primeiro dia de evento. A atriz e escritora Lilia Diniz apresentou-se ao p\u00fablico de cerca de 120 pessoas, com repert\u00f3rio carregado de hist\u00f3rias caracter\u00edsticas do universo das mulheres, como Maria Maria, de Milton Nacimento e Teresinha de Jesus, can\u00e7\u00e3o de dom\u00ednio p\u00fablico da cultura popular.<\/p>\n<p style=\"text-align: justify;\">Por Doroty Amaral :: Assessora de imprensa da C\u00e1ritas Brasileira<\/p>\n<ul class=\"ssb_list_wrapper\"><li class=\"fb2\" style=\"width:135px\"><iframe src=\"\/\/www.facebook.com\/plugins\/like.php?href=https%3A%2F%2Fwww.caritasne2.org.br%2Fsite%2Fseminario-internacional-mulheres-tem-dia-intenso-de-reflexoes-debates%2F&amp;layout=button_count&amp;action=like&amp;show_faces=false&amp;share=true&amp;width=135&amp;height=21&amp;appId=307091639398582\" scrolling=\"no\" frameborder=\"0\" style=\"border:none; overflow:hidden;  width:150px; height:21px;\" allowTransparency=\"true\"><\/iframe><\/li><li class=\"twtr\" style=\"width:90px\"><a href=\"https:\/\/twitter.com\/share\" class=\"twitter-share-button\" data-url=\"https:\/\/www.caritasne2.org.br\/site\/seminario-internacional-mulheres-tem-dia-intenso-de-reflexoes-debates\/\">&nbsp;<\/a><script>!function(d,s,id){var js,fjs=d.getElementsByTagName(s)[0],p=\/^http:\/.test(d.location)?'http':'https';if(!d.getElementById(id)){js=d.createElement(s);js.id=id;js.src=p+':\/\/platform.twitter.com\/widgets.js';fjs.parentNode.insertBefore(js,fjs);}}(document, 'script', 'twitter-wjs');<\/script><\/li><li class=\"gplus\" style=\"width:68px\"><div class=\"g-plusone\" data-size=\"medium\" data-href=\"https:\/\/www.caritasne2.org.br\/site\/seminario-internacional-mulheres-tem-dia-intenso-de-reflexoes-debates\/\"><\/div><\/li><li class=\"ssb_linkedin\" style=\"width:64px\"><script src=\"\/\/platform.linkedin.com\/in.js\" type=\"text\/javascript\">lang: en_US<\/script><script type=\"IN\/Share\" data-url=\"https:\/\/www.caritasne2.org.br\/site\/seminario-internacional-mulheres-tem-dia-intenso-de-reflexoes-debates\/\" data-counter=\"right\"><\/script><\/li><\/ul>","protected":false},"excerpt":{"rendered":"<p>\u201cN\u00e3o mexe comigo, que eu n\u00e3o ando s\u00f3, eu n\u00e3o ando s\u00f3, eu n\u00e3o s\u00f3\u2026\u201d Foi com um chamado ao fortalecimento das mulheres em grupo, utilizando versos conhecidos na voz de Maria Bet\u00e2nia, que teve in\u00edcio o Semin\u00e1rio Internacional Mulheres, com um momento de m\u00edstica e acolhida, no Centro Cultural de Bras\u00edlia, na manh\u00e3 desta quarta-feira, 15 de outubro. Participantes, mulheres e homens, de v\u00e1rias [&hellip;]<\/p>\n<ul class=\"ssb_list_wrapper\"><li class=\"fb2\" style=\"width:135px\"><iframe src=\"\/\/www.facebook.com\/plugins\/like.php?href=https%3A%2F%2Fwww.caritasne2.org.br%2Fsite%2Fseminario-internacional-mulheres-tem-dia-intenso-de-reflexoes-debates%2F&amp;layout=button_count&amp;action=like&amp;show_faces=false&amp;share=true&amp;width=135&amp;height=21&amp;appId=307091639398582\" scrolling=\"no\" frameborder=\"0\" style=\"border:none; overflow:hidden;  width:150px; height:21px;\" allowTransparency=\"true\"><\/iframe><\/li><li class=\"twtr\" style=\"width:90px\"><a href=\"https:\/\/twitter.com\/share\" class=\"twitter-share-button\" data-url=\"https:\/\/www.caritasne2.org.br\/site\/seminario-internacional-mulheres-tem-dia-intenso-de-reflexoes-debates\/\">&nbsp;<\/a><script>!function(d,s,id){var js,fjs=d.getElementsByTagName(s)[0],p=\/^http:\/.test(d.location)?'http':'https';if(!d.getElementById(id)){js=d.createElement(s);js.id=id;js.src=p+':\/\/platform.twitter.com\/widgets.js';fjs.parentNode.insertBefore(js,fjs);}}(document, 'script', 'twitter-wjs');<\/script><\/li><li class=\"gplus\" style=\"width:68px\"><div class=\"g-plusone\" data-size=\"medium\" data-href=\"https:\/\/www.caritasne2.org.br\/site\/seminario-internacional-mulheres-tem-dia-intenso-de-reflexoes-debates\/\"><\/div><\/li><li class=\"ssb_linkedin\" style=\"width:64px\"><script src=\"\/\/platform.linkedin.com\/in.js\" type=\"text\/javascript\">lang: en_US<\/script><script type=\"IN\/Share\" data-url=\"https:\/\/www.caritasne2.org.br\/site\/seminario-internacional-mulheres-tem-dia-intenso-de-reflexoes-debates\/\" data-counter=\"right\"><\/script><\/li><\/ul>","protected":false},"author":4,"featured_media":2133,"comment_status":"open","ping_status":"open","sticky":false,"template":"","format":"standard","meta":[],"categories":[20,466],"tags":[67,471],"_links":{"self":[{"href":"https:\/\/www.caritasne2.org.br\/site\/wp-json\/wp\/v2\/posts\/2132"}],"collection":[{"href":"https:\/\/www.caritasne2.org.br\/site\/wp-json\/wp\/v2\/posts"}],"about":[{"href":"https:\/\/www.caritasne2.org.br\/site\/wp-json\/wp\/v2\/types\/post"}],"author":[{"embeddable":true,"href":"https:\/\/www.caritasne2.org.br\/site\/wp-json\/wp\/v2\/users\/4"}],"replies":[{"embeddable":true,"href":"https:\/\/www.caritasne2.org.br\/site\/wp-json\/wp\/v2\/comments?post=2132"}],"version-history":[{"count":0,"href":"https:\/\/www.caritasne2.org.br\/site\/wp-json\/wp\/v2\/posts\/2132\/revisions"}],"wp:featuredmedia":[{"embeddable":true,"href":"https:\/\/www.caritasne2.org.br\/site\/wp-json\/"}],"wp:attachment":[{"href":"https:\/\/www.caritasne2.org.br\/site\/wp-json\/wp\/v2\/media?parent=2132"}],"wp:term":[{"taxonomy":"category","embeddable":true,"href":"https:\/\/www.caritasne2.org.br\/site\/wp-json\/wp\/v2\/categories?post=2132"},{"taxonomy":"post_tag","embeddable":true,"href":"https:\/\/www.caritasne2.org.br\/site\/wp-json\/wp\/v2\/tags?post=2132"}],"curies":[{"name":"wp","href":"https:\/\/api.w.org\/{rel}","templated":true}]}}