{"id":2100,"date":"2014-10-02T14:19:36","date_gmt":"2014-10-02T17:19:36","guid":{"rendered":"http:\/\/ne2.caritas.org.br.s174889.gridserver.com\/?p=2100"},"modified":"2017-07-11T15:21:33","modified_gmt":"2017-07-11T18:21:33","slug":"cnbb-caritas-promovem-seminario-mulheres-fome-pobreza-trafico-humano","status":"publish","type":"post","link":"https:\/\/www.caritasne2.org.br\/site\/cnbb-caritas-promovem-seminario-mulheres-fome-pobreza-trafico-humano\/","title":{"rendered":"CNBB e C\u00e1ritas promovem semin\u00e1rio \u201cMulheres: fome, pobreza e tr\u00e1fico humano\u201d"},"content":{"rendered":"<p style=\"text-align: justify;\">Dentro das a\u00e7\u00f5es da Campanha Internacional da C\u00e1ritas contra a fome, no Brasil chamada de \u201cUma fam\u00edlia humana: p\u00e3o e justi\u00e7a para todos\u201d, acontece de 15 a 17 de outubro, em Bras\u00edlia (DF), o semin\u00e1rio internacional \u201cMulheres: fome, pobreza e tr\u00e1fico humano\u201d. A organiza\u00e7\u00e3o do evento deseja debater a realidade feminina e seu papel no enfrentamento das realidades elencadas no tema, propondo pistas de transforma\u00e7\u00e3o para rela\u00e7\u00f5es de equidade e justi\u00e7a social.<\/p>\n<p style=\"text-align: justify;\">\u00a0A inciativa da Comiss\u00e3o Episcopal para o Servi\u00e7o da Caridade, da Justi\u00e7a e da Paz da Confer\u00eancia Nacional dos Bispos do Brasil (CNBB) e da C\u00e1ritas Brasileira re\u00fane ainda a Pastoral da Mulher Marginalizada, a entidade norte-americana Catholic Relief Services e a C\u00e1ritas da Fran\u00e7a e da Espanha. As secretarias de Direitos Humanos e de Pol\u00edticas para as Mulheres da Presid\u00eancia da Rep\u00fablica e a de Secretaria Nacional de Seguran\u00e7a Alimentar e Nutricional \u2013 SESAN do Minist\u00e9rio do Desenvolvimento Social tamb\u00e9m participam do encontro.<\/p>\n<p style=\"text-align: justify;\">Est\u00e3o previstos na programa\u00e7\u00e3o quatro col\u00f3quios, debates, momentos culturais e mini plen\u00e1rias. Os di\u00e1logos tratar\u00e3o de temas relacionados ao cen\u00e1rio da invisibilidade da fome, pobreza, explora\u00e7\u00e3o e tr\u00e1fico humano; direitos humanos, direitos das mulheres e democracia brasileira; Cultura, religi\u00f5es e desigualdade de g\u00eanero; e a quest\u00e3o da explora\u00e7\u00e3o.<\/p>\n<p>\u00a0Fonte: CNBB<\/p>\n<ul class=\"ssb_list_wrapper\"><li class=\"fb2\" style=\"width:135px\"><iframe src=\"\/\/www.facebook.com\/plugins\/like.php?href=https%3A%2F%2Fwww.caritasne2.org.br%2Fsite%2Fcnbb-caritas-promovem-seminario-mulheres-fome-pobreza-trafico-humano%2F&amp;layout=button_count&amp;action=like&amp;show_faces=false&amp;share=true&amp;width=135&amp;height=21&amp;appId=307091639398582\" scrolling=\"no\" frameborder=\"0\" style=\"border:none; overflow:hidden;  width:150px; height:21px;\" allowTransparency=\"true\"><\/iframe><\/li><li class=\"twtr\" style=\"width:90px\"><a href=\"https:\/\/twitter.com\/share\" class=\"twitter-share-button\" data-url=\"https:\/\/www.caritasne2.org.br\/site\/cnbb-caritas-promovem-seminario-mulheres-fome-pobreza-trafico-humano\/\">&nbsp;<\/a><script>!function(d,s,id){var js,fjs=d.getElementsByTagName(s)[0],p=\/^http:\/.test(d.location)?'http':'https';if(!d.getElementById(id)){js=d.createElement(s);js.id=id;js.src=p+':\/\/platform.twitter.com\/widgets.js';fjs.parentNode.insertBefore(js,fjs);}}(document, 'script', 'twitter-wjs');<\/script><\/li><li class=\"gplus\" style=\"width:68px\"><div class=\"g-plusone\" data-size=\"medium\" data-href=\"https:\/\/www.caritasne2.org.br\/site\/cnbb-caritas-promovem-seminario-mulheres-fome-pobreza-trafico-humano\/\"><\/div><\/li><li class=\"ssb_linkedin\" style=\"width:64px\"><script src=\"\/\/platform.linkedin.com\/in.js\" type=\"text\/javascript\">lang: en_US<\/script><script type=\"IN\/Share\" data-url=\"https:\/\/www.caritasne2.org.br\/site\/cnbb-caritas-promovem-seminario-mulheres-fome-pobreza-trafico-humano\/\" data-counter=\"right\"><\/script><\/li><\/ul>","protected":false},"excerpt":{"rendered":"<p>Dentro das a\u00e7\u00f5es da Campanha Internacional da C\u00e1ritas contra a fome, no Brasil chamada de \u201cUma fam\u00edlia humana: p\u00e3o e justi\u00e7a para todos\u201d, acontece de 15 a 17 de outubro, em Bras\u00edlia (DF), o semin\u00e1rio internacional \u201cMulheres: fome, pobreza e tr\u00e1fico humano\u201d. A organiza\u00e7\u00e3o do evento deseja debater a realidade feminina e seu papel no enfrentamento das realidades elencadas no tema, propondo pistas de transforma\u00e7\u00e3o [&hellip;]<\/p>\n<ul class=\"ssb_list_wrapper\"><li class=\"fb2\" style=\"width:135px\"><iframe src=\"\/\/www.facebook.com\/plugins\/like.php?href=https%3A%2F%2Fwww.caritasne2.org.br%2Fsite%2Fcnbb-caritas-promovem-seminario-mulheres-fome-pobreza-trafico-humano%2F&amp;layout=button_count&amp;action=like&amp;show_faces=false&amp;share=true&amp;width=135&amp;height=21&amp;appId=307091639398582\" scrolling=\"no\" frameborder=\"0\" style=\"border:none; overflow:hidden;  width:150px; height:21px;\" allowTransparency=\"true\"><\/iframe><\/li><li class=\"twtr\" style=\"width:90px\"><a href=\"https:\/\/twitter.com\/share\" class=\"twitter-share-button\" data-url=\"https:\/\/www.caritasne2.org.br\/site\/cnbb-caritas-promovem-seminario-mulheres-fome-pobreza-trafico-humano\/\">&nbsp;<\/a><script>!function(d,s,id){var js,fjs=d.getElementsByTagName(s)[0],p=\/^http:\/.test(d.location)?'http':'https';if(!d.getElementById(id)){js=d.createElement(s);js.id=id;js.src=p+':\/\/platform.twitter.com\/widgets.js';fjs.parentNode.insertBefore(js,fjs);}}(document, 'script', 'twitter-wjs');<\/script><\/li><li class=\"gplus\" style=\"width:68px\"><div class=\"g-plusone\" data-size=\"medium\" data-href=\"https:\/\/www.caritasne2.org.br\/site\/cnbb-caritas-promovem-seminario-mulheres-fome-pobreza-trafico-humano\/\"><\/div><\/li><li class=\"ssb_linkedin\" style=\"width:64px\"><script src=\"\/\/platform.linkedin.com\/in.js\" type=\"text\/javascript\">lang: en_US<\/script><script type=\"IN\/Share\" data-url=\"https:\/\/www.caritasne2.org.br\/site\/cnbb-caritas-promovem-seminario-mulheres-fome-pobreza-trafico-humano\/\" data-counter=\"right\"><\/script><\/li><\/ul>","protected":false},"author":4,"featured_media":2101,"comment_status":"open","ping_status":"open","sticky":false,"template":"","format":"standard","meta":[],"categories":[20,462],"tags":[309,67,310,461,463],"_links":{"self":[{"href":"https:\/\/www.caritasne2.org.br\/site\/wp-json\/wp\/v2\/posts\/2100"}],"collection":[{"href":"https:\/\/www.caritasne2.org.br\/site\/wp-json\/wp\/v2\/posts"}],"about":[{"href":"https:\/\/www.caritasne2.org.br\/site\/wp-json\/wp\/v2\/types\/post"}],"author":[{"embeddable":true,"href":"https:\/\/www.caritasne2.org.br\/site\/wp-json\/wp\/v2\/users\/4"}],"replies":[{"embeddable":true,"href":"https:\/\/www.caritasne2.org.br\/site\/wp-json\/wp\/v2\/comments?post=2100"}],"version-history":[{"count":0,"href":"https:\/\/www.caritasne2.org.br\/site\/wp-json\/wp\/v2\/posts\/2100\/revisions"}],"wp:featuredmedia":[{"embeddable":true,"href":"https:\/\/www.caritasne2.org.br\/site\/wp-json\/"}],"wp:attachment":[{"href":"https:\/\/www.caritasne2.org.br\/site\/wp-json\/wp\/v2\/media?parent=2100"}],"wp:term":[{"taxonomy":"category","embeddable":true,"href":"https:\/\/www.caritasne2.org.br\/site\/wp-json\/wp\/v2\/categories?post=2100"},{"taxonomy":"post_tag","embeddable":true,"href":"https:\/\/www.caritasne2.org.br\/site\/wp-json\/wp\/v2\/tags?post=2100"}],"curies":[{"name":"wp","href":"https:\/\/api.w.org\/{rel}","templated":true}]}}