{"id":2090,"date":"2014-10-02T10:39:58","date_gmt":"2014-10-02T13:39:58","guid":{"rendered":"http:\/\/ne2.caritas.org.br.s174889.gridserver.com\/?p=2090"},"modified":"2017-07-11T15:21:33","modified_gmt":"2017-07-11T18:21:33","slug":"eleicoes-os-cristaos-sao-convidados-participar-da-politica-afirma-dom-leonardo","status":"publish","type":"post","link":"https:\/\/www.caritasne2.org.br\/site\/eleicoes-os-cristaos-sao-convidados-participar-da-politica-afirma-dom-leonardo\/","title":{"rendered":"Elei\u00e7\u00f5es: \u201cOs crist\u00e3os s\u00e3o convidados a participar da pol\u00edtica\u201d, afirma dom Leonardo"},"content":{"rendered":"<p style=\"text-align: justify;\">No pr\u00f3ximo domingo, 5 de outubro, os brasileiros ir\u00e3o eleger o presidente da Rep\u00fablica, governadores, deputados distritais, estaduais e federais. Para auxiliar os crist\u00e3os na escolha consciente de seus representantes, a Confer\u00eancia Nacional dos Bispos do Brasil (CNBB) publicou a mensagem \u201cPensando o Brasil: desafios diante das elei\u00e7\u00f5es 2014\u201d, aprovada durante a 52\u00aa Assembleia Geral.<\/p>\n<p style=\"text-align: justify;\">Entre as quest\u00f5es abordadas no texto est\u00e3o a participa\u00e7\u00e3o dos crist\u00e3os, desafios da realidade sociopol\u00edtica, urg\u00eancia da reforma pol\u00edtica, desenvolvimento econ\u00f4mico e sustentabilidade social.<\/p>\n<p style=\"text-align: justify;\">Para o bispo auxiliar de Bras\u00edlia e secret\u00e1rio geral da CNBB, dom Leonardo Steiner, \u201cos crist\u00e3os s\u00e3o insistentemente convidados a participar da pol\u00edtica\u201d, por meio das discuss\u00f5es, do voto e da fiscaliza\u00e7\u00e3o.<\/p>\n<p style=\"text-align: justify;\"><em>Leia, abaixo, entrevista com dom Leonardo sobre as elei\u00e7\u00f5es 2014.<\/em><\/p>\n<p style=\"text-align: justify;\">\u00a0Dom Leonardo, durante a 52\u00aa Assembleia Geral da Confer\u00eancia Nacional dos Bispos do Brasil \u2013 CNBB, realizada em Aparecida (SP), de 30 de abril a 9 de maio, os bispos aprovaram a mensagem \u201cPensando o Brasil: Desafios diante das elei\u00e7\u00f5es 2014\u201d. O que a CNBB prop\u00f5e na mensagem?<\/p>\n<p style=\"text-align: justify;\">Dom Leonardo &#8211; Prop\u00f5e a participa\u00e7\u00e3o ativa dos crist\u00e3os na pol\u00edtica, isto \u00e9, participar da constru\u00e7\u00e3o da sociedade. A mensagem faz eco \u00e0s palavras do papa Francisco na Exorta\u00e7\u00e3o Evangelii Gaudium: \u201cningu\u00e9m pode exigir-nos relegar a religi\u00e3o para a intimidade secreta das pessoas, sem qualquer influ\u00eancia na vida social e nacional, sem nos preocupar com a sa\u00fade das institui\u00e7\u00f5es da sociedade civil, sem nos pronunciar sobre os acontecimentos que interessam aos cidad\u00e3os\u201d. A elei\u00e7\u00e3o \u00e9 momento decisivo para a vida das pessoas que vivem no pa\u00eds. Ajudar a pensar o Brasil no tempo que antecede ao voto \u00e9 uma contribui\u00e7\u00e3o que a Confer\u00eancia Nacional dos Bispos do Brasil-CNBB n\u00e3o poderia deixar de oferecer.<\/p>\n<p style=\"text-align: justify;\">A mensagem afirma que a mudan\u00e7a de situa\u00e7\u00f5es de injusti\u00e7as e de desigualdade requer a interven\u00e7\u00e3o dos crist\u00e3os na pol\u00edtica. Como os crist\u00e3os podem intervir nesta esfera de modo a transformar esta realidade?<\/p>\n<p style=\"text-align: justify;\">Dom Leonardo &#8211; As mudan\u00e7as acontecer\u00e3o na medida em que houver uma participa\u00e7\u00e3o maior de pessoas que deixam-se conduzir pela \u00e9tica e os crist\u00e3os tamb\u00e9m pelos valores do Evangelho. Os crist\u00e3os s\u00e3o insistentemente convidados a participar da pol\u00edtica em todos os n\u00edveis, tamb\u00e9m nos partidos pol\u00edticos. Intervir na pol\u00edtica \u00e9 participar das discuss\u00f5es, da vota\u00e7\u00e3o, da \u201cfiscaliza\u00e7\u00e3o\u201d depois das elei\u00e7\u00f5es. O texto indica tamb\u00e9m o caminho da reforma pol\u00edtica necess\u00e1ria como necess\u00e1rio para as mudan\u00e7as.<\/p>\n<p style=\"text-align: justify;\">Os per\u00edodos eleitorais constituem-se em momento prop\u00edcio \u00e0 participa\u00e7\u00e3o dos crist\u00e3os, de quem se espera conscienciosa atua\u00e7\u00e3o no processo decis\u00f3rio sobre aqueles que conduzir\u00e3o a coisa p\u00fablica. Como ser ativo diante das elei\u00e7\u00f5es?<\/p>\n<p style=\"text-align: justify;\">Dom Leonardo &#8211; Como crist\u00e3o refletir, discutir os projetos dos partidos e dos candidatos. Identificar os candidatos \u201cFicha Limpa\u201d. Votar em candidatos que representem os valores crist\u00e3os \u00e9 um passo importante, mas n\u00e3o \u00e9 o \u00fanico. Como crist\u00e3os continuar contribuindo para que haja um di\u00e1logo que aponte para as mudan\u00e7as necess\u00e1rias no modo de fazer pol\u00edtica. Como j\u00e1 lembrado, acompanhar, com rigor, o trabalho dos eleitos. Para construir a sociedade justa e fraterna faz-se necess\u00e1rio como crist\u00e3os acompanhar, monitorar as a\u00e7\u00f5es, projetos e gastos dos eleitos. Exigir que exercitem a representa\u00e7\u00e3o digna que lhes foi conferida pelo voto.<\/p>\n<p style=\"text-align: justify;\"><strong>Que mensagem de esperan\u00e7a o senhor pode deixar para aqueles que em outubro v\u00e3o escolher quem os representa?<\/strong><\/p>\n<p style=\"text-align: justify;\">Dom Leonardo &#8211; Lembro as palavras do Santo Padre Francisco na Evangelii guadium: \u201cRezo ao Senhor para que nos conceda mais pol\u00edticos, que tenham verdadeiramente respeito \u00e0 sociedade, ao povo, \u00e0 vida dos pobres. \u00c9 indispens\u00e1vel que os governadores (\u2026) levantem o olhar e alarguem as suas perspectivas, procurando que haja trabalho digno, instru\u00e7\u00e3o e cuidados sanit\u00e1rios para os cidad\u00e3os\u201d. Elegermos mulheres e homens que estejam a servi\u00e7o do bem comum; homens e mulheres que saibam superar a dicotomia entre pol\u00edtica e econ\u00f4mica, a dicotomia entre a economia e o bem comum social. O crist\u00e3o \u00e9 pessoa de esperan\u00e7a! Vive de esperan\u00e7a em esperan\u00e7a! As mudan\u00e7as acontecem pela a\u00e7\u00e3o de pessoas que tem uma causa comum: o bem do outro!<\/p>\n<p>CNBB<\/p>\n<ul class=\"ssb_list_wrapper\"><li class=\"fb2\" style=\"width:135px\"><iframe src=\"\/\/www.facebook.com\/plugins\/like.php?href=https%3A%2F%2Fwww.caritasne2.org.br%2Fsite%2Feleicoes-os-cristaos-sao-convidados-participar-da-politica-afirma-dom-leonardo%2F&amp;layout=button_count&amp;action=like&amp;show_faces=false&amp;share=true&amp;width=135&amp;height=21&amp;appId=307091639398582\" scrolling=\"no\" frameborder=\"0\" style=\"border:none; overflow:hidden;  width:150px; height:21px;\" allowTransparency=\"true\"><\/iframe><\/li><li class=\"twtr\" style=\"width:90px\"><a href=\"https:\/\/twitter.com\/share\" class=\"twitter-share-button\" data-url=\"https:\/\/www.caritasne2.org.br\/site\/eleicoes-os-cristaos-sao-convidados-participar-da-politica-afirma-dom-leonardo\/\">&nbsp;<\/a><script>!function(d,s,id){var js,fjs=d.getElementsByTagName(s)[0],p=\/^http:\/.test(d.location)?'http':'https';if(!d.getElementById(id)){js=d.createElement(s);js.id=id;js.src=p+':\/\/platform.twitter.com\/widgets.js';fjs.parentNode.insertBefore(js,fjs);}}(document, 'script', 'twitter-wjs');<\/script><\/li><li class=\"gplus\" style=\"width:68px\"><div class=\"g-plusone\" data-size=\"medium\" data-href=\"https:\/\/www.caritasne2.org.br\/site\/eleicoes-os-cristaos-sao-convidados-participar-da-politica-afirma-dom-leonardo\/\"><\/div><\/li><li class=\"ssb_linkedin\" style=\"width:64px\"><script src=\"\/\/platform.linkedin.com\/in.js\" type=\"text\/javascript\">lang: en_US<\/script><script type=\"IN\/Share\" data-url=\"https:\/\/www.caritasne2.org.br\/site\/eleicoes-os-cristaos-sao-convidados-participar-da-politica-afirma-dom-leonardo\/\" data-counter=\"right\"><\/script><\/li><\/ul>","protected":false},"excerpt":{"rendered":"<p>No pr\u00f3ximo domingo, 5 de outubro, os brasileiros ir\u00e3o eleger o presidente da Rep\u00fablica, governadores, deputados distritais, estaduais e federais. Para auxiliar os crist\u00e3os na escolha consciente de seus representantes, a Confer\u00eancia Nacional dos Bispos do Brasil (CNBB) publicou a mensagem \u201cPensando o Brasil: desafios diante das elei\u00e7\u00f5es 2014\u201d, aprovada durante a 52\u00aa Assembleia Geral. Entre as quest\u00f5es abordadas no texto est\u00e3o a participa\u00e7\u00e3o dos [&hellip;]<\/p>\n<ul class=\"ssb_list_wrapper\"><li class=\"fb2\" style=\"width:135px\"><iframe src=\"\/\/www.facebook.com\/plugins\/like.php?href=https%3A%2F%2Fwww.caritasne2.org.br%2Fsite%2Feleicoes-os-cristaos-sao-convidados-participar-da-politica-afirma-dom-leonardo%2F&amp;layout=button_count&amp;action=like&amp;show_faces=false&amp;share=true&amp;width=135&amp;height=21&amp;appId=307091639398582\" scrolling=\"no\" frameborder=\"0\" style=\"border:none; overflow:hidden;  width:150px; height:21px;\" allowTransparency=\"true\"><\/iframe><\/li><li class=\"twtr\" style=\"width:90px\"><a href=\"https:\/\/twitter.com\/share\" class=\"twitter-share-button\" data-url=\"https:\/\/www.caritasne2.org.br\/site\/eleicoes-os-cristaos-sao-convidados-participar-da-politica-afirma-dom-leonardo\/\">&nbsp;<\/a><script>!function(d,s,id){var js,fjs=d.getElementsByTagName(s)[0],p=\/^http:\/.test(d.location)?'http':'https';if(!d.getElementById(id)){js=d.createElement(s);js.id=id;js.src=p+':\/\/platform.twitter.com\/widgets.js';fjs.parentNode.insertBefore(js,fjs);}}(document, 'script', 'twitter-wjs');<\/script><\/li><li class=\"gplus\" style=\"width:68px\"><div class=\"g-plusone\" data-size=\"medium\" data-href=\"https:\/\/www.caritasne2.org.br\/site\/eleicoes-os-cristaos-sao-convidados-participar-da-politica-afirma-dom-leonardo\/\"><\/div><\/li><li class=\"ssb_linkedin\" style=\"width:64px\"><script src=\"\/\/platform.linkedin.com\/in.js\" type=\"text\/javascript\">lang: en_US<\/script><script type=\"IN\/Share\" data-url=\"https:\/\/www.caritasne2.org.br\/site\/eleicoes-os-cristaos-sao-convidados-participar-da-politica-afirma-dom-leonardo\/\" data-counter=\"right\"><\/script><\/li><\/ul>","protected":false},"author":4,"featured_media":2091,"comment_status":"open","ping_status":"open","sticky":false,"template":"","format":"standard","meta":[],"categories":[457,20],"tags":[48,67,458,459],"_links":{"self":[{"href":"https:\/\/www.caritasne2.org.br\/site\/wp-json\/wp\/v2\/posts\/2090"}],"collection":[{"href":"https:\/\/www.caritasne2.org.br\/site\/wp-json\/wp\/v2\/posts"}],"about":[{"href":"https:\/\/www.caritasne2.org.br\/site\/wp-json\/wp\/v2\/types\/post"}],"author":[{"embeddable":true,"href":"https:\/\/www.caritasne2.org.br\/site\/wp-json\/wp\/v2\/users\/4"}],"replies":[{"embeddable":true,"href":"https:\/\/www.caritasne2.org.br\/site\/wp-json\/wp\/v2\/comments?post=2090"}],"version-history":[{"count":0,"href":"https:\/\/www.caritasne2.org.br\/site\/wp-json\/wp\/v2\/posts\/2090\/revisions"}],"wp:featuredmedia":[{"embeddable":true,"href":"https:\/\/www.caritasne2.org.br\/site\/wp-json\/"}],"wp:attachment":[{"href":"https:\/\/www.caritasne2.org.br\/site\/wp-json\/wp\/v2\/media?parent=2090"}],"wp:term":[{"taxonomy":"category","embeddable":true,"href":"https:\/\/www.caritasne2.org.br\/site\/wp-json\/wp\/v2\/categories?post=2090"},{"taxonomy":"post_tag","embeddable":true,"href":"https:\/\/www.caritasne2.org.br\/site\/wp-json\/wp\/v2\/tags?post=2090"}],"curies":[{"name":"wp","href":"https:\/\/api.w.org\/{rel}","templated":true}]}}