{"id":2058,"date":"2014-09-08T15:54:26","date_gmt":"2014-09-08T18:54:26","guid":{"rendered":"http:\/\/ne2.caritas.org.br.s174889.gridserver.com\/?p=2058"},"modified":"2017-07-11T15:21:33","modified_gmt":"2017-07-11T18:21:33","slug":"caritas-diocesana-ocupa-ruas-de-pracas-de-pesqueira","status":"publish","type":"post","link":"https:\/\/www.caritasne2.org.br\/site\/caritas-diocesana-ocupa-ruas-de-pracas-de-pesqueira\/","title":{"rendered":"C\u00e1ritas Diocesana ocupa ruas e pra\u00e7as de Pesqueira"},"content":{"rendered":"<p style=\"text-align: justify;\"><span style=\"color: #888888;\">O Grito dos Exclu\u00eddos tem sido uma manifesta\u00e7\u00e3o popular e espa\u00e7o de anima\u00e7\u00e3o e profecia. Sempre aberto e plural a pessoas, grupos, entidades, igrejas e movimentos sociais comprometidos com as causas dos exclu\u00eddos e exclu\u00eddas. No munic\u00edpio de Pesqueira a caminhada \u00e9 realizada pelo segundo ano na quinta-feira que antecede o dia 7 de setembro.<br \/>\n<\/span><\/p>\n<p style=\"text-align: justify;\"><span style=\"color: #888888;\">O 20\u00ba Grito dos Exclu\u00eddos e Exclu\u00eddas este ano trouxe como tema: \u201cOcupar ruas e pra\u00e7as por liberdade de direitos\u201d, tem\u00e1tica que est\u00e1 ligada \u00e0 Campanha da Fraternidade de 2014,\u201cFraternidade e Tr\u00e1fico Humano\u201d.<br \/>\n<\/span><\/p>\n<p style=\"text-align: justify;\"><span style=\"color: #888888;\">A concentra\u00e7\u00e3o aconteceu na Pra\u00e7a em frente a C\u00e1ritas Diocesana de Pesqueira, por volta das 19h.Com bandeiras e cartazes lembrando diversas causas. Um momento de ora\u00e7\u00e3o, ben\u00e7\u00e3o com Frei Assis guardi\u00e3o do Convento do Franciscanos e c\u00e2nticos marcou a sa\u00edda do cortejo pelas ruas da cidade. Acompanhado por carro de som, apitos e instrumentos musicais os manifestantes elevaram suas bandeiras, cartazes, e seguiram em caminhada at\u00e9 a Catedral de Santa \u00c1gueda, contornando pela Rua Cardeal Arcoverde, culminando na C\u00e2mara de Vereadores, onde os participantes expuseram \u00e0 sociedade as mazelas da desigualdade social, da concentra\u00e7\u00e3o de renda, das viola\u00e7\u00f5es dos direitos humanos, descasos do poder p\u00fablico e injusti\u00e7as sociais.<\/span><\/p>\n<p>O presidente da C\u00e1ritas Diocesana de Pesqueira, e agricultor do munic\u00edpio de Venturosa, Aparecido Lib\u00f3rio iniciou as falas citando a falta de oportunidade dos agricultores, da luta pelo reconhecimento da categoria que \u00e9 respons\u00e1vel por 70% da alimenta\u00e7\u00e3o do povo brasileiro e continua t\u00e3o exclu\u00edda. Em seguida a representante dos catadores de reciclagem do munic\u00edpio, Dona Carmem Dolores, falou das priva\u00e7\u00f5es, das muitas promessas e que nada de realmente concreto at\u00e9 o momento foi feito para o grupo. Participaram representante do Movimento Sem Terra(MST), Pastoral da Sobriedade e agentes C\u00e1ritas.<\/p>\n<p>Ao final o Bispo Dom Jos\u00e9 Luiz explanou a import\u00e2ncia do Grito e da necessidade de conscientiza\u00e7\u00e3o e participa\u00e7\u00e3o da popula\u00e7\u00e3o no processo construtivo.<\/p>\n<p>Participaram do 20 \u00ba Grito dos Exclu\u00eddos o Grupo de Xaxado da Associa\u00e7\u00e3o de Pedra Redonda, Maracatu que comp\u00f5e o projeto Correnteza da Cruzada Feminina e o grupo de Dan\u00e7a Afro da Escola Estadual Arruda Marinho, ambas de Pesqueira. Representantes de movimentos religiosos, Movimento Sem Terra, Pastoral Social, agricultores e agricultoras, associa\u00e7\u00f5es , sindicatos e escolas estaduais.<\/p>\n<p>Historicamente, o Grito dos Exclu\u00eddos tem sido uma manifesta\u00e7\u00e3o popular e espa\u00e7o de anima\u00e7\u00e3o e profecia.Sempre aberto e plural a pessoas, grupos, entidades, igrejas e movimentos sociais comprometidos com as causas dos exclu\u00eddos e exclu\u00eddas.<\/p>\n<p>Como indica a pr\u00f3pria express\u00e3o, o Grito dos Exclu\u00eddos constitui-se numa mobiliza\u00e7\u00e3o com tr\u00eas sentidos: denunciar o modelo pol\u00edtico e econ\u00f4mico que, ao mesmo tempo, concentra riqueza e renda e condena milh\u00f5es de pessoas \u00e0 exclus\u00e3o social; tornar p\u00fablico o rosto desfigurado dos grupos exclu\u00eddos, v\u00edtimas do desemprego, da mis\u00e9ria e da fome; propor alternativas ao modelo econ\u00f4mico neoliberal, de forma a desenvolver uma pol\u00edtica de inclus\u00e3o social, com a participa\u00e7\u00e3o ampla de todos os cidad\u00e3os e cidad\u00e3s.<\/p>\n<p style=\"text-align: justify;\"><a href=\"http:\/\/ne2.caritas.org.br.s174889.gridserver.com\/2014\/09\/08\/caritas-diocesana-ocupa-ruas-de-pracas-de-pesqueira\/grito-dos-excluidos-pesqueira\/\" rel=\"attachment wp-att-2060\"><img decoding=\"async\" loading=\"lazy\" class=\"aligncenter size-medium wp-image-2060\" title=\"Grito dos Exclu\u00eddos Pesqueira ...\" src=\"http:\/\/ne2.caritas.org.br.s174889.gridserver.com\/wp-content\/uploads\/2014\/09\/Grito-dos-Exclu\u00eddos-Pesqueira-...-300x187.jpg\" alt=\"\" width=\"300\" height=\"187\" \/><\/a><\/p>\n<p style=\"text-align: justify;\">por \u00a0<em>N\u00facleo de Comunica\u00e7\u00e3o C\u00e1ritas Diocesana de Pesqueira<\/em><\/p>\n<ul class=\"ssb_list_wrapper\"><li class=\"fb2\" style=\"width:135px\"><iframe src=\"\/\/www.facebook.com\/plugins\/like.php?href=https%3A%2F%2Fwww.caritasne2.org.br%2Fsite%2Fcaritas-diocesana-ocupa-ruas-de-pracas-de-pesqueira%2F&amp;layout=button_count&amp;action=like&amp;show_faces=false&amp;share=true&amp;width=135&amp;height=21&amp;appId=307091639398582\" scrolling=\"no\" frameborder=\"0\" style=\"border:none; overflow:hidden;  width:150px; height:21px;\" allowTransparency=\"true\"><\/iframe><\/li><li class=\"twtr\" style=\"width:90px\"><a href=\"https:\/\/twitter.com\/share\" class=\"twitter-share-button\" data-url=\"https:\/\/www.caritasne2.org.br\/site\/caritas-diocesana-ocupa-ruas-de-pracas-de-pesqueira\/\">&nbsp;<\/a><script>!function(d,s,id){var js,fjs=d.getElementsByTagName(s)[0],p=\/^http:\/.test(d.location)?'http':'https';if(!d.getElementById(id)){js=d.createElement(s);js.id=id;js.src=p+':\/\/platform.twitter.com\/widgets.js';fjs.parentNode.insertBefore(js,fjs);}}(document, 'script', 'twitter-wjs');<\/script><\/li><li class=\"gplus\" style=\"width:68px\"><div class=\"g-plusone\" data-size=\"medium\" data-href=\"https:\/\/www.caritasne2.org.br\/site\/caritas-diocesana-ocupa-ruas-de-pracas-de-pesqueira\/\"><\/div><\/li><li class=\"ssb_linkedin\" style=\"width:64px\"><script src=\"\/\/platform.linkedin.com\/in.js\" type=\"text\/javascript\">lang: en_US<\/script><script type=\"IN\/Share\" data-url=\"https:\/\/www.caritasne2.org.br\/site\/caritas-diocesana-ocupa-ruas-de-pracas-de-pesqueira\/\" data-counter=\"right\"><\/script><\/li><\/ul>","protected":false},"excerpt":{"rendered":"<p>O Grito dos Exclu\u00eddos tem sido uma manifesta\u00e7\u00e3o popular e espa\u00e7o de anima\u00e7\u00e3o e profecia. Sempre aberto e plural a pessoas, grupos, entidades, igrejas e movimentos sociais comprometidos com as causas dos exclu\u00eddos e exclu\u00eddas. No munic\u00edpio de Pesqueira a caminhada \u00e9 realizada pelo segundo ano na quinta-feira que antecede o dia 7 de setembro. O 20\u00ba Grito dos Exclu\u00eddos e Exclu\u00eddas este ano trouxe [&hellip;]<\/p>\n<ul class=\"ssb_list_wrapper\"><li class=\"fb2\" style=\"width:135px\"><iframe src=\"\/\/www.facebook.com\/plugins\/like.php?href=https%3A%2F%2Fwww.caritasne2.org.br%2Fsite%2Fcaritas-diocesana-ocupa-ruas-de-pracas-de-pesqueira%2F&amp;layout=button_count&amp;action=like&amp;show_faces=false&amp;share=true&amp;width=135&amp;height=21&amp;appId=307091639398582\" scrolling=\"no\" frameborder=\"0\" style=\"border:none; overflow:hidden;  width:150px; height:21px;\" allowTransparency=\"true\"><\/iframe><\/li><li class=\"twtr\" style=\"width:90px\"><a href=\"https:\/\/twitter.com\/share\" class=\"twitter-share-button\" data-url=\"https:\/\/www.caritasne2.org.br\/site\/caritas-diocesana-ocupa-ruas-de-pracas-de-pesqueira\/\">&nbsp;<\/a><script>!function(d,s,id){var js,fjs=d.getElementsByTagName(s)[0],p=\/^http:\/.test(d.location)?'http':'https';if(!d.getElementById(id)){js=d.createElement(s);js.id=id;js.src=p+':\/\/platform.twitter.com\/widgets.js';fjs.parentNode.insertBefore(js,fjs);}}(document, 'script', 'twitter-wjs');<\/script><\/li><li class=\"gplus\" style=\"width:68px\"><div class=\"g-plusone\" data-size=\"medium\" data-href=\"https:\/\/www.caritasne2.org.br\/site\/caritas-diocesana-ocupa-ruas-de-pracas-de-pesqueira\/\"><\/div><\/li><li class=\"ssb_linkedin\" style=\"width:64px\"><script src=\"\/\/platform.linkedin.com\/in.js\" type=\"text\/javascript\">lang: en_US<\/script><script type=\"IN\/Share\" data-url=\"https:\/\/www.caritasne2.org.br\/site\/caritas-diocesana-ocupa-ruas-de-pracas-de-pesqueira\/\" data-counter=\"right\"><\/script><\/li><\/ul>","protected":false},"author":4,"featured_media":2059,"comment_status":"open","ping_status":"open","sticky":false,"template":"","format":"standard","meta":[],"categories":[449,20],"tags":[67,450],"_links":{"self":[{"href":"https:\/\/www.caritasne2.org.br\/site\/wp-json\/wp\/v2\/posts\/2058"}],"collection":[{"href":"https:\/\/www.caritasne2.org.br\/site\/wp-json\/wp\/v2\/posts"}],"about":[{"href":"https:\/\/www.caritasne2.org.br\/site\/wp-json\/wp\/v2\/types\/post"}],"author":[{"embeddable":true,"href":"https:\/\/www.caritasne2.org.br\/site\/wp-json\/wp\/v2\/users\/4"}],"replies":[{"embeddable":true,"href":"https:\/\/www.caritasne2.org.br\/site\/wp-json\/wp\/v2\/comments?post=2058"}],"version-history":[{"count":0,"href":"https:\/\/www.caritasne2.org.br\/site\/wp-json\/wp\/v2\/posts\/2058\/revisions"}],"wp:featuredmedia":[{"embeddable":true,"href":"https:\/\/www.caritasne2.org.br\/site\/wp-json\/"}],"wp:attachment":[{"href":"https:\/\/www.caritasne2.org.br\/site\/wp-json\/wp\/v2\/media?parent=2058"}],"wp:term":[{"taxonomy":"category","embeddable":true,"href":"https:\/\/www.caritasne2.org.br\/site\/wp-json\/wp\/v2\/categories?post=2058"},{"taxonomy":"post_tag","embeddable":true,"href":"https:\/\/www.caritasne2.org.br\/site\/wp-json\/wp\/v2\/tags?post=2058"}],"curies":[{"name":"wp","href":"https:\/\/api.w.org\/{rel}","templated":true}]}}