{"id":2031,"date":"2014-09-05T16:54:42","date_gmt":"2014-09-05T19:54:42","guid":{"rendered":"http:\/\/ne2.caritas.org.br.s174889.gridserver.com\/?p=2031"},"modified":"2017-07-11T15:21:34","modified_gmt":"2017-07-11T18:21:34","slug":"grito-dos-excluidos-venha-ocupar-ruas-pracas-por-liberdade-de-direitos","status":"publish","type":"post","link":"https:\/\/www.caritasne2.org.br\/site\/grito-dos-excluidos-venha-ocupar-ruas-pracas-por-liberdade-de-direitos\/","title":{"rendered":"Grito dos Exclu\u00eddos: venha ocupar ruas e pra\u00e7as por liberdade de direitos"},"content":{"rendered":"<p style=\"text-align: justify;\">No Dia da P\u00e1tria, 7 de setembro, acontece desde 1995, em todo o territ\u00f3rio nacional, um conjunto de manifesta\u00e7\u00f5espopulares carregadas de simbolismo que t\u00eam como objetivo chamar \u00e0 aten\u00e7\u00e3o da sociedade para as condi\u00e7\u00f5es de crescente exclus\u00e3o social do povo brasileiro e fortalecer a organiza\u00e7\u00e3o, a mobiliza\u00e7\u00e3o e as lutas populares. Todas essas a\u00e7\u00f5es est\u00e3o relacionadas aoGrito dos\/as Exclu\u00eddos\/as.<\/p>\n<p style=\"text-align: justify;\">Como \u00e9 um espa\u00e7o aberto a grupos, entidades, igrejas e movimentos sociais comprometidos com as causas dos exclu\u00eddos, durante o Grito acontece diversas atividades, como: atos p\u00fablicos, blocos na rua, romarias, caminhadas, teatro, m\u00fasica, dan\u00e7a, etc.<\/p>\n<p style=\"text-align: justify;\">A C\u00e1ritas Brasileira \u00e9 umas das articuladoras do Grito dos Exclu\u00eddos e se faz presente em todos os Estados por meio de diferentes vozes, rostos e gestos.<\/p>\n<p style=\"text-align: justify;\">Nesse ano, a 20\u00aa edi\u00e7\u00e3o do Grito dos Exclu\u00eddos tem como lema: \u201cOcupar ruas e pra\u00e7as por liberdade de direitos\u201d e<a href=\"http:\/\/ne2.caritas.org.br.s174889.gridserver.com\/2014\/09\/05\/grito-dos-excluidos-venha-ocupar-ruas-pracas-por-liberdade-de-direitos\/grito-2014-1-2\/\" rel=\"attachment wp-att-2037\"><img decoding=\"async\" loading=\"lazy\" class=\"alignright size-medium wp-image-2037\" title=\"grito 2014.1\" src=\"http:\/\/ne2.caritas.org.br.s174889.gridserver.com\/wp-content\/uploads\/2014\/09\/grito-2014.11-214x300.png\" alt=\"\" width=\"214\" height=\"300\" \/><\/a> dentre os clamores do movimento destacam-se a Reforma Pol\u00edtica Democr\u00e1tica e Elei\u00e7\u00f5es Limpas e a Campanha Nacional pelo Plebiscito Popular da Constituinte Exclusiva e Soberana do Sistema Pol\u00edtico, cujo objetivo comum \u00e9 mudar nosso sistema pol\u00edtico e construir um Estado verdadeiramente democr\u00e1tico, que possibilite as mudan\u00e7as estruturais necess\u00e1rias ao Pa\u00eds. Para isso, est\u00e1 ocorrendo, desde o dia 1\u00ba at\u00e9 7 de setembro, a Semana Nacional de Luta pela Reforma Pol\u00edtica Democr\u00e1tica, quando ser\u00e3o coletados os votos do Plebiscito Popular sobre a proposta de uma Constituinte Exclusiva do Sistema Pol\u00edtico e intensificada a coleta de assinaturas do Projeto de Lei de Iniciativa Popular.<\/p>\n<p style=\"text-align: justify;\">Acompanhe o mapa nacional de todas as a\u00e7\u00f5es do Grito, atualizado diariamente, e venha participar e exercer o seu direito de \u201cdenunciar toda e qualquer injusti\u00e7a cometida pelo sistema capitalista, irradiando a mensagem que as mudan\u00e7as acontecer\u00e3o com o povo em luta, ocupando pra\u00e7as e ruas por direitos e liberdade\u201d.<\/p>\n<p style=\"text-align: justify;\">Fontes: Jornal do Grito dos Exclu\u00eddos- Abril 2014 e sites: http:\/\/www.gritodosexcluidos.org\/<\/p>\n<p style=\"text-align: justify;\">por Iasmin Santana, Assessora de Comunica\u00e7\u00e3o da C\u00e1ritas Regional NE3<\/p>\n<p style=\"text-align: justify;\">Foto: Acervo da C\u00e1ritas Diocesana de Palmeira dos \u00cdndios<\/p>\n<p style=\"text-align: justify;\">\n<ul class=\"ssb_list_wrapper\"><li class=\"fb2\" style=\"width:135px\"><iframe src=\"\/\/www.facebook.com\/plugins\/like.php?href=https%3A%2F%2Fwww.caritasne2.org.br%2Fsite%2Fgrito-dos-excluidos-venha-ocupar-ruas-pracas-por-liberdade-de-direitos%2F&amp;layout=button_count&amp;action=like&amp;show_faces=false&amp;share=true&amp;width=135&amp;height=21&amp;appId=307091639398582\" scrolling=\"no\" frameborder=\"0\" style=\"border:none; overflow:hidden;  width:150px; height:21px;\" allowTransparency=\"true\"><\/iframe><\/li><li class=\"twtr\" style=\"width:90px\"><a href=\"https:\/\/twitter.com\/share\" class=\"twitter-share-button\" data-url=\"https:\/\/www.caritasne2.org.br\/site\/grito-dos-excluidos-venha-ocupar-ruas-pracas-por-liberdade-de-direitos\/\">&nbsp;<\/a><script>!function(d,s,id){var js,fjs=d.getElementsByTagName(s)[0],p=\/^http:\/.test(d.location)?'http':'https';if(!d.getElementById(id)){js=d.createElement(s);js.id=id;js.src=p+':\/\/platform.twitter.com\/widgets.js';fjs.parentNode.insertBefore(js,fjs);}}(document, 'script', 'twitter-wjs');<\/script><\/li><li class=\"gplus\" style=\"width:68px\"><div class=\"g-plusone\" data-size=\"medium\" data-href=\"https:\/\/www.caritasne2.org.br\/site\/grito-dos-excluidos-venha-ocupar-ruas-pracas-por-liberdade-de-direitos\/\"><\/div><\/li><li class=\"ssb_linkedin\" style=\"width:64px\"><script src=\"\/\/platform.linkedin.com\/in.js\" type=\"text\/javascript\">lang: en_US<\/script><script type=\"IN\/Share\" data-url=\"https:\/\/www.caritasne2.org.br\/site\/grito-dos-excluidos-venha-ocupar-ruas-pracas-por-liberdade-de-direitos\/\" data-counter=\"right\"><\/script><\/li><\/ul>","protected":false},"excerpt":{"rendered":"<p>No Dia da P\u00e1tria, 7 de setembro, acontece desde 1995, em todo o territ\u00f3rio nacional, um conjunto de manifesta\u00e7\u00f5espopulares carregadas de simbolismo que t\u00eam como objetivo chamar \u00e0 aten\u00e7\u00e3o da sociedade para as condi\u00e7\u00f5es de crescente exclus\u00e3o social do povo brasileiro e fortalecer a organiza\u00e7\u00e3o, a mobiliza\u00e7\u00e3o e as lutas populares. Todas essas a\u00e7\u00f5es est\u00e3o relacionadas aoGrito dos\/as Exclu\u00eddos\/as. Como \u00e9 um espa\u00e7o aberto a [&hellip;]<\/p>\n<ul class=\"ssb_list_wrapper\"><li class=\"fb2\" style=\"width:135px\"><iframe src=\"\/\/www.facebook.com\/plugins\/like.php?href=https%3A%2F%2Fwww.caritasne2.org.br%2Fsite%2Fgrito-dos-excluidos-venha-ocupar-ruas-pracas-por-liberdade-de-direitos%2F&amp;layout=button_count&amp;action=like&amp;show_faces=false&amp;share=true&amp;width=135&amp;height=21&amp;appId=307091639398582\" scrolling=\"no\" frameborder=\"0\" style=\"border:none; overflow:hidden;  width:150px; height:21px;\" allowTransparency=\"true\"><\/iframe><\/li><li class=\"twtr\" style=\"width:90px\"><a href=\"https:\/\/twitter.com\/share\" class=\"twitter-share-button\" data-url=\"https:\/\/www.caritasne2.org.br\/site\/grito-dos-excluidos-venha-ocupar-ruas-pracas-por-liberdade-de-direitos\/\">&nbsp;<\/a><script>!function(d,s,id){var js,fjs=d.getElementsByTagName(s)[0],p=\/^http:\/.test(d.location)?'http':'https';if(!d.getElementById(id)){js=d.createElement(s);js.id=id;js.src=p+':\/\/platform.twitter.com\/widgets.js';fjs.parentNode.insertBefore(js,fjs);}}(document, 'script', 'twitter-wjs');<\/script><\/li><li class=\"gplus\" style=\"width:68px\"><div class=\"g-plusone\" data-size=\"medium\" data-href=\"https:\/\/www.caritasne2.org.br\/site\/grito-dos-excluidos-venha-ocupar-ruas-pracas-por-liberdade-de-direitos\/\"><\/div><\/li><li class=\"ssb_linkedin\" style=\"width:64px\"><script src=\"\/\/platform.linkedin.com\/in.js\" type=\"text\/javascript\">lang: en_US<\/script><script type=\"IN\/Share\" data-url=\"https:\/\/www.caritasne2.org.br\/site\/grito-dos-excluidos-venha-ocupar-ruas-pracas-por-liberdade-de-direitos\/\" data-counter=\"right\"><\/script><\/li><\/ul>","protected":false},"author":4,"featured_media":2036,"comment_status":"open","ping_status":"open","sticky":false,"template":"","format":"standard","meta":[],"categories":[449,20],"tags":[448,67,450],"_links":{"self":[{"href":"https:\/\/www.caritasne2.org.br\/site\/wp-json\/wp\/v2\/posts\/2031"}],"collection":[{"href":"https:\/\/www.caritasne2.org.br\/site\/wp-json\/wp\/v2\/posts"}],"about":[{"href":"https:\/\/www.caritasne2.org.br\/site\/wp-json\/wp\/v2\/types\/post"}],"author":[{"embeddable":true,"href":"https:\/\/www.caritasne2.org.br\/site\/wp-json\/wp\/v2\/users\/4"}],"replies":[{"embeddable":true,"href":"https:\/\/www.caritasne2.org.br\/site\/wp-json\/wp\/v2\/comments?post=2031"}],"version-history":[{"count":0,"href":"https:\/\/www.caritasne2.org.br\/site\/wp-json\/wp\/v2\/posts\/2031\/revisions"}],"wp:featuredmedia":[{"embeddable":true,"href":"https:\/\/www.caritasne2.org.br\/site\/wp-json\/"}],"wp:attachment":[{"href":"https:\/\/www.caritasne2.org.br\/site\/wp-json\/wp\/v2\/media?parent=2031"}],"wp:term":[{"taxonomy":"category","embeddable":true,"href":"https:\/\/www.caritasne2.org.br\/site\/wp-json\/wp\/v2\/categories?post=2031"},{"taxonomy":"post_tag","embeddable":true,"href":"https:\/\/www.caritasne2.org.br\/site\/wp-json\/wp\/v2\/tags?post=2031"}],"curies":[{"name":"wp","href":"https:\/\/api.w.org\/{rel}","templated":true}]}}