{"id":1977,"date":"2014-08-21T17:23:52","date_gmt":"2014-08-21T20:23:52","guid":{"rendered":"http:\/\/ne2.caritas.org.br.s174889.gridserver.com\/?p=1977"},"modified":"2017-07-11T15:21:34","modified_gmt":"2017-07-11T18:21:34","slug":"catadores-de-materiais-reciclaveis-assessorados-pela-caritas-de-caico-constituem-associacao","status":"publish","type":"post","link":"https:\/\/www.caritasne2.org.br\/site\/catadores-de-materiais-reciclaveis-assessorados-pela-caritas-de-caico-constituem-associacao\/","title":{"rendered":"Catadores de materiais recicl\u00e1veis assessorados pela C\u00e1ritas de Caic\u00f3 constituem associa\u00e7\u00e3o"},"content":{"rendered":"<p style=\"text-align: justify;\">Agentes da equipe t\u00e9cnica da C\u00e1ritas Diocesana de Caic\u00f3 participaram, da assembleia de constitui\u00e7\u00e3o da Associa\u00e7\u00e3o de Catadores e Catadoras de Materiais Recicl\u00e1veis do munic\u00edpio de Santana do Matos, no estado do Rio Grande do Norte. O evento aconteceu no dia 16 de agosto, no espa\u00e7o de conviv\u00eancia da Secretaria Municipal de Assist\u00eancia Social.<\/p>\n<p style=\"text-align: justify;\">A assembl\u00e9ia contou com a assessoria dos t\u00e9cnicos Joseilson Ferreira e Francisco das Chagas, ambos da C\u00e1ritas Diocesana de Caic\u00f3. Tamb\u00e9m estiveram presentes o coordenador da Secretaria Municipal Meio Ambiente, Manoel Cosme, a secret\u00e1ria de assist\u00eancia social, S\u00f4nia Maria Medeiros; al\u00e9m da representante do Grupo de trabalho (GT) que discute a implementa\u00e7\u00e3o da pol\u00edtica de coleta seletiva no munic\u00edpio, Aline Cristina.<\/p>\n<p style=\"text-align: justify;\">O GT \u00e9 composto por representa\u00e7\u00f5es das Secretarias Municipais de Meio Ambiente, Assist\u00eancia Social e Educa\u00e7\u00e3o. Al\u00e9m de representantes dos catadores e catadoras, da C\u00e1ritas Diocesana de Caic\u00f3, par\u00f3quias e igrejas evang\u00e9licas.<\/p>\n<p style=\"text-align: justify;\">De acordo com Joseilson Ferreira, a cria\u00e7\u00e3o da associa\u00e7\u00e3o \u00e9 uma conquista e resultado dos avan\u00e7os dessa discuss\u00e3o. \u201c\u00c9 um passo dado para que a popula\u00e7\u00e3o possa se sensibilizar em torno dessa tem\u00e1tica da coleta seletiva. E essa conquista tamb\u00e9m representa um passo para a inclus\u00e3o e valoriza\u00e7\u00e3o da dignidade humana dos catadores e catadoras\u201d, explicou Joseilson.<\/p>\n<p style=\"text-align: justify;\">Hoje a associa\u00e7\u00e3o recebe assessoria de uma equipe t\u00e9cnica da C\u00e1ritas e conta com o trabalho coletivo de sete catadores e catadoras. O trabalho de assessoria da equipe est\u00e1 previsto at\u00e9 o m\u00eas de dezembro, deste ano. A expectativa da C\u00e1ritas \u00e9 que ap\u00f3s esse per\u00edodo, os gestores do munic\u00edpio d\u00eaem continuidade ao trabalho que j\u00e1 vem sendo realizado, para que entre outras coisas, garantam as novas exig\u00eancias estipuladas na Lei 12.305\/10.<\/p>\n<p style=\"text-align: justify;\"><a href=\"http:\/\/ne2.caritas.org.br.s174889.gridserver.com\/2014\/08\/21\/catadores-de-materiais-reciclaveis-assessorados-pela-caritas-de-caico-constituem-associacao\/diretoria-catadores\/\" rel=\"attachment wp-att-1979\"><img decoding=\"async\" loading=\"lazy\" class=\"aligncenter size-medium wp-image-1979\" title=\"Diretoria catadores\" src=\"http:\/\/ne2.caritas.org.br.s174889.gridserver.com\/wp-content\/uploads\/2014\/08\/Diretoria-catadores-300x225.jpg\" alt=\"\" width=\"300\" height=\"225\" \/><\/a><\/p>\n<p style=\"text-align: justify;\">Diretoria:<\/p>\n<p style=\"text-align: justify;\">Ap\u00f3s a aprova\u00e7\u00e3o do estatuto da associa\u00e7\u00e3o foi realizada uma elei\u00e7\u00e3o para composi\u00e7\u00e3o da primeira diretoria. Composta por: Sandra Maria Lopes, como presidente, Erivanildo Nunes, como secret\u00e1rio, e Jos\u00e9 Ronaldo da Silva, como tesoureiro.<\/p>\n<p style=\"text-align: justify;\">Pol\u00edtica Nacional de Res\u00edduos S\u00f3lidos<\/p>\n<p style=\"text-align: justify;\">A Lei 12.305\/10 prev\u00ea a redu\u00e7\u00e3o na gera\u00e7\u00e3o de res\u00edduos, tendo como proposta a pr\u00e1tica de h\u00e1bitos de consumo sustent\u00e1vel, assim como a cria\u00e7\u00e3o de metas que ir\u00e3o contribuir para a elimina\u00e7\u00e3o dos lix\u00f5es, e institui instrumentos de planejamento nos n\u00edveis nacional, estadual, microrregional, intermunicipal, metropolitano e municipal, al\u00e9m de impor que os particulares elaborem seus Planos de Gerenciamento de Res\u00edduos S\u00f3lidos.<\/p>\n<p style=\"text-align: justify;\">por Kilma Ferreira, com informa\u00e7\u00f5es de \u00a0Joseilson Ferreira, e blog da C\u00e1ritas Diocesana de Caic\u00f3.<\/p>\n<p>&nbsp;<\/p>\n<ul class=\"ssb_list_wrapper\"><li class=\"fb2\" style=\"width:135px\"><iframe src=\"\/\/www.facebook.com\/plugins\/like.php?href=https%3A%2F%2Fwww.caritasne2.org.br%2Fsite%2Fcatadores-de-materiais-reciclaveis-assessorados-pela-caritas-de-caico-constituem-associacao%2F&amp;layout=button_count&amp;action=like&amp;show_faces=false&amp;share=true&amp;width=135&amp;height=21&amp;appId=307091639398582\" scrolling=\"no\" frameborder=\"0\" style=\"border:none; overflow:hidden;  width:150px; height:21px;\" allowTransparency=\"true\"><\/iframe><\/li><li class=\"twtr\" style=\"width:90px\"><a href=\"https:\/\/twitter.com\/share\" class=\"twitter-share-button\" data-url=\"https:\/\/www.caritasne2.org.br\/site\/catadores-de-materiais-reciclaveis-assessorados-pela-caritas-de-caico-constituem-associacao\/\">&nbsp;<\/a><script>!function(d,s,id){var js,fjs=d.getElementsByTagName(s)[0],p=\/^http:\/.test(d.location)?'http':'https';if(!d.getElementById(id)){js=d.createElement(s);js.id=id;js.src=p+':\/\/platform.twitter.com\/widgets.js';fjs.parentNode.insertBefore(js,fjs);}}(document, 'script', 'twitter-wjs');<\/script><\/li><li class=\"gplus\" style=\"width:68px\"><div class=\"g-plusone\" data-size=\"medium\" data-href=\"https:\/\/www.caritasne2.org.br\/site\/catadores-de-materiais-reciclaveis-assessorados-pela-caritas-de-caico-constituem-associacao\/\"><\/div><\/li><li class=\"ssb_linkedin\" style=\"width:64px\"><script src=\"\/\/platform.linkedin.com\/in.js\" type=\"text\/javascript\">lang: en_US<\/script><script type=\"IN\/Share\" data-url=\"https:\/\/www.caritasne2.org.br\/site\/catadores-de-materiais-reciclaveis-assessorados-pela-caritas-de-caico-constituem-associacao\/\" data-counter=\"right\"><\/script><\/li><\/ul>","protected":false},"excerpt":{"rendered":"<p>Agentes da equipe t\u00e9cnica da C\u00e1ritas Diocesana de Caic\u00f3 participaram, da assembleia de constitui\u00e7\u00e3o da Associa\u00e7\u00e3o de Catadores e Catadoras de Materiais Recicl\u00e1veis do munic\u00edpio de Santana do Matos, no estado do Rio Grande do Norte. O evento aconteceu no dia 16 de agosto, no espa\u00e7o de conviv\u00eancia da Secretaria Municipal de Assist\u00eancia Social. A assembl\u00e9ia contou com a assessoria dos t\u00e9cnicos Joseilson Ferreira e [&hellip;]<\/p>\n<ul class=\"ssb_list_wrapper\"><li class=\"fb2\" style=\"width:135px\"><iframe src=\"\/\/www.facebook.com\/plugins\/like.php?href=https%3A%2F%2Fwww.caritasne2.org.br%2Fsite%2Fcatadores-de-materiais-reciclaveis-assessorados-pela-caritas-de-caico-constituem-associacao%2F&amp;layout=button_count&amp;action=like&amp;show_faces=false&amp;share=true&amp;width=135&amp;height=21&amp;appId=307091639398582\" scrolling=\"no\" frameborder=\"0\" style=\"border:none; overflow:hidden;  width:150px; height:21px;\" allowTransparency=\"true\"><\/iframe><\/li><li class=\"twtr\" style=\"width:90px\"><a href=\"https:\/\/twitter.com\/share\" class=\"twitter-share-button\" data-url=\"https:\/\/www.caritasne2.org.br\/site\/catadores-de-materiais-reciclaveis-assessorados-pela-caritas-de-caico-constituem-associacao\/\">&nbsp;<\/a><script>!function(d,s,id){var js,fjs=d.getElementsByTagName(s)[0],p=\/^http:\/.test(d.location)?'http':'https';if(!d.getElementById(id)){js=d.createElement(s);js.id=id;js.src=p+':\/\/platform.twitter.com\/widgets.js';fjs.parentNode.insertBefore(js,fjs);}}(document, 'script', 'twitter-wjs');<\/script><\/li><li class=\"gplus\" style=\"width:68px\"><div class=\"g-plusone\" data-size=\"medium\" data-href=\"https:\/\/www.caritasne2.org.br\/site\/catadores-de-materiais-reciclaveis-assessorados-pela-caritas-de-caico-constituem-associacao\/\"><\/div><\/li><li class=\"ssb_linkedin\" style=\"width:64px\"><script src=\"\/\/platform.linkedin.com\/in.js\" type=\"text\/javascript\">lang: en_US<\/script><script type=\"IN\/Share\" data-url=\"https:\/\/www.caritasne2.org.br\/site\/catadores-de-materiais-reciclaveis-assessorados-pela-caritas-de-caico-constituem-associacao\/\" data-counter=\"right\"><\/script><\/li><\/ul>","protected":false},"author":4,"featured_media":1978,"comment_status":"open","ping_status":"open","sticky":false,"template":"","format":"standard","meta":[],"categories":[20],"tags":[440,67],"_links":{"self":[{"href":"https:\/\/www.caritasne2.org.br\/site\/wp-json\/wp\/v2\/posts\/1977"}],"collection":[{"href":"https:\/\/www.caritasne2.org.br\/site\/wp-json\/wp\/v2\/posts"}],"about":[{"href":"https:\/\/www.caritasne2.org.br\/site\/wp-json\/wp\/v2\/types\/post"}],"author":[{"embeddable":true,"href":"https:\/\/www.caritasne2.org.br\/site\/wp-json\/wp\/v2\/users\/4"}],"replies":[{"embeddable":true,"href":"https:\/\/www.caritasne2.org.br\/site\/wp-json\/wp\/v2\/comments?post=1977"}],"version-history":[{"count":0,"href":"https:\/\/www.caritasne2.org.br\/site\/wp-json\/wp\/v2\/posts\/1977\/revisions"}],"wp:featuredmedia":[{"embeddable":true,"href":"https:\/\/www.caritasne2.org.br\/site\/wp-json\/"}],"wp:attachment":[{"href":"https:\/\/www.caritasne2.org.br\/site\/wp-json\/wp\/v2\/media?parent=1977"}],"wp:term":[{"taxonomy":"category","embeddable":true,"href":"https:\/\/www.caritasne2.org.br\/site\/wp-json\/wp\/v2\/categories?post=1977"},{"taxonomy":"post_tag","embeddable":true,"href":"https:\/\/www.caritasne2.org.br\/site\/wp-json\/wp\/v2\/tags?post=1977"}],"curies":[{"name":"wp","href":"https:\/\/api.w.org\/{rel}","templated":true}]}}