{"id":1963,"date":"2014-08-20T11:17:17","date_gmt":"2014-08-20T14:17:17","guid":{"rendered":"http:\/\/ne2.caritas.org.br.s174889.gridserver.com\/?p=1963"},"modified":"2017-07-11T15:21:34","modified_gmt":"2017-07-11T18:21:34","slug":"segunda-chamada-fundo-diocesano-de-solidariedade-sera-proximo-dia-20-de-agosto","status":"publish","type":"post","link":"https:\/\/www.caritasne2.org.br\/site\/segunda-chamada-fundo-diocesano-de-solidariedade-sera-proximo-dia-20-de-agosto\/","title":{"rendered":"Segunda chamada do Fundo Diocesano de Solidariedade acontece nesta quarta-feira"},"content":{"rendered":"<p style=\"text-align: justify;\">Fundo Diocesano de Solidariedade (FDS) gesto concreto da Campanha da Fraternidade, onde seus recursos s\u00e3o formados por 60% da Coleta da Solidariedade, realizada em todas as comunidades da Arquidiocese no Domingo de Ramos e por doa\u00e7\u00f5es eventuais dos fi\u00e9is. O restante da arrecada\u00e7\u00e3o (40%) \u00e9 encaminhado ao Fundo Nacional de Solidariedade, que conta com o mesmo prop\u00f3sito de apoio aos projetos pastorais e sociais, mas em \u00e2mbito nacional.<\/p>\n<p style=\"text-align: justify;\">O edital lan\u00e7ado pela Diocese de Pesqueira em 10 de abril, durante a missa dos Santos \u00d3leos, tem o objetivo da mobiliza\u00e7\u00e3o para incentivo aos jovens do munic\u00edpio e regi\u00e3o a desenvolverem a sensibilidade atrav\u00e9s da cultura. A primeira chamada no dia 04 de junho selecionou o projeto do munic\u00edpio de Sanhar\u00f3 voltado \u00e0 cultura musical, que apresentou o objetivo de descobrir os talentos individuais dos jovens e proporcionar lazer para aqueles que est\u00e3o \u00e0 margem da sociedade.<\/p>\n<p style=\"text-align: justify;\">E agora, a segunda chamada \u00e9 nesta quarta-feira, dia 20 de agosto, aonde ir\u00e3o se reunir e avaliar os projetos enviados, a comiss\u00e3o para an\u00e1lise dos projetos composta pelo coordenador diocesano de Pastoral, integrante da C\u00e1ritas Diocesana de Pesqueira; da Comiss\u00e3o diocesana para a Caridade, a Justi\u00e7a e Paz; da Equipe diocesana de Campanhas; religiosa &#8211; indicada pelo setor CRB Pesqueira. Participe voc\u00ea tamb\u00e9m.<\/p>\n<p style=\"text-align: justify;\">\u00a0Para mais informa\u00e7\u00f5es:<\/p>\n<p style=\"text-align: justify;\">Consulte o edital do Fundo Diocesano de Solidariedade atrav\u00e9s do site www.diocesedepesqueira.com.br ou atrav\u00e9s do blog www.solidariedadepelavida.blogspot.com.br<\/p>\n<p>por N\u00facleo de Comunica\u00e7\u00e3o da C\u00e1ritas Diocesana de Pesqueira &#8211; Regional Nordeste 2<\/p>\n<p>&nbsp;<\/p>\n<p style=\"text-align: justify;\">\n<ul class=\"ssb_list_wrapper\"><li class=\"fb2\" style=\"width:135px\"><iframe src=\"\/\/www.facebook.com\/plugins\/like.php?href=https%3A%2F%2Fwww.caritasne2.org.br%2Fsite%2Fsegunda-chamada-fundo-diocesano-de-solidariedade-sera-proximo-dia-20-de-agosto%2F&amp;layout=button_count&amp;action=like&amp;show_faces=false&amp;share=true&amp;width=135&amp;height=21&amp;appId=307091639398582\" scrolling=\"no\" frameborder=\"0\" style=\"border:none; overflow:hidden;  width:150px; height:21px;\" allowTransparency=\"true\"><\/iframe><\/li><li class=\"twtr\" style=\"width:90px\"><a href=\"https:\/\/twitter.com\/share\" class=\"twitter-share-button\" data-url=\"https:\/\/www.caritasne2.org.br\/site\/segunda-chamada-fundo-diocesano-de-solidariedade-sera-proximo-dia-20-de-agosto\/\">&nbsp;<\/a><script>!function(d,s,id){var js,fjs=d.getElementsByTagName(s)[0],p=\/^http:\/.test(d.location)?'http':'https';if(!d.getElementById(id)){js=d.createElement(s);js.id=id;js.src=p+':\/\/platform.twitter.com\/widgets.js';fjs.parentNode.insertBefore(js,fjs);}}(document, 'script', 'twitter-wjs');<\/script><\/li><li class=\"gplus\" style=\"width:68px\"><div class=\"g-plusone\" data-size=\"medium\" data-href=\"https:\/\/www.caritasne2.org.br\/site\/segunda-chamada-fundo-diocesano-de-solidariedade-sera-proximo-dia-20-de-agosto\/\"><\/div><\/li><li class=\"ssb_linkedin\" style=\"width:64px\"><script src=\"\/\/platform.linkedin.com\/in.js\" type=\"text\/javascript\">lang: en_US<\/script><script type=\"IN\/Share\" data-url=\"https:\/\/www.caritasne2.org.br\/site\/segunda-chamada-fundo-diocesano-de-solidariedade-sera-proximo-dia-20-de-agosto\/\" data-counter=\"right\"><\/script><\/li><\/ul>","protected":false},"excerpt":{"rendered":"<p>Fundo Diocesano de Solidariedade (FDS) gesto concreto da Campanha da Fraternidade, onde seus recursos s\u00e3o formados por 60% da Coleta da Solidariedade, realizada em todas as comunidades da Arquidiocese no Domingo de Ramos e por doa\u00e7\u00f5es eventuais dos fi\u00e9is. O restante da arrecada\u00e7\u00e3o (40%) \u00e9 encaminhado ao Fundo Nacional de Solidariedade, que conta com o mesmo prop\u00f3sito de apoio aos projetos pastorais e sociais, mas [&hellip;]<\/p>\n<ul class=\"ssb_list_wrapper\"><li class=\"fb2\" style=\"width:135px\"><iframe src=\"\/\/www.facebook.com\/plugins\/like.php?href=https%3A%2F%2Fwww.caritasne2.org.br%2Fsite%2Fsegunda-chamada-fundo-diocesano-de-solidariedade-sera-proximo-dia-20-de-agosto%2F&amp;layout=button_count&amp;action=like&amp;show_faces=false&amp;share=true&amp;width=135&amp;height=21&amp;appId=307091639398582\" scrolling=\"no\" frameborder=\"0\" style=\"border:none; overflow:hidden;  width:150px; height:21px;\" allowTransparency=\"true\"><\/iframe><\/li><li class=\"twtr\" style=\"width:90px\"><a href=\"https:\/\/twitter.com\/share\" class=\"twitter-share-button\" data-url=\"https:\/\/www.caritasne2.org.br\/site\/segunda-chamada-fundo-diocesano-de-solidariedade-sera-proximo-dia-20-de-agosto\/\">&nbsp;<\/a><script>!function(d,s,id){var js,fjs=d.getElementsByTagName(s)[0],p=\/^http:\/.test(d.location)?'http':'https';if(!d.getElementById(id)){js=d.createElement(s);js.id=id;js.src=p+':\/\/platform.twitter.com\/widgets.js';fjs.parentNode.insertBefore(js,fjs);}}(document, 'script', 'twitter-wjs');<\/script><\/li><li class=\"gplus\" style=\"width:68px\"><div class=\"g-plusone\" data-size=\"medium\" data-href=\"https:\/\/www.caritasne2.org.br\/site\/segunda-chamada-fundo-diocesano-de-solidariedade-sera-proximo-dia-20-de-agosto\/\"><\/div><\/li><li class=\"ssb_linkedin\" style=\"width:64px\"><script src=\"\/\/platform.linkedin.com\/in.js\" type=\"text\/javascript\">lang: en_US<\/script><script type=\"IN\/Share\" data-url=\"https:\/\/www.caritasne2.org.br\/site\/segunda-chamada-fundo-diocesano-de-solidariedade-sera-proximo-dia-20-de-agosto\/\" data-counter=\"right\"><\/script><\/li><\/ul>","protected":false},"author":4,"featured_media":1965,"comment_status":"open","ping_status":"open","sticky":false,"template":"","format":"standard","meta":[],"categories":[20],"tags":[],"_links":{"self":[{"href":"https:\/\/www.caritasne2.org.br\/site\/wp-json\/wp\/v2\/posts\/1963"}],"collection":[{"href":"https:\/\/www.caritasne2.org.br\/site\/wp-json\/wp\/v2\/posts"}],"about":[{"href":"https:\/\/www.caritasne2.org.br\/site\/wp-json\/wp\/v2\/types\/post"}],"author":[{"embeddable":true,"href":"https:\/\/www.caritasne2.org.br\/site\/wp-json\/wp\/v2\/users\/4"}],"replies":[{"embeddable":true,"href":"https:\/\/www.caritasne2.org.br\/site\/wp-json\/wp\/v2\/comments?post=1963"}],"version-history":[{"count":0,"href":"https:\/\/www.caritasne2.org.br\/site\/wp-json\/wp\/v2\/posts\/1963\/revisions"}],"wp:featuredmedia":[{"embeddable":true,"href":"https:\/\/www.caritasne2.org.br\/site\/wp-json\/"}],"wp:attachment":[{"href":"https:\/\/www.caritasne2.org.br\/site\/wp-json\/wp\/v2\/media?parent=1963"}],"wp:term":[{"taxonomy":"category","embeddable":true,"href":"https:\/\/www.caritasne2.org.br\/site\/wp-json\/wp\/v2\/categories?post=1963"},{"taxonomy":"post_tag","embeddable":true,"href":"https:\/\/www.caritasne2.org.br\/site\/wp-json\/wp\/v2\/tags?post=1963"}],"curies":[{"name":"wp","href":"https:\/\/api.w.org\/{rel}","templated":true}]}}