{"id":1948,"date":"2014-08-15T15:11:27","date_gmt":"2014-08-15T18:11:27","guid":{"rendered":"http:\/\/ne2.caritas.org.br.s174889.gridserver.com\/?p=1948"},"modified":"2017-07-11T15:21:51","modified_gmt":"2017-07-11T18:21:51","slug":"agricultores-territorio-agreste-na-paraiba-se-preparam-para-6a-festa-das-sementes-da-paixao","status":"publish","type":"post","link":"https:\/\/www.caritasne2.org.br\/site\/agricultores-territorio-agreste-na-paraiba-se-preparam-para-6a-festa-das-sementes-da-paixao\/","title":{"rendered":"Agricultores do Territ\u00f3rio do Agreste na Para\u00edba se preparam para 6\u00aa Festa das Sementes da Paix\u00e3o"},"content":{"rendered":"<p style=\"text-align: justify;\">Agricultores e agricultoras da regi\u00e3o de atua\u00e7\u00e3o do F\u00f3rum de Lideran\u00e7as do Agreste (FOLIA), com a assessoria da Comiss\u00e3o Pastoral da Terra (CPT) e do Centro de A\u00e7\u00e3o Cultural (CENTRAC), organiza\u00e7\u00f5es da Articula\u00e7\u00e3o do Semi\u00e1rido Paraibano (Asa Para\u00edba), est\u00e3o realizando, em todo o territ\u00f3rio do Agreste Paraibano, um processo de prepara\u00e7\u00e3o para a VI Festa das Sementes da Paix\u00e3o, que ser\u00e1 realizada em 2015 na Para\u00edba. A prepara\u00e7\u00e3o conta com o mapeamento dos guardi\u00f5es e guardi\u00e3s de sementes, de bancos de sementes e com encontros e outras atividades de forma\u00e7\u00e3o.<\/p>\n<p style=\"text-align: justify;\">Na \u00faltimo dia 06 de agosto, agricultores\/as dos assentamentos Dom Marcelo e Jo\u00e3o Pedro Teixeira, munic\u00edpio de Mogeiro, se reuniram em conjunto com a equipe do CENTRAC para dar in\u00edcio ao mapeamento dos guardi\u00f5es e guardi\u00e3s das sementes paix\u00e3o de cada regi\u00e3o. Segundo Madalena Medeiros, do Programa Desenvolvimento Sustent\u00e1vel do CENTRAC, a ideia \u00e9 levantar quem s\u00e3o os\/as agricultores\/as guardi\u00f5es, quais as variedades que eles\/as vem conservando e multiplicando, al\u00e9m de ajudar na organiza\u00e7\u00e3o e anima\u00e7\u00e3o dos bancos de sementes familiares e comunit\u00e1rios existentes e no apoio \u00e0 cria\u00e7\u00e3o de novos bancos. Durante a mobiliza\u00e7\u00e3o, realizada no Assentamento Jo\u00e3o Pedro Teixeira, o agricultor Pedro Martins mostrou entusiasmo ao aceitar a proposta de resgatar as sementes que n\u00e3o existem mais no assentamento e preservar as existentes: \u201c\u00c9 muito desafiadora a proposta de cria\u00e7\u00e3o de banco de sementes para que quando as sementes do governo cheguem at\u00e9 n\u00f3s, \u00e0 gente possa dizer que n\u00e3o precisa\u201d.<\/p>\n<p style=\"text-align: justify;\">No dia 08 de agosto foi realizada, na C\u00faria Diocesana de Campina Grande, um momento de forma\u00e7\u00e3o que contou com a participa\u00e7\u00e3o de representantes das comiss\u00f5es municipais e presidentes de associa\u00e7\u00f5es dos 11 munic\u00edpios que o territ\u00f3rio que Folia atua: Mogeiro, Itabaiana, Aroeiras, Ing\u00e1, Natuba, Salgado de S\u00e3o F\u00e9lix, Umbuzeiro, Gado Bravo, Fagundes, Itatuba e Riach\u00e3o de Bacamarte.<\/p>\n<p style=\"text-align: justify;\">Durante a forma\u00e7\u00e3o, houve a exibi\u00e7\u00e3o do v\u00eddeo \u201cAgricultura familiar: Guardi\u00e3 das Sementes da Paix\u00e3o\u201d do Polo da Borborema. Rejane Alves de Lima, assessora pedag\u00f3gica da Asa Para\u00edba ressaltou os bancos de sementes comunit\u00e1rios e familiares como uma das principais estrat\u00e9gias para proteger e conservar as sementes: \u201cO banco \u00e9 uma oportunidade da comunidade exercer a coletividade e as pr\u00e1ticas comunit\u00e1rias, \u00e9 uma forma de conservar as sementes\u201d afirma.<\/p>\n<p style=\"text-align: justify;\">Ao final de cada processo de mobiliza\u00e7\u00e3o \u00e9 lido o termo de compromisso de guardi\u00e3o e guardi\u00e3 das sementes e entregues a cada representante presente no momento e a partir disto cada representante leva a proposta de come\u00e7ar a fazer o mapeamento em sua regi\u00e3o, levantando quem s\u00e3o os guardi\u00f5es e guardi\u00e3s e quais s\u00e3o as esp\u00e9cies que existem e quais as que desapareceram e precisam ser resgatadas.<\/p>\n<p style=\"text-align: justify;\">Este ano de 2014 \u00e9 um momento de prepara\u00e7\u00e3o com mobiliza\u00e7\u00e3o, forma\u00e7\u00f5es e interc\u00e2mbios para prepara\u00e7\u00e3o da festa das sementes da paix\u00e3o que acontecer\u00e1 em 2015 que tem o objetivo de proporcionar troca de experi\u00eancias entre os agricultores que fazem parte da rede de sementes e da Asa Para\u00edba.<\/p>\n<p style=\"text-align: justify;\">Fonte: Centrac Campina Grande-PB<\/p>\n<ul class=\"ssb_list_wrapper\"><li class=\"fb2\" style=\"width:135px\"><iframe src=\"\/\/www.facebook.com\/plugins\/like.php?href=https%3A%2F%2Fwww.caritasne2.org.br%2Fsite%2Fagricultores-territorio-agreste-na-paraiba-se-preparam-para-6a-festa-das-sementes-da-paixao%2F&amp;layout=button_count&amp;action=like&amp;show_faces=false&amp;share=true&amp;width=135&amp;height=21&amp;appId=307091639398582\" scrolling=\"no\" frameborder=\"0\" style=\"border:none; overflow:hidden;  width:150px; height:21px;\" allowTransparency=\"true\"><\/iframe><\/li><li class=\"twtr\" style=\"width:90px\"><a href=\"https:\/\/twitter.com\/share\" class=\"twitter-share-button\" data-url=\"https:\/\/www.caritasne2.org.br\/site\/agricultores-territorio-agreste-na-paraiba-se-preparam-para-6a-festa-das-sementes-da-paixao\/\">&nbsp;<\/a><script>!function(d,s,id){var js,fjs=d.getElementsByTagName(s)[0],p=\/^http:\/.test(d.location)?'http':'https';if(!d.getElementById(id)){js=d.createElement(s);js.id=id;js.src=p+':\/\/platform.twitter.com\/widgets.js';fjs.parentNode.insertBefore(js,fjs);}}(document, 'script', 'twitter-wjs');<\/script><\/li><li class=\"gplus\" style=\"width:68px\"><div class=\"g-plusone\" data-size=\"medium\" data-href=\"https:\/\/www.caritasne2.org.br\/site\/agricultores-territorio-agreste-na-paraiba-se-preparam-para-6a-festa-das-sementes-da-paixao\/\"><\/div><\/li><li class=\"ssb_linkedin\" style=\"width:64px\"><script src=\"\/\/platform.linkedin.com\/in.js\" type=\"text\/javascript\">lang: en_US<\/script><script type=\"IN\/Share\" data-url=\"https:\/\/www.caritasne2.org.br\/site\/agricultores-territorio-agreste-na-paraiba-se-preparam-para-6a-festa-das-sementes-da-paixao\/\" data-counter=\"right\"><\/script><\/li><\/ul>","protected":false},"excerpt":{"rendered":"<p>Agricultores e agricultoras da regi\u00e3o de atua\u00e7\u00e3o do F\u00f3rum de Lideran\u00e7as do Agreste (FOLIA), com a assessoria da Comiss\u00e3o Pastoral da Terra (CPT) e do Centro de A\u00e7\u00e3o Cultural (CENTRAC), organiza\u00e7\u00f5es da Articula\u00e7\u00e3o do Semi\u00e1rido Paraibano (Asa Para\u00edba), est\u00e3o realizando, em todo o territ\u00f3rio do Agreste Paraibano, um processo de prepara\u00e7\u00e3o para a VI Festa das Sementes da Paix\u00e3o, que ser\u00e1 realizada em 2015 na [&hellip;]<\/p>\n<ul class=\"ssb_list_wrapper\"><li class=\"fb2\" style=\"width:135px\"><iframe src=\"\/\/www.facebook.com\/plugins\/like.php?href=https%3A%2F%2Fwww.caritasne2.org.br%2Fsite%2Fagricultores-territorio-agreste-na-paraiba-se-preparam-para-6a-festa-das-sementes-da-paixao%2F&amp;layout=button_count&amp;action=like&amp;show_faces=false&amp;share=true&amp;width=135&amp;height=21&amp;appId=307091639398582\" scrolling=\"no\" frameborder=\"0\" style=\"border:none; overflow:hidden;  width:150px; height:21px;\" allowTransparency=\"true\"><\/iframe><\/li><li class=\"twtr\" style=\"width:90px\"><a href=\"https:\/\/twitter.com\/share\" class=\"twitter-share-button\" data-url=\"https:\/\/www.caritasne2.org.br\/site\/agricultores-territorio-agreste-na-paraiba-se-preparam-para-6a-festa-das-sementes-da-paixao\/\">&nbsp;<\/a><script>!function(d,s,id){var js,fjs=d.getElementsByTagName(s)[0],p=\/^http:\/.test(d.location)?'http':'https';if(!d.getElementById(id)){js=d.createElement(s);js.id=id;js.src=p+':\/\/platform.twitter.com\/widgets.js';fjs.parentNode.insertBefore(js,fjs);}}(document, 'script', 'twitter-wjs');<\/script><\/li><li class=\"gplus\" style=\"width:68px\"><div class=\"g-plusone\" data-size=\"medium\" data-href=\"https:\/\/www.caritasne2.org.br\/site\/agricultores-territorio-agreste-na-paraiba-se-preparam-para-6a-festa-das-sementes-da-paixao\/\"><\/div><\/li><li class=\"ssb_linkedin\" style=\"width:64px\"><script src=\"\/\/platform.linkedin.com\/in.js\" type=\"text\/javascript\">lang: en_US<\/script><script type=\"IN\/Share\" data-url=\"https:\/\/www.caritasne2.org.br\/site\/agricultores-territorio-agreste-na-paraiba-se-preparam-para-6a-festa-das-sementes-da-paixao\/\" data-counter=\"right\"><\/script><\/li><\/ul>","protected":false},"author":4,"featured_media":1949,"comment_status":"open","ping_status":"open","sticky":false,"template":"","format":"standard","meta":[],"categories":[20],"tags":[67,436],"_links":{"self":[{"href":"https:\/\/www.caritasne2.org.br\/site\/wp-json\/wp\/v2\/posts\/1948"}],"collection":[{"href":"https:\/\/www.caritasne2.org.br\/site\/wp-json\/wp\/v2\/posts"}],"about":[{"href":"https:\/\/www.caritasne2.org.br\/site\/wp-json\/wp\/v2\/types\/post"}],"author":[{"embeddable":true,"href":"https:\/\/www.caritasne2.org.br\/site\/wp-json\/wp\/v2\/users\/4"}],"replies":[{"embeddable":true,"href":"https:\/\/www.caritasne2.org.br\/site\/wp-json\/wp\/v2\/comments?post=1948"}],"version-history":[{"count":0,"href":"https:\/\/www.caritasne2.org.br\/site\/wp-json\/wp\/v2\/posts\/1948\/revisions"}],"wp:featuredmedia":[{"embeddable":true,"href":"https:\/\/www.caritasne2.org.br\/site\/wp-json\/"}],"wp:attachment":[{"href":"https:\/\/www.caritasne2.org.br\/site\/wp-json\/wp\/v2\/media?parent=1948"}],"wp:term":[{"taxonomy":"category","embeddable":true,"href":"https:\/\/www.caritasne2.org.br\/site\/wp-json\/wp\/v2\/categories?post=1948"},{"taxonomy":"post_tag","embeddable":true,"href":"https:\/\/www.caritasne2.org.br\/site\/wp-json\/wp\/v2\/tags?post=1948"}],"curies":[{"name":"wp","href":"https:\/\/api.w.org\/{rel}","templated":true}]}}