{"id":1927,"date":"2014-07-30T16:17:34","date_gmt":"2014-07-30T19:17:34","guid":{"rendered":"http:\/\/ne2.caritas.org.br.s174889.gridserver.com\/?p=1927"},"modified":"2017-07-11T15:21:52","modified_gmt":"2017-07-11T18:21:52","slug":"caritas-regional-ne2-faz-avaliacao-poa-2014","status":"publish","type":"post","link":"https:\/\/www.caritasne2.org.br\/site\/caritas-regional-ne2-faz-avaliacao-poa-2014\/","title":{"rendered":"C\u00e1ritas Regional NE2 faz avalia\u00e7\u00e3o do POA 2014"},"content":{"rendered":"<p style=\"text-align: justify;\">A C\u00e1ritas Brasileira Regional Nordeste 2 (PE, AL, PB e RN) realizou, entre os dias 24 e 26 deste m\u00eas, no Centro Social da Federa\u00e7\u00e3o dos Trabalhadores na Agricultura do Estado de Pernambuco (Fetape), em Garanhuns (PE), o <em>\u201cEncontro de Monitoramento e Avalia\u00e7\u00e3o do Planejamento Operacional Anual (POA)\u201d.<\/em><\/p>\n<p style=\"text-align: justify;\">Organizados em grupos e de acordo com o estado em que atuam, os agentes C\u00e1ritas, que fazem parte do Secretariado<a href=\"http:\/\/ne2.caritas.org.br.s174889.gridserver.com\/2014\/07\/30\/caritas-regional-ne2-faz-avaliacao-poa-2014\/100_7494\/\" rel=\"attachment wp-att-1929\"><img decoding=\"async\" loading=\"lazy\" class=\"alignright size-medium wp-image-1929\" title=\"100_7494\" src=\"http:\/\/ne2.caritas.org.br.s174889.gridserver.com\/wp-content\/uploads\/2014\/07\/100_7494-300x225.jpg\" alt=\"\" width=\"300\" height=\"225\" \/><\/a> Regional e das Entidades Membro, tiveram a oportunidade de olhar para o primeiro semestre deste ano e destacar as contribui\u00e7\u00f5es dos trabalhos para a sociedade civil. Com o destaque para a mobiliza\u00e7\u00e3o que gera inclus\u00e3o social, tanto no aspecto da conviv\u00eancia com o Semi\u00e1rido quanto na defesa de crian\u00e7as e adolescentes, assim como outras linhas de a\u00e7\u00e3o da C\u00e1ritas, foi formada uma flor de mandala, constru\u00eddas \u00e0 v\u00e1rias m\u00e3os.<\/p>\n<p style=\"text-align: justify;\">Em seguida, foi feito um carrossel de discuss\u00e3o sobre o ato de planejar, onde foi poss\u00edvel que um grupo interagisse com os outros, atrav\u00e9s do revezamento de integrantes. Na sequ\u00eancia, foi apresentada a Cartilha sobre Planejamento, Monitoramento, Avalia\u00e7\u00e3o e Sistematiza\u00e7\u00e3o (PMAS), elaborada pelo Secretariado Nacional, que possui a metodologia de gest\u00e3o orientada e seguida pela C\u00e1ritas Brasileira.<\/p>\n<p style=\"text-align: justify;\">Depois de refletir sobre os avan\u00e7os, dificuldades e desafios, o segundo dia de atividades teve como proposta convidar os participantes a vislumbrar o pr\u00f3ximo semestre, a partir da integra\u00e7\u00e3o das tr\u00eas prioridades trabalhadas pela C\u00e1ritas na perspectiva da constru\u00e7\u00e3o do Desenvolvimento Solid\u00e1rio Sustent\u00e1vel e Territorial, explicou Glauco Filho, um dos facilitadores do encontro e coordenador das a\u00e7\u00f5es do Programa Inf\u00e2ncia, Adolesc\u00eancia e Juventude &#8211; PIAJ &#8211; no Regional NE2.<\/p>\n<p style=\"text-align: justify;\">De acordo com o secret\u00e1rio regional da C\u00e1ritas NE2, \u00c2ngelo Zanr\u00e9, houve uma representa\u00e7\u00e3o significativa de 13 entidades membro, das 16 entidades que est\u00e3o ligadas ao regional, participando do POA 2014.<\/p>\n<p style=\"text-align: justify;\">\u201cConsidero que a avalia\u00e7\u00e3o semestral foi bem estruturada e permitiu detectar os avan\u00e7os, dificuldades e perspectivas do trabalho desenvolvido no Regional NE2. Quero destacar tamb\u00e9m o bom entrosamento entre os participantes do secretariado regional e entidades membro, ou seja, uma maior aproxima\u00e7\u00e3o\u201d, disse.<\/p>\n<p style=\"text-align: justify;\">Ainda segundo Zanr\u00e9, outro destaque foi \u00e0 participa\u00e7\u00e3o do bispo de refer\u00eancia do regional, Dom Eraldo Bispo da Silva, que acompanhou o encontro e se mostrou sens\u00edvel ao trabalho da C\u00e1ritas e bem disposto a contribuir com a miss\u00e3o da institui\u00e7\u00e3o.<\/p>\n<p style=\"text-align: justify;\">Na ocasi\u00e3o, Dom Eraldo ressaltou a import\u00e2ncia de resgatar a m\u00edstica e espiritualidade durante os encontros com os agentes C\u00e1ritas, bem como na viv\u00eancia do dia-a-dia com as pessoas que s\u00e3o acompanhadas pela C\u00e1ritas.<\/p>\n<p style=\"text-align: justify;\"><a href=\"http:\/\/ne2.caritas.org.br.s174889.gridserver.com\/2014\/07\/30\/caritas-regional-ne2-faz-avaliacao-poa-2014\/100_7575-2\/\" rel=\"attachment wp-att-1931\"><img decoding=\"async\" loading=\"lazy\" class=\"alignleft size-medium wp-image-1931\" title=\"100_7575\" src=\"http:\/\/ne2.caritas.org.br.s174889.gridserver.com\/wp-content\/uploads\/2014\/07\/100_75751-300x213.jpg\" alt=\"\" width=\"300\" height=\"213\" \/><\/a>A assessora de Direitos Humanos da C\u00e1ritas Brasileira Secretariado Nacional, Alessandra Miranda, tamb\u00e9m participou do encontro. Na ocasi\u00e3o, Alessandra exibiu o v\u00eddeo da campanha mundial:<em> Uma fam\u00edlia humana, p\u00e3o e justi\u00e7a para todas as pessoas<\/em>, e dialogou com os agentes C\u00e1ritas sobre a import\u00e2ncia da divulga\u00e7\u00e3o da campanha e a realiza\u00e7\u00e3o das rodas de conversas e debates nas entidades membro, par\u00f3quias, comunidades, fam\u00edlias, entre outros. Tamb\u00e9m foi apresentado o instrumento para constru\u00e7\u00e3o de mapas sobre a fome, pobreza e direitos no Brasil.<\/p>\n<p style=\"text-align: justify;\"><strong>Secretariado e Conselho Regional<\/strong> \u2013 Durante o encontro, ocorreu tamb\u00e9m a Reuni\u00e3o do Secretariado Regional, que foi marcada pela apresenta\u00e7\u00e3o dos novos agentes C\u00e1ritas e a proposta de pesquisa institucional, elaborado pelo assessor das a\u00e7\u00f5es de seguran\u00e7a alimentar e nutricional do Regional NE2, Victor Hugo Balladares, que contempla 15 enfoques voltados para a organiza\u00e7\u00e3o, entre eles: espiritualidade, gest\u00e3o, lideran\u00e7as, projetos, recursos humanos, entre outros.<\/p>\n<p style=\"text-align: justify;\">Na ocasi\u00e3o, os membros do conselho regional, al\u00e9m das representa\u00e7\u00f5es das comiss\u00f5es e grupos de trabalhos aproveitaram o espa\u00e7o e tamb\u00e9m se reuniram com o prop\u00f3sito de discutir assuntos relacionados \u00e0 \u00a0agenda de atividades proposta para o segundo semestre.<\/p>\n<p><em>Por Lidiane Santos, comunicadora popular P1+2, C\u00e1ritas NE2 e\u00a0<\/em><em>Kilma Ferreira, assessora de comunica\u00e7\u00e3o, C\u00e1ritas NE2.<\/em><\/p>\n<p>&nbsp;<\/p>\n<ul class=\"ssb_list_wrapper\"><li class=\"fb2\" style=\"width:135px\"><iframe src=\"\/\/www.facebook.com\/plugins\/like.php?href=https%3A%2F%2Fwww.caritasne2.org.br%2Fsite%2Fcaritas-regional-ne2-faz-avaliacao-poa-2014%2F&amp;layout=button_count&amp;action=like&amp;show_faces=false&amp;share=true&amp;width=135&amp;height=21&amp;appId=307091639398582\" scrolling=\"no\" frameborder=\"0\" style=\"border:none; overflow:hidden;  width:150px; height:21px;\" allowTransparency=\"true\"><\/iframe><\/li><li class=\"twtr\" style=\"width:90px\"><a href=\"https:\/\/twitter.com\/share\" class=\"twitter-share-button\" data-url=\"https:\/\/www.caritasne2.org.br\/site\/caritas-regional-ne2-faz-avaliacao-poa-2014\/\">&nbsp;<\/a><script>!function(d,s,id){var js,fjs=d.getElementsByTagName(s)[0],p=\/^http:\/.test(d.location)?'http':'https';if(!d.getElementById(id)){js=d.createElement(s);js.id=id;js.src=p+':\/\/platform.twitter.com\/widgets.js';fjs.parentNode.insertBefore(js,fjs);}}(document, 'script', 'twitter-wjs');<\/script><\/li><li class=\"gplus\" style=\"width:68px\"><div class=\"g-plusone\" data-size=\"medium\" data-href=\"https:\/\/www.caritasne2.org.br\/site\/caritas-regional-ne2-faz-avaliacao-poa-2014\/\"><\/div><\/li><li class=\"ssb_linkedin\" style=\"width:64px\"><script src=\"\/\/platform.linkedin.com\/in.js\" type=\"text\/javascript\">lang: en_US<\/script><script type=\"IN\/Share\" data-url=\"https:\/\/www.caritasne2.org.br\/site\/caritas-regional-ne2-faz-avaliacao-poa-2014\/\" data-counter=\"right\"><\/script><\/li><\/ul>","protected":false},"excerpt":{"rendered":"<p>A C\u00e1ritas Brasileira Regional Nordeste 2 (PE, AL, PB e RN) realizou, entre os dias 24 e 26 deste m\u00eas, no Centro Social da Federa\u00e7\u00e3o dos Trabalhadores na Agricultura do Estado de Pernambuco (Fetape), em Garanhuns (PE), o \u201cEncontro de Monitoramento e Avalia\u00e7\u00e3o do Planejamento Operacional Anual (POA)\u201d. Organizados em grupos e de acordo com o estado em que atuam, os agentes C\u00e1ritas, que fazem [&hellip;]<\/p>\n<ul class=\"ssb_list_wrapper\"><li class=\"fb2\" style=\"width:135px\"><iframe src=\"\/\/www.facebook.com\/plugins\/like.php?href=https%3A%2F%2Fwww.caritasne2.org.br%2Fsite%2Fcaritas-regional-ne2-faz-avaliacao-poa-2014%2F&amp;layout=button_count&amp;action=like&amp;show_faces=false&amp;share=true&amp;width=135&amp;height=21&amp;appId=307091639398582\" scrolling=\"no\" frameborder=\"0\" style=\"border:none; overflow:hidden;  width:150px; height:21px;\" allowTransparency=\"true\"><\/iframe><\/li><li class=\"twtr\" style=\"width:90px\"><a href=\"https:\/\/twitter.com\/share\" class=\"twitter-share-button\" data-url=\"https:\/\/www.caritasne2.org.br\/site\/caritas-regional-ne2-faz-avaliacao-poa-2014\/\">&nbsp;<\/a><script>!function(d,s,id){var js,fjs=d.getElementsByTagName(s)[0],p=\/^http:\/.test(d.location)?'http':'https';if(!d.getElementById(id)){js=d.createElement(s);js.id=id;js.src=p+':\/\/platform.twitter.com\/widgets.js';fjs.parentNode.insertBefore(js,fjs);}}(document, 'script', 'twitter-wjs');<\/script><\/li><li class=\"gplus\" style=\"width:68px\"><div class=\"g-plusone\" data-size=\"medium\" data-href=\"https:\/\/www.caritasne2.org.br\/site\/caritas-regional-ne2-faz-avaliacao-poa-2014\/\"><\/div><\/li><li class=\"ssb_linkedin\" style=\"width:64px\"><script src=\"\/\/platform.linkedin.com\/in.js\" type=\"text\/javascript\">lang: en_US<\/script><script type=\"IN\/Share\" data-url=\"https:\/\/www.caritasne2.org.br\/site\/caritas-regional-ne2-faz-avaliacao-poa-2014\/\" data-counter=\"right\"><\/script><\/li><\/ul>","protected":false},"author":4,"featured_media":1933,"comment_status":"open","ping_status":"open","sticky":false,"template":"","format":"standard","meta":[],"categories":[20],"tags":[],"_links":{"self":[{"href":"https:\/\/www.caritasne2.org.br\/site\/wp-json\/wp\/v2\/posts\/1927"}],"collection":[{"href":"https:\/\/www.caritasne2.org.br\/site\/wp-json\/wp\/v2\/posts"}],"about":[{"href":"https:\/\/www.caritasne2.org.br\/site\/wp-json\/wp\/v2\/types\/post"}],"author":[{"embeddable":true,"href":"https:\/\/www.caritasne2.org.br\/site\/wp-json\/wp\/v2\/users\/4"}],"replies":[{"embeddable":true,"href":"https:\/\/www.caritasne2.org.br\/site\/wp-json\/wp\/v2\/comments?post=1927"}],"version-history":[{"count":0,"href":"https:\/\/www.caritasne2.org.br\/site\/wp-json\/wp\/v2\/posts\/1927\/revisions"}],"wp:featuredmedia":[{"embeddable":true,"href":"https:\/\/www.caritasne2.org.br\/site\/wp-json\/"}],"wp:attachment":[{"href":"https:\/\/www.caritasne2.org.br\/site\/wp-json\/wp\/v2\/media?parent=1927"}],"wp:term":[{"taxonomy":"category","embeddable":true,"href":"https:\/\/www.caritasne2.org.br\/site\/wp-json\/wp\/v2\/categories?post=1927"},{"taxonomy":"post_tag","embeddable":true,"href":"https:\/\/www.caritasne2.org.br\/site\/wp-json\/wp\/v2\/tags?post=1927"}],"curies":[{"name":"wp","href":"https:\/\/api.w.org\/{rel}","templated":true}]}}