{"id":1918,"date":"2014-07-29T12:34:55","date_gmt":"2014-07-29T15:34:55","guid":{"rendered":"http:\/\/ne2.caritas.org.br.s174889.gridserver.com\/?p=1918"},"modified":"2017-07-11T15:21:52","modified_gmt":"2017-07-11T18:21:52","slug":"campanha-mundial-contra-fome-e-lancada-em-alagoas","status":"publish","type":"post","link":"https:\/\/www.caritasne2.org.br\/site\/campanha-mundial-contra-fome-e-lancada-em-alagoas\/","title":{"rendered":"Campanha mundial contra a fome \u00e9 lan\u00e7ada em Alagoas"},"content":{"rendered":"<p style=\"text-align: justify;\">A C\u00e1ritas Diocesana e a Diocese de Palmeira dos \u00cdndios promoveram, o lan\u00e7amento da Campanha Mundial<em> \u201cUma fam\u00edlia humana, p\u00e3o e justi\u00e7a para todas as pessoas\u201d<\/em>. O evento aconteceu no dia 12 de julho, e reuniu cerca de 90 pessoas no audit\u00f3rio do Centro de Treinamento e Pastoral Diocesano PIO XII, no munic\u00edpio de Palmeira dos \u00cdndios, em Alagoas.<\/p>\n<p style=\"text-align: justify;\">A Campanha \u00e9 uma iniciativa da Caritas Internacionallis e quer mobilizar e sensibilizar a sociedade sobre as realidades de fome, pobreza e desigualdades sociais Apoiada pelo Papa Francisco, a campanha, que tamb\u00e9m discute a alimenta\u00e7\u00e3o como um direito humano, \u00e9 promovida no pa\u00eds pela Rede C\u00e1ritas Brasileira e conta com o apoio da Confer\u00eancia Nacional dos Bispos do Brasil (CNBB).<\/p>\n<p style=\"text-align: justify;\">A abertura do lan\u00e7amento foi marcada por um momento de m\u00edstica, conduzido pelo jovem Jos\u00e9 Helio, que, na ocasi\u00e3o, apontava para o povo de Deus como protagonista de uma hist\u00f3ria marcada pela fome e a supera\u00e7\u00e3o atrav\u00e9s da partilha. Ap\u00f3s a m\u00edstica a presidente da C\u00e1ritas Diocesana de Palmeira dos \u00cdndios, Maria do Carmo, acolheu todos os participantes almejando um debate animador para a miss\u00e3o.<\/p>\n<p style=\"text-align: justify;\">Com o objetivo de contribuir para uma reflex\u00e3o sobre a fome e a pobreza, bem como aprofundar a discuss\u00e3o em torno<a href=\"http:\/\/ne2.caritas.org.br.s174889.gridserver.com\/2014\/07\/29\/campanha-mundial-contra-fome-e-lancada-em-alagoas\/apresentacao-moises-2\/\" rel=\"attachment wp-att-1921\"><img decoding=\"async\" loading=\"lazy\" class=\"alignright size-medium wp-image-1921\" title=\"Apresenta\u00e7\u00e3o Moises\" src=\"http:\/\/ne2.caritas.org.br.s174889.gridserver.com\/wp-content\/uploads\/2014\/07\/Apresenta\u00e7\u00e3o-Moises1-300x220.jpg\" alt=\"\" width=\"300\" height=\"220\" \/><\/a> da Campanha, foi realizada uma mesa redonda que foi moderada pelo agente da C\u00e1ritas Diocesana de Penedo, Jos\u00e9 Matias Irm\u00e3o.<\/p>\n<p style=\"text-align: justify;\">Na ocasi\u00e3o, participaram como debatedores o bispo de Palmeira dos \u00cdndios, Dom Dulc\u00eanio Matos, que falou sobre a import\u00e2ncia da campanha; o cientista social e comunicador popular da C\u00e1ritas Diocesana de Palmeira dos \u00cdndios e da Articula\u00e7\u00e3o do Semi\u00e1rido Brasileiro em Alagoas (ASA-AL), Jos\u00e9 Mois\u00e9s Oliveira, que apresentou a Campanha para o p\u00fablico; e Mard\u00f4nio Gra\u00e7a, que apresentou o trabalho da ASA-AL no enfrentamento da fome e da pobreza.<\/p>\n<p style=\"text-align: justify;\">Para enriquecer o debate e trazer mais dados sobre a problem\u00e1tica da fome, e a quest\u00e3o da seguran\u00e7a alimentar e nutricional, o coordenador Victor Hugo Balladares, respons\u00e1vel pelas a\u00e7\u00f5es de seguran\u00e7a alimentar e nutricional na C\u00e1ritas Regional Nordeste 2, tamb\u00e9m participou da mesa e exp\u00f4s um pouco da sua experi\u00eancia nessa \u00e1rea, onde j\u00e1 atuou no trabalho com uma das popula\u00e7\u00f5es mais vulner\u00e1veis \u00e0 fome e \u00e0 pobreza, que s\u00e3o as fam\u00edlias de trabalhadores rurais sem terra, presentes nos acampamentos e pr\u00e9-assentamento da reforma agr\u00e1ria.<\/p>\n<p style=\"text-align: justify;\"><a href=\"http:\/\/ne2.caritas.org.br.s174889.gridserver.com\/2014\/07\/29\/campanha-mundial-contra-fome-e-lancada-em-alagoas\/publico\/\" rel=\"attachment wp-att-1922\"><img decoding=\"async\" loading=\"lazy\" class=\"alignleft size-medium wp-image-1922\" title=\"P\u00fablico\" src=\"http:\/\/ne2.caritas.org.br.s174889.gridserver.com\/wp-content\/uploads\/2014\/07\/P\u00fablico-300x198.jpg\" alt=\"\" width=\"300\" height=\"198\" \/><\/a>O evento de lan\u00e7amento contou com a presen\u00e7a de um p\u00fablico bastante diversificado. Entre eles, representantes das tr\u00eas C\u00e1ritas da prov\u00edncia de Alagoas, al\u00e9m das representa\u00e7\u00f5es da sociedade civil, do poder p\u00fablico, militantes, religiosos, pastorais, movimentos sociais e da igreja, agricultores\/as, ind\u00edgenas, entre outros atores.<\/p>\n<p style=\"text-align: justify;\">De acordo com Maria Mafra, articuladora da C\u00e1ritas Regional Nordeste 2 e uma das organizadoras do evento, \u201c\u00e9 not\u00e1vel que a fome ainda \u00e9 um tema caro \u00e0 exist\u00eancia humana, desde o produzir ao consumir, da fartura \u00e0 car\u00eancia. A partilha do p\u00e3o se faz necess\u00e1ria e urgente\u201d.<\/p>\n<p style=\"text-align: justify;\">Ainda segundo Maria Mafra, os temas apresentados pelos convidados da mesa conduziram os participantes do evento, a um caloroso debate. Ela refor\u00e7a a ideia que \u201ca alimenta\u00e7\u00e3o \u00e9 um direito, n\u00e3o \u00e9 favor, muito menos esmola. E as mudan\u00e7as ir\u00e3o acontecendo a partir desta compreens\u00e3o, pensar solidariamente e politicamente. Promover a\u00e7\u00f5es coletivas que culminem em feitos concretos, por dignidade da pessoa humana e justi\u00e7a social\u201d.<\/p>\n<p style=\"text-align: justify;\"><em>Por Jos\u00e9 Mois\u00e9s de Oliveira, comunicador da C\u00e1ritas Diocesana de Palmeira dos \u00cdndios e Maria Mafra, articuladora da C\u00e1ritas Brasileira NE2 em Alagoas.<\/em><\/p>\n<p>&nbsp;<\/p>\n<ul class=\"ssb_list_wrapper\"><li class=\"fb2\" style=\"width:135px\"><iframe src=\"\/\/www.facebook.com\/plugins\/like.php?href=https%3A%2F%2Fwww.caritasne2.org.br%2Fsite%2Fcampanha-mundial-contra-fome-e-lancada-em-alagoas%2F&amp;layout=button_count&amp;action=like&amp;show_faces=false&amp;share=true&amp;width=135&amp;height=21&amp;appId=307091639398582\" scrolling=\"no\" frameborder=\"0\" style=\"border:none; overflow:hidden;  width:150px; height:21px;\" allowTransparency=\"true\"><\/iframe><\/li><li class=\"twtr\" style=\"width:90px\"><a href=\"https:\/\/twitter.com\/share\" class=\"twitter-share-button\" data-url=\"https:\/\/www.caritasne2.org.br\/site\/campanha-mundial-contra-fome-e-lancada-em-alagoas\/\">&nbsp;<\/a><script>!function(d,s,id){var js,fjs=d.getElementsByTagName(s)[0],p=\/^http:\/.test(d.location)?'http':'https';if(!d.getElementById(id)){js=d.createElement(s);js.id=id;js.src=p+':\/\/platform.twitter.com\/widgets.js';fjs.parentNode.insertBefore(js,fjs);}}(document, 'script', 'twitter-wjs');<\/script><\/li><li class=\"gplus\" style=\"width:68px\"><div class=\"g-plusone\" data-size=\"medium\" data-href=\"https:\/\/www.caritasne2.org.br\/site\/campanha-mundial-contra-fome-e-lancada-em-alagoas\/\"><\/div><\/li><li class=\"ssb_linkedin\" style=\"width:64px\"><script src=\"\/\/platform.linkedin.com\/in.js\" type=\"text\/javascript\">lang: en_US<\/script><script type=\"IN\/Share\" data-url=\"https:\/\/www.caritasne2.org.br\/site\/campanha-mundial-contra-fome-e-lancada-em-alagoas\/\" data-counter=\"right\"><\/script><\/li><\/ul>","protected":false},"excerpt":{"rendered":"<p>A C\u00e1ritas Diocesana e a Diocese de Palmeira dos \u00cdndios promoveram, o lan\u00e7amento da Campanha Mundial \u201cUma fam\u00edlia humana, p\u00e3o e justi\u00e7a para todas as pessoas\u201d. O evento aconteceu no dia 12 de julho, e reuniu cerca de 90 pessoas no audit\u00f3rio do Centro de Treinamento e Pastoral Diocesano PIO XII, no munic\u00edpio de Palmeira dos \u00cdndios, em Alagoas. A Campanha \u00e9 uma iniciativa da [&hellip;]<\/p>\n<ul class=\"ssb_list_wrapper\"><li class=\"fb2\" style=\"width:135px\"><iframe src=\"\/\/www.facebook.com\/plugins\/like.php?href=https%3A%2F%2Fwww.caritasne2.org.br%2Fsite%2Fcampanha-mundial-contra-fome-e-lancada-em-alagoas%2F&amp;layout=button_count&amp;action=like&amp;show_faces=false&amp;share=true&amp;width=135&amp;height=21&amp;appId=307091639398582\" scrolling=\"no\" frameborder=\"0\" style=\"border:none; overflow:hidden;  width:150px; height:21px;\" allowTransparency=\"true\"><\/iframe><\/li><li class=\"twtr\" style=\"width:90px\"><a href=\"https:\/\/twitter.com\/share\" class=\"twitter-share-button\" data-url=\"https:\/\/www.caritasne2.org.br\/site\/campanha-mundial-contra-fome-e-lancada-em-alagoas\/\">&nbsp;<\/a><script>!function(d,s,id){var js,fjs=d.getElementsByTagName(s)[0],p=\/^http:\/.test(d.location)?'http':'https';if(!d.getElementById(id)){js=d.createElement(s);js.id=id;js.src=p+':\/\/platform.twitter.com\/widgets.js';fjs.parentNode.insertBefore(js,fjs);}}(document, 'script', 'twitter-wjs');<\/script><\/li><li class=\"gplus\" style=\"width:68px\"><div class=\"g-plusone\" data-size=\"medium\" data-href=\"https:\/\/www.caritasne2.org.br\/site\/campanha-mundial-contra-fome-e-lancada-em-alagoas\/\"><\/div><\/li><li class=\"ssb_linkedin\" style=\"width:64px\"><script src=\"\/\/platform.linkedin.com\/in.js\" type=\"text\/javascript\">lang: en_US<\/script><script type=\"IN\/Share\" data-url=\"https:\/\/www.caritasne2.org.br\/site\/campanha-mundial-contra-fome-e-lancada-em-alagoas\/\" data-counter=\"right\"><\/script><\/li><\/ul>","protected":false},"author":4,"featured_media":1919,"comment_status":"open","ping_status":"open","sticky":false,"template":"","format":"standard","meta":[],"categories":[417,20],"tags":[309,67,433],"_links":{"self":[{"href":"https:\/\/www.caritasne2.org.br\/site\/wp-json\/wp\/v2\/posts\/1918"}],"collection":[{"href":"https:\/\/www.caritasne2.org.br\/site\/wp-json\/wp\/v2\/posts"}],"about":[{"href":"https:\/\/www.caritasne2.org.br\/site\/wp-json\/wp\/v2\/types\/post"}],"author":[{"embeddable":true,"href":"https:\/\/www.caritasne2.org.br\/site\/wp-json\/wp\/v2\/users\/4"}],"replies":[{"embeddable":true,"href":"https:\/\/www.caritasne2.org.br\/site\/wp-json\/wp\/v2\/comments?post=1918"}],"version-history":[{"count":0,"href":"https:\/\/www.caritasne2.org.br\/site\/wp-json\/wp\/v2\/posts\/1918\/revisions"}],"wp:featuredmedia":[{"embeddable":true,"href":"https:\/\/www.caritasne2.org.br\/site\/wp-json\/"}],"wp:attachment":[{"href":"https:\/\/www.caritasne2.org.br\/site\/wp-json\/wp\/v2\/media?parent=1918"}],"wp:term":[{"taxonomy":"category","embeddable":true,"href":"https:\/\/www.caritasne2.org.br\/site\/wp-json\/wp\/v2\/categories?post=1918"},{"taxonomy":"post_tag","embeddable":true,"href":"https:\/\/www.caritasne2.org.br\/site\/wp-json\/wp\/v2\/tags?post=1918"}],"curies":[{"name":"wp","href":"https:\/\/api.w.org\/{rel}","templated":true}]}}