{"id":1863,"date":"2014-07-03T13:11:03","date_gmt":"2014-07-03T16:11:03","guid":{"rendered":"http:\/\/ne2.caritas.org.br.s174889.gridserver.com\/?p=1863"},"modified":"2017-07-11T15:21:52","modified_gmt":"2017-07-11T18:21:52","slug":"aprovado-projeto-de-lei-avanca-novo-marco-regulatorio-para-oscs","status":"publish","type":"post","link":"https:\/\/www.caritasne2.org.br\/site\/aprovado-projeto-de-lei-avanca-novo-marco-regulatorio-para-oscs\/","title":{"rendered":"Aprovado projeto de lei que avan\u00e7a no novo Marco Regulat\u00f3rio para as OSCs"},"content":{"rendered":"<p style=\"text-align: justify;\">A C\u00e2mara dos Deputados aprovou nesta quarta-feira (2) o Projeto de Lei 7168\/14, do Senado, que estabelece novas normas para parcerias volunt\u00e1rias da Uni\u00e3o, dos estados, do Distrito Federal e dos munic\u00edpios com Organiza\u00e7\u00f5es da Sociedade Civil (OSCs), garantindo maior seguran\u00e7a jur\u00eddica para as partes envolvidas. A mat\u00e9ria ser\u00e1 enviada pra san\u00e7\u00e3o da presidenta Dilma Rousseff, <a href=\"https:\/\/observatoriosc.wordpress.com\/2014\/05\/23\/483\/\" target=\"_blank\">que j\u00e1 manifestou apoio ao projeto<\/a>.<\/p>\n<p style=\"text-align: justify;\">A nova lei vai oferecer \u00e0 sociedade regras claras para as parcerias que envolvam ou n\u00e3o transfer\u00eancia de recursos financeiros. Entre as inova\u00e7\u00f5es previstas na nova lei, est\u00e1 a cria\u00e7\u00e3o de instrumentos jur\u00eddicos espec\u00edficos para as parcerias, a exig\u00eancia de qualifica\u00e7\u00e3o das organiza\u00e7\u00f5es, a desburocratiza\u00e7\u00e3o dos or\u00e7amentos e a maior seguran\u00e7a jur\u00eddica na presta\u00e7\u00e3o de contas.<\/p>\n<p style=\"text-align: justify;\">O texto \u00e9 resultado de in\u00fameras rodadas de consultas e debates p\u00fablicos com a participa\u00e7\u00e3o de representantes das OSCs e da <a href=\"http:\/\/plataformaosc.org.br\/\" target=\"_blank\">Plataforma por um Novo Marco Regulat\u00f3rio para as Organiza\u00e7\u00f5es da Sociedade Civil<\/a>, alian\u00e7a que re\u00fane milhares de organiza\u00e7\u00f5es que lutam h\u00e1 mais de dez anos pelo avan\u00e7o da legisla\u00e7\u00e3o que envolve as OSCs.<\/p>\n<p style=\"text-align: justify;\">Fonte: http:\/\/plataformaosc.org.br\/<\/p>\n<ul class=\"ssb_list_wrapper\"><li class=\"fb2\" style=\"width:135px\"><iframe src=\"\/\/www.facebook.com\/plugins\/like.php?href=https%3A%2F%2Fwww.caritasne2.org.br%2Fsite%2Faprovado-projeto-de-lei-avanca-novo-marco-regulatorio-para-oscs%2F&amp;layout=button_count&amp;action=like&amp;show_faces=false&amp;share=true&amp;width=135&amp;height=21&amp;appId=307091639398582\" scrolling=\"no\" frameborder=\"0\" style=\"border:none; overflow:hidden;  width:150px; height:21px;\" allowTransparency=\"true\"><\/iframe><\/li><li class=\"twtr\" style=\"width:90px\"><a href=\"https:\/\/twitter.com\/share\" class=\"twitter-share-button\" data-url=\"https:\/\/www.caritasne2.org.br\/site\/aprovado-projeto-de-lei-avanca-novo-marco-regulatorio-para-oscs\/\">&nbsp;<\/a><script>!function(d,s,id){var js,fjs=d.getElementsByTagName(s)[0],p=\/^http:\/.test(d.location)?'http':'https';if(!d.getElementById(id)){js=d.createElement(s);js.id=id;js.src=p+':\/\/platform.twitter.com\/widgets.js';fjs.parentNode.insertBefore(js,fjs);}}(document, 'script', 'twitter-wjs');<\/script><\/li><li class=\"gplus\" style=\"width:68px\"><div class=\"g-plusone\" data-size=\"medium\" data-href=\"https:\/\/www.caritasne2.org.br\/site\/aprovado-projeto-de-lei-avanca-novo-marco-regulatorio-para-oscs\/\"><\/div><\/li><li class=\"ssb_linkedin\" style=\"width:64px\"><script src=\"\/\/platform.linkedin.com\/in.js\" type=\"text\/javascript\">lang: en_US<\/script><script type=\"IN\/Share\" data-url=\"https:\/\/www.caritasne2.org.br\/site\/aprovado-projeto-de-lei-avanca-novo-marco-regulatorio-para-oscs\/\" data-counter=\"right\"><\/script><\/li><\/ul>","protected":false},"excerpt":{"rendered":"<p>A C\u00e2mara dos Deputados aprovou nesta quarta-feira (2) o Projeto de Lei 7168\/14, do Senado, que estabelece novas normas para parcerias volunt\u00e1rias da Uni\u00e3o, dos estados, do Distrito Federal e dos munic\u00edpios com Organiza\u00e7\u00f5es da Sociedade Civil (OSCs), garantindo maior seguran\u00e7a jur\u00eddica para as partes envolvidas. A mat\u00e9ria ser\u00e1 enviada pra san\u00e7\u00e3o da presidenta Dilma Rousseff, que j\u00e1 manifestou apoio ao projeto. A nova lei [&hellip;]<\/p>\n<ul class=\"ssb_list_wrapper\"><li class=\"fb2\" style=\"width:135px\"><iframe src=\"\/\/www.facebook.com\/plugins\/like.php?href=https%3A%2F%2Fwww.caritasne2.org.br%2Fsite%2Faprovado-projeto-de-lei-avanca-novo-marco-regulatorio-para-oscs%2F&amp;layout=button_count&amp;action=like&amp;show_faces=false&amp;share=true&amp;width=135&amp;height=21&amp;appId=307091639398582\" scrolling=\"no\" frameborder=\"0\" style=\"border:none; overflow:hidden;  width:150px; height:21px;\" allowTransparency=\"true\"><\/iframe><\/li><li class=\"twtr\" style=\"width:90px\"><a href=\"https:\/\/twitter.com\/share\" class=\"twitter-share-button\" data-url=\"https:\/\/www.caritasne2.org.br\/site\/aprovado-projeto-de-lei-avanca-novo-marco-regulatorio-para-oscs\/\">&nbsp;<\/a><script>!function(d,s,id){var js,fjs=d.getElementsByTagName(s)[0],p=\/^http:\/.test(d.location)?'http':'https';if(!d.getElementById(id)){js=d.createElement(s);js.id=id;js.src=p+':\/\/platform.twitter.com\/widgets.js';fjs.parentNode.insertBefore(js,fjs);}}(document, 'script', 'twitter-wjs');<\/script><\/li><li class=\"gplus\" style=\"width:68px\"><div class=\"g-plusone\" data-size=\"medium\" data-href=\"https:\/\/www.caritasne2.org.br\/site\/aprovado-projeto-de-lei-avanca-novo-marco-regulatorio-para-oscs\/\"><\/div><\/li><li class=\"ssb_linkedin\" style=\"width:64px\"><script src=\"\/\/platform.linkedin.com\/in.js\" type=\"text\/javascript\">lang: en_US<\/script><script type=\"IN\/Share\" data-url=\"https:\/\/www.caritasne2.org.br\/site\/aprovado-projeto-de-lei-avanca-novo-marco-regulatorio-para-oscs\/\" data-counter=\"right\"><\/script><\/li><\/ul>","protected":false},"author":4,"featured_media":1864,"comment_status":"open","ping_status":"open","sticky":false,"template":"","format":"standard","meta":[],"categories":[20],"tags":[67,427],"_links":{"self":[{"href":"https:\/\/www.caritasne2.org.br\/site\/wp-json\/wp\/v2\/posts\/1863"}],"collection":[{"href":"https:\/\/www.caritasne2.org.br\/site\/wp-json\/wp\/v2\/posts"}],"about":[{"href":"https:\/\/www.caritasne2.org.br\/site\/wp-json\/wp\/v2\/types\/post"}],"author":[{"embeddable":true,"href":"https:\/\/www.caritasne2.org.br\/site\/wp-json\/wp\/v2\/users\/4"}],"replies":[{"embeddable":true,"href":"https:\/\/www.caritasne2.org.br\/site\/wp-json\/wp\/v2\/comments?post=1863"}],"version-history":[{"count":0,"href":"https:\/\/www.caritasne2.org.br\/site\/wp-json\/wp\/v2\/posts\/1863\/revisions"}],"wp:featuredmedia":[{"embeddable":true,"href":"https:\/\/www.caritasne2.org.br\/site\/wp-json\/"}],"wp:attachment":[{"href":"https:\/\/www.caritasne2.org.br\/site\/wp-json\/wp\/v2\/media?parent=1863"}],"wp:term":[{"taxonomy":"category","embeddable":true,"href":"https:\/\/www.caritasne2.org.br\/site\/wp-json\/wp\/v2\/categories?post=1863"},{"taxonomy":"post_tag","embeddable":true,"href":"https:\/\/www.caritasne2.org.br\/site\/wp-json\/wp\/v2\/tags?post=1863"}],"curies":[{"name":"wp","href":"https:\/\/api.w.org\/{rel}","templated":true}]}}