{"id":1855,"date":"2014-07-03T11:49:29","date_gmt":"2014-07-03T14:49:29","guid":{"rendered":"http:\/\/ne2.caritas.org.br.s174889.gridserver.com\/?p=1855"},"modified":"2017-07-11T15:21:52","modified_gmt":"2017-07-11T18:21:52","slug":"grupos-de-mulheres-acompanhados-pela-caritas-diocesana-de-pesqueira-participam-da-xv-feneart","status":"publish","type":"post","link":"https:\/\/www.caritasne2.org.br\/site\/grupos-de-mulheres-acompanhados-pela-caritas-diocesana-de-pesqueira-participam-da-xv-feneart\/","title":{"rendered":"Grupos de mulheres acompanhados pela C\u00e1ritas Diocesana de Pesqueira participam da XV Feneart"},"content":{"rendered":"<p style=\"text-align: center;\"><em>Rendas, bolos, biscoitos e doces das mulheres agricultoras de Pesqueira \u00e9 destaque na feira de artesanato<\/em><\/p>\n<p>&nbsp;<\/p>\n<p style=\"text-align: right;\">\u00a0<span style=\"text-align: right;\">por N\u00facleo de Comunica\u00e7\u00e3o C\u00e1ritas Diocesana de Pesqueira<\/span><\/p>\n<p style=\"text-align: justify;\">\u00a0<span style=\"text-align: justify;\">Na \u00faltima quarta-feira (02) come\u00e7ou a 15\u00ba Feira Nacional de Neg\u00f3cios do Artesanato (Fenearte) no Centro de Conven\u00e7\u00f5es de Pernambuco, Olinda que ir\u00e1 at\u00e9 o pr\u00f3ximo dia 12. O evento que teve um investimento de aproximadamente R$ 5 milh\u00f5es pretende movimentar mais de R$ 40 milh\u00f5es com um p\u00fablico em m\u00e9dia de 320 mil pessoas. A feira que comemora 15 anos far\u00e1 homenagem aos mamulengos com o tema A Arte da Alegria.<\/span><\/p>\n<p style=\"text-align: justify;\">E neste ano, a C\u00e1ritas Diocesana de Pesqueira ir\u00e1 representada pelos seus grupos de mulheres. O evento t\u00eam cinco mil expositores e entre eles est\u00e3o os grupos acompanhados pela C\u00e1ritas, s\u00e3o eles, a Associa\u00e7\u00e3o Mista de Moradores e Produtores Rurais do Distrito de Salobro (Pesqueira- PE) primeiro ano que participa da feira, a Associa\u00e7\u00e3o da Agricultura e Renda Familiar do Novo Cajueiro (Pesqueira- PE) em seu quarto ano consecutivo, o Grupo de Mulheres de Serrinha Artesanato (Bu\u00edque &#8211; PE) primeira vez na Fenearte e a C\u00e1ritas Paroquial Cruzeiro de Po\u00e7\u00e3o, com as Mulheres de Renda que j\u00e1 s\u00e3o veteranas na feira e seguem no sexto ano participativo.<\/p>\n<p style=\"text-align: justify;\"><a href=\"http:\/\/ne2.caritas.org.br.s174889.gridserver.com\/2014\/07\/03\/grupos-de-mulheres-acompanhados-pela-caritas-diocesana-de-pesqueira-participam-da-xv-feneart\/26-2\/\" rel=\"attachment wp-att-1858\"><img decoding=\"async\" loading=\"lazy\" class=\"alignleft size-medium wp-image-1858\" title=\"26\" src=\"http:\/\/ne2.caritas.org.br.s174889.gridserver.com\/wp-content\/uploads\/2014\/07\/261-224x300.jpg\" alt=\"\" width=\"224\" height=\"300\" \/><\/a>Cada grupo ir\u00e1 levar seus produtos para a comercializa\u00e7\u00e3o, entre eles, doces de leite &#8211; granulado, pastoso e em barra,\u00a0cocadas de Leite, bolachas de leite, doces de mam\u00e3o, bolos de rolo, doces de banana em barra, doces de leite em barra, nego bom, sequilhos, bolos bacia e entre outros. Tamb\u00e9m produtos de renda e renascen\u00e7a, vestidos, blusas, boleros e diversos, fora isto, pe\u00e7as de cama, mesa e banho, almofadas, cortinas, jogo de banheiro, toalhas de banho e rosto, colchas, len\u00e7\u00f3is, fronhas, tapetes e toalhas de mesa.<\/p>\n<p style=\"text-align: justify;\">Alguns dos grupos das mulheres s\u00e3o a primeira vez que participam da feira, e outros j\u00e1 s\u00e3o veteranos, por\u00e9m, a expectativa nesta 15\u00aa Fenearte \u00e9 igualit\u00e1ria entre eles, pois a pretens\u00e3o \u00e9 o alcance total das vendas dos seus produtos para um bom resultado lucrativo.<\/p>\n<p style=\"text-align: justify;\">Fora os cinco mil expositores do Brasil, a feira tamb\u00e9m conta com a presen\u00e7a de comerciantes de 40 outros pa\u00edses.<\/p>\n<p style=\"text-align: justify;\"><strong>Servi\u00e7o<\/strong><\/p>\n<p style=\"text-align: justify;\">De 02 a 12 de julho<\/p>\n<p style=\"text-align: justify;\">Centro de Conven\u00e7\u00f5es de Pernambuco, Olinda &#8211; PE<\/p>\n<p style=\"text-align: justify;\">Das 14h \u00e0s 22h: de segunda-feira a quinta-feira<\/p>\n<p style=\"text-align: justify;\">Das 10h \u00e0s 22h: de sexta-feira a domingo<\/p>\n<p style=\"text-align: justify;\">De segunda-feira a quinta-feira: R$ 10 (inteira) R$ 5<\/p>\n<p style=\"text-align: justify;\">De sexta-feira a domingo: R$ 12 (inteira) R$ 6<\/p>\n<p style=\"text-align: justify;\">Meia-entrada para estudantes, crian\u00e7as at\u00e9 12 anos, professores e pessoas com mais de 60 anos<\/p>\n<ul class=\"ssb_list_wrapper\"><li class=\"fb2\" style=\"width:135px\"><iframe src=\"\/\/www.facebook.com\/plugins\/like.php?href=https%3A%2F%2Fwww.caritasne2.org.br%2Fsite%2Fgrupos-de-mulheres-acompanhados-pela-caritas-diocesana-de-pesqueira-participam-da-xv-feneart%2F&amp;layout=button_count&amp;action=like&amp;show_faces=false&amp;share=true&amp;width=135&amp;height=21&amp;appId=307091639398582\" scrolling=\"no\" frameborder=\"0\" style=\"border:none; overflow:hidden;  width:150px; height:21px;\" allowTransparency=\"true\"><\/iframe><\/li><li class=\"twtr\" style=\"width:90px\"><a href=\"https:\/\/twitter.com\/share\" class=\"twitter-share-button\" data-url=\"https:\/\/www.caritasne2.org.br\/site\/grupos-de-mulheres-acompanhados-pela-caritas-diocesana-de-pesqueira-participam-da-xv-feneart\/\">&nbsp;<\/a><script>!function(d,s,id){var js,fjs=d.getElementsByTagName(s)[0],p=\/^http:\/.test(d.location)?'http':'https';if(!d.getElementById(id)){js=d.createElement(s);js.id=id;js.src=p+':\/\/platform.twitter.com\/widgets.js';fjs.parentNode.insertBefore(js,fjs);}}(document, 'script', 'twitter-wjs');<\/script><\/li><li class=\"gplus\" style=\"width:68px\"><div class=\"g-plusone\" data-size=\"medium\" data-href=\"https:\/\/www.caritasne2.org.br\/site\/grupos-de-mulheres-acompanhados-pela-caritas-diocesana-de-pesqueira-participam-da-xv-feneart\/\"><\/div><\/li><li class=\"ssb_linkedin\" style=\"width:64px\"><script src=\"\/\/platform.linkedin.com\/in.js\" type=\"text\/javascript\">lang: en_US<\/script><script type=\"IN\/Share\" data-url=\"https:\/\/www.caritasne2.org.br\/site\/grupos-de-mulheres-acompanhados-pela-caritas-diocesana-de-pesqueira-participam-da-xv-feneart\/\" data-counter=\"right\"><\/script><\/li><\/ul>","protected":false},"excerpt":{"rendered":"<p>Rendas, bolos, biscoitos e doces das mulheres agricultoras de Pesqueira \u00e9 destaque na feira de artesanato &nbsp; \u00a0por N\u00facleo de Comunica\u00e7\u00e3o C\u00e1ritas Diocesana de Pesqueira \u00a0Na \u00faltima quarta-feira (02) come\u00e7ou a 15\u00ba Feira Nacional de Neg\u00f3cios do Artesanato (Fenearte) no Centro de Conven\u00e7\u00f5es de Pernambuco, Olinda que ir\u00e1 at\u00e9 o pr\u00f3ximo dia 12. O evento que teve um investimento de aproximadamente R$ 5 milh\u00f5es pretende [&hellip;]<\/p>\n<ul class=\"ssb_list_wrapper\"><li class=\"fb2\" style=\"width:135px\"><iframe src=\"\/\/www.facebook.com\/plugins\/like.php?href=https%3A%2F%2Fwww.caritasne2.org.br%2Fsite%2Fgrupos-de-mulheres-acompanhados-pela-caritas-diocesana-de-pesqueira-participam-da-xv-feneart%2F&amp;layout=button_count&amp;action=like&amp;show_faces=false&amp;share=true&amp;width=135&amp;height=21&amp;appId=307091639398582\" scrolling=\"no\" frameborder=\"0\" style=\"border:none; overflow:hidden;  width:150px; height:21px;\" allowTransparency=\"true\"><\/iframe><\/li><li class=\"twtr\" style=\"width:90px\"><a href=\"https:\/\/twitter.com\/share\" class=\"twitter-share-button\" data-url=\"https:\/\/www.caritasne2.org.br\/site\/grupos-de-mulheres-acompanhados-pela-caritas-diocesana-de-pesqueira-participam-da-xv-feneart\/\">&nbsp;<\/a><script>!function(d,s,id){var js,fjs=d.getElementsByTagName(s)[0],p=\/^http:\/.test(d.location)?'http':'https';if(!d.getElementById(id)){js=d.createElement(s);js.id=id;js.src=p+':\/\/platform.twitter.com\/widgets.js';fjs.parentNode.insertBefore(js,fjs);}}(document, 'script', 'twitter-wjs');<\/script><\/li><li class=\"gplus\" style=\"width:68px\"><div class=\"g-plusone\" data-size=\"medium\" data-href=\"https:\/\/www.caritasne2.org.br\/site\/grupos-de-mulheres-acompanhados-pela-caritas-diocesana-de-pesqueira-participam-da-xv-feneart\/\"><\/div><\/li><li class=\"ssb_linkedin\" style=\"width:64px\"><script src=\"\/\/platform.linkedin.com\/in.js\" type=\"text\/javascript\">lang: en_US<\/script><script type=\"IN\/Share\" data-url=\"https:\/\/www.caritasne2.org.br\/site\/grupos-de-mulheres-acompanhados-pela-caritas-diocesana-de-pesqueira-participam-da-xv-feneart\/\" data-counter=\"right\"><\/script><\/li><\/ul>","protected":false},"author":4,"featured_media":1856,"comment_status":"open","ping_status":"open","sticky":false,"template":"","format":"standard","meta":[],"categories":[424,20],"tags":[183,67,425,426],"_links":{"self":[{"href":"https:\/\/www.caritasne2.org.br\/site\/wp-json\/wp\/v2\/posts\/1855"}],"collection":[{"href":"https:\/\/www.caritasne2.org.br\/site\/wp-json\/wp\/v2\/posts"}],"about":[{"href":"https:\/\/www.caritasne2.org.br\/site\/wp-json\/wp\/v2\/types\/post"}],"author":[{"embeddable":true,"href":"https:\/\/www.caritasne2.org.br\/site\/wp-json\/wp\/v2\/users\/4"}],"replies":[{"embeddable":true,"href":"https:\/\/www.caritasne2.org.br\/site\/wp-json\/wp\/v2\/comments?post=1855"}],"version-history":[{"count":0,"href":"https:\/\/www.caritasne2.org.br\/site\/wp-json\/wp\/v2\/posts\/1855\/revisions"}],"wp:featuredmedia":[{"embeddable":true,"href":"https:\/\/www.caritasne2.org.br\/site\/wp-json\/"}],"wp:attachment":[{"href":"https:\/\/www.caritasne2.org.br\/site\/wp-json\/wp\/v2\/media?parent=1855"}],"wp:term":[{"taxonomy":"category","embeddable":true,"href":"https:\/\/www.caritasne2.org.br\/site\/wp-json\/wp\/v2\/categories?post=1855"},{"taxonomy":"post_tag","embeddable":true,"href":"https:\/\/www.caritasne2.org.br\/site\/wp-json\/wp\/v2\/tags?post=1855"}],"curies":[{"name":"wp","href":"https:\/\/api.w.org\/{rel}","templated":true}]}}