{"id":1839,"date":"2014-06-25T10:51:21","date_gmt":"2014-06-25T13:51:21","guid":{"rendered":"http:\/\/ne2.caritas.org.br.s174889.gridserver.com\/?p=1839"},"modified":"2017-07-11T15:21:52","modified_gmt":"2017-07-11T18:21:52","slug":"campanha-uma-familia-humana-pao-justica-para-todas-pessoas-e-lancada-durante-procissao-de-corpus-christi-em-pesqueira","status":"publish","type":"post","link":"https:\/\/www.caritasne2.org.br\/site\/campanha-uma-familia-humana-pao-justica-para-todas-pessoas-e-lancada-durante-procissao-de-corpus-christi-em-pesqueira\/","title":{"rendered":"Campanha \u201cUma Fam\u00edlia Humana, P\u00e3o e Justi\u00e7a para todas as Pessoas\u201d \u00e9 lan\u00e7ada durante  a prociss\u00e3o de Corpus  Christi em Pesqueira"},"content":{"rendered":"<p><span style=\"text-align: justify;\">A C\u00e1ritas Diocesana de Pesqueira lan\u00e7ou na \u00faltima quinta (19), dia de Corpus Christi, a Campanha \u201cUma Fam\u00edlia Humana, P\u00e3o e Justi\u00e7a para todas as Pessoas\u201d. Os preparativos tiveram in\u00edcio pela manh\u00e3 com a constru\u00e7\u00e3o do tradicional tapete.<\/span><\/p>\n<p style=\"text-align: justify;\">Os tapetes tradicionais em todo pa\u00eds, s\u00e3o confeccionados para a passagem da prociss\u00e3o com o Sant\u00edssimo Sacramento. Essa tradi\u00e7\u00e3o surgiu em Portugal e veio ao Brasil com os colonizadores, e os principais desenhos utilizados remetem ao tema Eucaristia.<\/p>\n<p style=\"text-align: justify;\">Em Pesqueira, a tradi\u00e7\u00e3o de confec\u00e7\u00e3o do tapete \u00e9 realizada h\u00e1 mais de duas d\u00e9cadas e na C\u00e1ritas Diocesana h\u00e1 sete anos. Aonde centenas de fi\u00e9is acordam cedo, levando materiais diversos entre eles: serragem, tintas coloridas e cal. O tema escolhido pela institui\u00e7\u00e3o, este ano, foi a logomarca da Campanha \u201cUma fam\u00edlia humana, p\u00e3o e justi\u00e7a para todas as pessoas\u201d, elaborada por toda a equipe C\u00e1ritas durante toda a manh\u00e3.<\/p>\n<p style=\"text-align: justify;\">\u201cH\u00e1 tr\u00eas anos eu risco a arte no asfalto para a confec\u00e7\u00e3o do tapete da C\u00e1ritas . \u00c9 uma emo\u00e7\u00e3o muito grande. O resultado \u00e9 sempre lindo , mas este ano, ficou mais bonitos que nos anteriores\u201d, declarou Heloiza Ara\u00fajo, t\u00e9cnica de campo.<\/p>\n<p style=\"text-align: justify;\">No per\u00edodo da tarde, na Matriz Cristo Rei foi celebrada a missa campal presidida pelo Bispo Diocesano Dom Jos\u00e9 Luiz que na celebra\u00e7\u00e3o ressaltou a import\u00e2ncia e o viver a Eucaristia em nosso dia a dia. Logo ap\u00f3s, os fi\u00e9is seguiram em prociss\u00e3o pelas principais ruas da cidade em dire\u00e7\u00e3o a Catedral de Santa \u00c1gueda. Durante o cortejo, foram realizadas duas paradas.<\/p>\n<p style=\"text-align: justify;\">A primeira, em frente \u00e0 Sede C\u00e1ritas, onde a Secret\u00e1ria Executiva, Neilda Pereira, lan\u00e7ou oficialmente a campanha que tem o prop\u00f3sito de sensibilizar e mobilizar a Igreja e sociedade diante \u00e0 realidade da fome e desigualdades vividas pelo mundo e inclusive no Brasil.<\/p>\n<p style=\"text-align: justify;\">\u201cA Caritas tem a marca da solidariedade no nome e em sua hist\u00f3ria. E \u00e9 nesse sentido que queremos promover essa campanha aqui em Pesqueira. \u00c9 uma realidade que n\u00e3o est\u00e1 distante de n\u00f3s. \u00c9 inadmiss\u00edvel que ainda tenha gente com fome por falta de partilha e amor ao pr\u00f3ximo. Ent\u00e3o, diante de Jesus Eucar\u00edstico, a C\u00e1aritas Diocesana vem apelar para cada um de n\u00f3s a viv\u00eancia do Evangelho, a propaga\u00e7\u00e3o do amor e que nenhum irm\u00e3o ou irm\u00e3 sofra por falta de algo para comer. Hoje, queremos ecoar este grito de alerta: p\u00e3o e justi\u00e7a para todas as pessoas. Que este grito chegue as par\u00f3quias, as associa\u00e7\u00f5es, aos nossos cora\u00e7\u00f5es\u201d, falou Neilda.<\/p>\n<p style=\"text-align: justify;\">A segunda parada em frente a Igreja M\u00e3e dos Homens, todos ouviram o testemunho do Sr. Geraldo de Souza, coordenador da Arca da Alian\u00e7a, que relatou seu trabalho de solidariedade junto aos mais pobres. \u00b4\u00b4Realizo distribui\u00e7\u00e3o de comida aos necessitados h\u00e1 mais de dez anos. Al\u00e9m do alimento material, que muitas vezes \u00e9 incerto, procuramos servir o alimento para a alma tamb\u00e9m. A palavra de Deus faz parte do nosso card\u00e1pio di\u00e1rio, e \u00e9 ela que nos d\u00e1 for\u00e7a e coragem para continuarmos na miss\u00e3o\u201d, afirmou emocionado Sr Geraldo.<\/p>\n<p style=\"text-align: justify;\">Por fim a prociss\u00e3o seguiu at\u00e9 a Catedral, onde o Bispo concluiu a celebra\u00e7\u00e3o Eucar\u00edstica com a B\u00ean\u00e7\u00e3o do Sant\u00edssimo Sacramento.<\/p>\n<p style=\"text-align: justify;\">\u201cDiante de tanto sofrimento, de tanta mis\u00e9ria, de tanta fome no mundo, o Papa Francisco desafiou a rede C\u00e1ritas para promover em todo o mundo a campanha de erradica\u00e7\u00e3o da fome e desigualdades sociais. E aqui em Pesqueira a Diocese tamb\u00e9m abra\u00e7ou a ideia, vamos come\u00e7ar a partir de hoje, no dia a dia, em nossa casa, em nossa comunidade , com um gesto simples como n\u00e3o desperdi\u00e7ando alimentos durante as refei\u00e7\u00f5es \u201d, finalizou o bispo.<\/p>\n<p style=\"text-align: justify;\"><a href=\"http:\/\/ne2.caritas.org.br.s174889.gridserver.com\/2014\/06\/25\/campanha-uma-familia-humana-pao-justica-para-todas-pessoas-e-lancada-durante-procissao-de-corpus-christi-em-pesqueira\/10390463_785338921497734_7795609362638418483_n\/\" rel=\"attachment wp-att-1841\"><img decoding=\"async\" loading=\"lazy\" class=\"aligncenter size-medium wp-image-1841\" title=\"10390463_785338921497734_7795609362638418483_n\" src=\"http:\/\/ne2.caritas.org.br.s174889.gridserver.com\/wp-content\/uploads\/2014\/06\/10390463_785338921497734_7795609362638418483_n-300x225.jpg\" alt=\"\" width=\"300\" height=\"225\" \/><\/a><\/p>\n<p style=\"text-align: justify;\">por N\u00facleo de Comunica\u00e7\u00e3o C\u00e1ritas Diocesana de Pesqueira<\/p>\n<p>&nbsp;<\/p>\n<p style=\"text-align: justify;\">\n<ul class=\"ssb_list_wrapper\"><li class=\"fb2\" style=\"width:135px\"><iframe src=\"\/\/www.facebook.com\/plugins\/like.php?href=https%3A%2F%2Fwww.caritasne2.org.br%2Fsite%2Fcampanha-uma-familia-humana-pao-justica-para-todas-pessoas-e-lancada-durante-procissao-de-corpus-christi-em-pesqueira%2F&amp;layout=button_count&amp;action=like&amp;show_faces=false&amp;share=true&amp;width=135&amp;height=21&amp;appId=307091639398582\" scrolling=\"no\" frameborder=\"0\" style=\"border:none; overflow:hidden;  width:150px; height:21px;\" allowTransparency=\"true\"><\/iframe><\/li><li class=\"twtr\" style=\"width:90px\"><a href=\"https:\/\/twitter.com\/share\" class=\"twitter-share-button\" data-url=\"https:\/\/www.caritasne2.org.br\/site\/campanha-uma-familia-humana-pao-justica-para-todas-pessoas-e-lancada-durante-procissao-de-corpus-christi-em-pesqueira\/\">&nbsp;<\/a><script>!function(d,s,id){var js,fjs=d.getElementsByTagName(s)[0],p=\/^http:\/.test(d.location)?'http':'https';if(!d.getElementById(id)){js=d.createElement(s);js.id=id;js.src=p+':\/\/platform.twitter.com\/widgets.js';fjs.parentNode.insertBefore(js,fjs);}}(document, 'script', 'twitter-wjs');<\/script><\/li><li class=\"gplus\" style=\"width:68px\"><div class=\"g-plusone\" data-size=\"medium\" data-href=\"https:\/\/www.caritasne2.org.br\/site\/campanha-uma-familia-humana-pao-justica-para-todas-pessoas-e-lancada-durante-procissao-de-corpus-christi-em-pesqueira\/\"><\/div><\/li><li class=\"ssb_linkedin\" style=\"width:64px\"><script src=\"\/\/platform.linkedin.com\/in.js\" type=\"text\/javascript\">lang: en_US<\/script><script type=\"IN\/Share\" data-url=\"https:\/\/www.caritasne2.org.br\/site\/campanha-uma-familia-humana-pao-justica-para-todas-pessoas-e-lancada-durante-procissao-de-corpus-christi-em-pesqueira\/\" data-counter=\"right\"><\/script><\/li><\/ul>","protected":false},"excerpt":{"rendered":"<p>A C\u00e1ritas Diocesana de Pesqueira lan\u00e7ou na \u00faltima quinta (19), dia de Corpus Christi, a Campanha \u201cUma Fam\u00edlia Humana, P\u00e3o e Justi\u00e7a para todas as Pessoas\u201d. Os preparativos tiveram in\u00edcio pela manh\u00e3 com a constru\u00e7\u00e3o do tradicional tapete. Os tapetes tradicionais em todo pa\u00eds, s\u00e3o confeccionados para a passagem da prociss\u00e3o com o Sant\u00edssimo Sacramento. Essa tradi\u00e7\u00e3o surgiu em Portugal e veio ao Brasil com [&hellip;]<\/p>\n<ul class=\"ssb_list_wrapper\"><li class=\"fb2\" style=\"width:135px\"><iframe src=\"\/\/www.facebook.com\/plugins\/like.php?href=https%3A%2F%2Fwww.caritasne2.org.br%2Fsite%2Fcampanha-uma-familia-humana-pao-justica-para-todas-pessoas-e-lancada-durante-procissao-de-corpus-christi-em-pesqueira%2F&amp;layout=button_count&amp;action=like&amp;show_faces=false&amp;share=true&amp;width=135&amp;height=21&amp;appId=307091639398582\" scrolling=\"no\" frameborder=\"0\" style=\"border:none; overflow:hidden;  width:150px; height:21px;\" allowTransparency=\"true\"><\/iframe><\/li><li class=\"twtr\" style=\"width:90px\"><a href=\"https:\/\/twitter.com\/share\" class=\"twitter-share-button\" data-url=\"https:\/\/www.caritasne2.org.br\/site\/campanha-uma-familia-humana-pao-justica-para-todas-pessoas-e-lancada-durante-procissao-de-corpus-christi-em-pesqueira\/\">&nbsp;<\/a><script>!function(d,s,id){var js,fjs=d.getElementsByTagName(s)[0],p=\/^http:\/.test(d.location)?'http':'https';if(!d.getElementById(id)){js=d.createElement(s);js.id=id;js.src=p+':\/\/platform.twitter.com\/widgets.js';fjs.parentNode.insertBefore(js,fjs);}}(document, 'script', 'twitter-wjs');<\/script><\/li><li class=\"gplus\" style=\"width:68px\"><div class=\"g-plusone\" data-size=\"medium\" data-href=\"https:\/\/www.caritasne2.org.br\/site\/campanha-uma-familia-humana-pao-justica-para-todas-pessoas-e-lancada-durante-procissao-de-corpus-christi-em-pesqueira\/\"><\/div><\/li><li class=\"ssb_linkedin\" style=\"width:64px\"><script src=\"\/\/platform.linkedin.com\/in.js\" type=\"text\/javascript\">lang: en_US<\/script><script type=\"IN\/Share\" data-url=\"https:\/\/www.caritasne2.org.br\/site\/campanha-uma-familia-humana-pao-justica-para-todas-pessoas-e-lancada-durante-procissao-de-corpus-christi-em-pesqueira\/\" data-counter=\"right\"><\/script><\/li><\/ul>","protected":false},"author":4,"featured_media":1840,"comment_status":"open","ping_status":"open","sticky":false,"template":"","format":"standard","meta":[],"categories":[417,20],"tags":[419,268,67],"_links":{"self":[{"href":"https:\/\/www.caritasne2.org.br\/site\/wp-json\/wp\/v2\/posts\/1839"}],"collection":[{"href":"https:\/\/www.caritasne2.org.br\/site\/wp-json\/wp\/v2\/posts"}],"about":[{"href":"https:\/\/www.caritasne2.org.br\/site\/wp-json\/wp\/v2\/types\/post"}],"author":[{"embeddable":true,"href":"https:\/\/www.caritasne2.org.br\/site\/wp-json\/wp\/v2\/users\/4"}],"replies":[{"embeddable":true,"href":"https:\/\/www.caritasne2.org.br\/site\/wp-json\/wp\/v2\/comments?post=1839"}],"version-history":[{"count":0,"href":"https:\/\/www.caritasne2.org.br\/site\/wp-json\/wp\/v2\/posts\/1839\/revisions"}],"wp:featuredmedia":[{"embeddable":true,"href":"https:\/\/www.caritasne2.org.br\/site\/wp-json\/"}],"wp:attachment":[{"href":"https:\/\/www.caritasne2.org.br\/site\/wp-json\/wp\/v2\/media?parent=1839"}],"wp:term":[{"taxonomy":"category","embeddable":true,"href":"https:\/\/www.caritasne2.org.br\/site\/wp-json\/wp\/v2\/categories?post=1839"},{"taxonomy":"post_tag","embeddable":true,"href":"https:\/\/www.caritasne2.org.br\/site\/wp-json\/wp\/v2\/tags?post=1839"}],"curies":[{"name":"wp","href":"https:\/\/api.w.org\/{rel}","templated":true}]}}